{"id":277463,"date":"2025-07-27T13:33:12","date_gmt":"2025-07-27T13:33:12","guid":{"rendered":"https:\/\/www.europesays.com\/fr\/277463\/"},"modified":"2025-07-27T13:33:12","modified_gmt":"2025-07-27T13:33:12","slug":"final-du-tour-de-france-a-paris-risque-dorage-et-de-pluie-pour-le-passage-rue-lepic-et-sur-les-champs-elysees","status":"publish","type":"post","link":"https:\/\/www.europesays.com\/fr\/277463\/","title":{"rendered":"Final du Tour de France \u00e0 Paris\u00a0: risque d\u2019orage et de pluie pour le passage rue Lepic et sur les Champs-\u00c9lys\u00e9es"},"content":{"rendered":"<p class=\"paragraph text_align_left lp-f-body-02\">La situation s\u2019annonce compliqu\u00e9e pour les spectateurs, mais surtout pour les coureurs, sur la route du <a href=\"https:\/\/www.leparisien.fr\/sports\/cyclisme\/tour-de-france\/\" target=\"_blank\" rel=\"noreferrer nofollow noopener\">Tour de France<\/a> ce dimanche. Les conditions m\u00e9t\u00e9orologiques pourraient \u00eatre assez mauvaises m\u00eame si un sc\u00e9nario plus positif n\u2019est pas totalement exclu.<\/p>\n<p class=\"paragraph text_align_left lp-f-body-02\">Difficile d\u2019affirmer avec exactitude quel temps il fera au passage des champions cyclistes. Il s\u2019agit de raisonner en termes de probabilit\u00e9s. Et ce dimanche matin, le sc\u00e9nario majoritaire qui se d\u00e9gage est celui de pr\u00e9cipitations lors du passage de la course dans la capitale, sur les pentes de Montmartre, <a href=\"https:\/\/www.leparisien.fr\/paris-75\/une-pente-a-59-trois-ascensions-150-coureurs-la-rue-lepic-en-mode-tour-de-france-anatomie-dune-butte-26-07-2025-V322GHMKDFA7DCZQNREL3QQO2E.php\" target=\"_blank\" rel=\"noreferrer nofollow noopener\">rue Lepic<\/a> et sur les Champs-\u00c9lys\u00e9es.<\/p>\n<p class=\"paragraph text_align_left lp-f-body-02\">Apr\u00e8s de la bruine aux aurores, le ciel s\u2019est d\u00e9gag\u00e9 \u00e0 Paris dimanche. Mais la situation va se complexifier \u00e0 partir du d\u00e9but d\u2019apr\u00e8s-midi. \u00ab Les averses sont plus fr\u00e9quentes et prennent parfois un caract\u00e8re orageux \u00bb, pr\u00e9vient <a href=\"https:\/\/meteofrance.com\/\" target=\"_blank\" rel=\"noreferrer nofollow noopener\">M\u00e9t\u00e9o France<\/a>. L\u2019organisme m\u00e9t\u00e9orologique a en effet plac\u00e9 l\u2019\u00cele-de-France en <a href=\"https:\/\/vigilance.meteofrance.fr\/fr\" target=\"_blank\" rel=\"noreferrer nofollow noopener\">vigilance jaune<\/a> (niveau 2 sur 4) en raison des orages. Si elle se situe en marge de la zone la plus expos\u00e9e, qui concerne surtout la r\u00e9gion Grand Est et le nord de la Bourgogne, elle est n\u00e9anmoins sous surveillance.<\/p>\n<p><img decoding=\"async\" class=\"image \" loading=\"lazy\" src=\"https:\/\/www.europesays.com\/fr\/wp-content\/uploads\/2025\/07\/DNPP5H6NTZCKZJ4WIVSCWGWV4Q.JPG\" alt=\"\/M\u00e9t\u00e9o France\" align=\"\" data-rubrique-principale=\"\" data-article-type=\"\" fetchpriority=\"auto\"\/>\/M\u00e9t\u00e9o France<\/p>\n<p class=\"paragraph text_align_left lp-f-body-02\">Dans les r\u00e9gions en vigilance, <a href=\"https:\/\/www.keraunos.org\/previsions\/prevision-orage-tornade-france-convective-outlook.html\" target=\"_blank\" rel=\"noreferrer nofollow noopener\">Keraunos<\/a>, l\u2019observatoire fran\u00e7ais des tornades et orages violents, \u00e9voque des \u00ab orages, dispers\u00e9s et g\u00e9n\u00e9ralement brefs \u00bb. Ils \u00ab pourront localement \u00eatre actifs, avec fortes pluies, gr\u00eale et bourrasques proches de 70 km\/h \u00bb. Mais l\u00e0 aussi, la r\u00e9gion capitale se situerait en marge des ph\u00e9nom\u00e8nes les plus violents.<\/p>\n<p>La plage horaire 16 h &#8211; 19 h la plus expos\u00e9e<\/p>\n<p class=\"paragraph text_align_left lp-f-body-02\">Il en va de m\u00eame pour le risque de \u00ab ph\u00e9nom\u00e8ne tourbillonnaire \u00bb, c\u2019est-\u00e0-dire de tornade. Si un tel \u00e9v\u00e9nement survenait il devrait \u00eatre \u00ab faible \u00bb et ce sont la Bourgogne, la Champagne, la Lorraine et l\u2019Alsace qui seraient expos\u00e9es, l\u2019urbanisme parisien n\u2019\u00e9tant pas propice \u00e0 la formation de tornade.<\/p>\n<p class=\"title-embed-dailymotion lp-color-text lp-f-subtitle-04\">Vid\u00e9oTour de France : plus d\u2019un million de spectateurs au bord des routes samedi pour la 1re \u00e9tape<\/p>\n<p class=\"paragraph text_align_left lp-f-body-02\">Ce dimanche apr\u00e8s-midi et en fin de journ\u00e9e, la plage horaire la plus expos\u00e9e \u00e0 Paris s\u2019\u00e9tend de 16 heures \u00e0 19 heures environ, qu\u2019il s\u2019agisse de pluie ou d\u2019orage, comme le montrent ces animations fournies par <a href=\"https:\/\/actualite.lachainemeteo.com\/actualite-meteo\/2025-07-26\/meteo-de-votre-dimanche-degradation-rafraichissement-general-80022\" target=\"_blank\" rel=\"noreferrer nofollow noopener\">La Cha\u00eene M\u00e9t\u00e9o<\/a>. Les cumuls de pr\u00e9cipitations ne devraient pas \u00eatre trop importants, mais suffisants pour causer des soucis aux participants \u00e0 la course. Le m\u00e9dia sp\u00e9cialis\u00e9 consid\u00e8re que la probabilit\u00e9 de pluie va augmenter au fil des heures. Apr\u00e8s un risque nul jusqu\u2019au d\u00e9jeuner, il passe \u00e0 65 % dans l\u2019apr\u00e8s-midi puis \u00e0 85 % pour la fin de journ\u00e9e et la soir\u00e9e.<\/p>\n<p class=\"paragraph text_align_left lp-f-body-02\">Le d\u00e9part de la derni\u00e8re \u00e9tape du Tour sera donn\u00e9 \u00e0 16h25 de Mantes-la-Ville, dans les Yvelines. L\u2019arriv\u00e9e th\u00e9orique est pr\u00e9vue \u00e0 19h35. Les trois passages par Montmartre et ses pav\u00e9s doivent avoir lieu, l\u00e0 aussi en th\u00e9orie, \u00e0 partir de 18h30 et jusqu\u2019\u00e0 quelques minutes avant la fin de l\u2019\u00e9tape. Le peloton pourrait donc \u00eatre expos\u00e9 aux intemp\u00e9ries et \u00e0 un sol humide jusqu\u2019au bout.<\/p>\n<p class=\"paragraph text_align_left lp-f-body-02\">La plupart des mod\u00e8les m\u00e9t\u00e9orologiques convergent vers une quasi-certitude que la pluie sera de la partie au moment du passage du Tour. C\u2019est aussi bien le cas du fran\u00e7ais <a href=\"https:\/\/www.meteociel.fr\/modeles\/arome.php?ech=3&amp;mode=101&amp;map=0\" target=\"_blank\" rel=\"noreferrer nofollow noopener\">Arome<\/a>, que de l\u2019Am\u00e9ricain <a href=\"https:\/\/www.meteociel.fr\/modeles\/gfs\/precipitations\/3h.htm\" target=\"_blank\" rel=\"noreferrer nofollow noopener\">GFS<\/a> ou de l\u2019Allemand <a href=\"https:\/\/www.meteociel.fr\/modeles\/icon-eu.php?ech=3&amp;mode=1&amp;map=500\" target=\"_blank\" rel=\"noreferrer nofollow noopener\">Icon<\/a>, qui s\u2019est montr\u00e9 assez performant ces deniers jours malgr\u00e9 une situation atmosph\u00e9rique tr\u00e8s instable. Cependant, tous s\u2019accordent aussi pour confirmer que l\u2019\u00cele-de-France est en marge de la partie du pays qui va conna\u00eetre des intemp\u00e9ries, ce qui laisse un petit espoir que l\u2019impact des gouttes soit limit\u00e9 \u00e0 Paris.<\/p>\n<p><img decoding=\"async\" class=\"image \" loading=\"lazy\" src=\"https:\/\/www.europesays.com\/fr\/wp-content\/uploads\/2025\/07\/R4MWNQWY7BEKXOYUIT5AFT3Q2E.JPG\" alt=\"Mod\u00e8le Icon pour 18 heures ce dimanche 27 juillet 2025\/M\u00e9t\u00e9o France\" align=\"\" data-rubrique-principale=\"\" data-article-type=\"\" fetchpriority=\"auto\"\/>Mod\u00e8le Icon pour 18 heures ce dimanche 27 juillet 2025\/M\u00e9t\u00e9o France<\/p>\n<p class=\"paragraph text_align_left lp-f-body-02\">Dans tous les cas, le parcours de la derni\u00e8re \u00e9tape du Tour de France ne sera pas tronqu\u00e9. Mais en raison des dangers li\u00e9s aux pav\u00e9s et \u00e0 quelques virages \u00e9troits, les organisateurs se sont, de longue date, m\u00e9nag\u00e9 <a href=\"https:\/\/www.leparisien.fr\/sports\/cyclisme\/tour-de-france\/tour-de-france-que-se-passera-t-il-en-cas-de-pluie-dimanche-a-montmartre-26-07-2025-N2H27UHYHRFZ7COKN45WT6UIEY.php\" target=\"_blank\" rel=\"noreferrer nofollow noopener\">une porte de sortie<\/a>. \u00ab On a un protocole pour geler les temps. L\u2019\u00e9tape se d\u00e9roule, mais les temps sont gel\u00e9s \u00bb, a expliqu\u00e9 Thierry Gouvenou, directeur de course avant le d\u00e9part du Tour.<\/p>\n<p class=\"paragraph text_align_left lp-f-body-02\">Pour \u00f4ter de la pression aux coureurs, le chronom\u00e8tre pourrait ainsi \u00eatre fig\u00e9 \u00e0 n\u2019importe quel moment. En 2015, il avait \u00e9t\u00e9 arr\u00eat\u00e9 au premier passage sur les Champs-\u00c9lys\u00e9es.<\/p>\n","protected":false},"excerpt":{"rendered":"La situation s\u2019annonce compliqu\u00e9e pour les spectateurs, mais surtout pour les coureurs, sur la route du Tour de&hellip;\n","protected":false},"author":2,"featured_media":277464,"comment_status":"","ping_status":"","sticky":false,"template":"","format":"standard","meta":{"footnotes":""},"categories":[1888],"tags":[1111,1928,11,1927,1777,674,1011,27,2487,12,1926,626,1925,25,60],"class_list":{"0":"post-277463","1":"post","2":"type-post","3":"status-publish","4":"format-standard","5":"has-post-thumbnail","7":"category-paris","8":"tag-actu","9":"tag-actu-paris","10":"tag-actualites","11":"tag-actualites-paris","12":"tag-eu","13":"tag-europe","14":"tag-fr","15":"tag-france","16":"tag-meteo","17":"tag-news","18":"tag-news-paris","19":"tag-paris","20":"tag-paris-news","21":"tag-republique-francaise","22":"tag-sports"},"share_on_mastodon":{"url":"https:\/\/pubeurope.com\/@fr\/114925456971099685","error":""},"_links":{"self":[{"href":"https:\/\/www.europesays.com\/fr\/wp-json\/wp\/v2\/posts\/277463","targetHints":{"allow":["GET"]}}],"collection":[{"href":"https:\/\/www.europesays.com\/fr\/wp-json\/wp\/v2\/posts"}],"about":[{"href":"https:\/\/www.europesays.com\/fr\/wp-json\/wp\/v2\/types\/post"}],"author":[{"embeddable":true,"href":"https:\/\/www.europesays.com\/fr\/wp-json\/wp\/v2\/users\/2"}],"replies":[{"embeddable":true,"href":"https:\/\/www.europesays.com\/fr\/wp-json\/wp\/v2\/comments?post=277463"}],"version-history":[{"count":0,"href":"https:\/\/www.europesays.com\/fr\/wp-json\/wp\/v2\/posts\/277463\/revisions"}],"wp:featuredmedia":[{"embeddable":true,"href":"https:\/\/www.europesays.com\/fr\/wp-json\/wp\/v2\/media\/277464"}],"wp:attachment":[{"href":"https:\/\/www.europesays.com\/fr\/wp-json\/wp\/v2\/media?parent=277463"}],"wp:term":[{"taxonomy":"category","embeddable":true,"href":"https:\/\/www.europesays.com\/fr\/wp-json\/wp\/v2\/categories?post=277463"},{"taxonomy":"post_tag","embeddable":true,"href":"https:\/\/www.europesays.com\/fr\/wp-json\/wp\/v2\/tags?post=277463"}],"curies":[{"name":"wp","href":"https:\/\/api.w.org\/{rel}","templated":true}]}}