{"id":277469,"date":"2025-07-27T13:36:12","date_gmt":"2025-07-27T13:36:12","guid":{"rendered":"https:\/\/www.europesays.com\/fr\/277469\/"},"modified":"2025-07-27T13:36:12","modified_gmt":"2025-07-27T13:36:12","slug":"entrainement-au-tir-jeux-de-strategie-contre-la-russie-voici-la-nouvelle-version-militarisee-de-la-journee-defense-et-citoyennete-qui-entrera-en-vigueur-des-la-rentree","status":"publish","type":"post","link":"https:\/\/www.europesays.com\/fr\/277469\/","title":{"rendered":"Entra\u00eenement au tir, jeux de strat\u00e9gie contre la Russie&#8230;\u00a0: voici la nouvelle version \u00ab\u00a0militaris\u00e9e\u00a0\u00bb de la Journ\u00e9e d\u00e9fense et citoyennet\u00e9 qui entrera en vigueur d\u00e8s la rentr\u00e9e"},"content":{"rendered":"<p>\n                                                                Cette nouvelle journ\u00e9e d\u2019appel concernera tous les Fran\u00e7ais \u00e2g\u00e9s de 16 \u00e0 25\u00a0ans \u00e0 partir de septembre prochain.\n                            <\/p>\n<p>Apr\u00e8s le discours sur le budget des Arm\u00e9es fait le 13\u00a0juillet dernier par Emmanuel Macron, vient tout un tas de nouvelles mesures d\u00e9clin\u00e9es du th\u00e8me du r\u00e9armement. Ce dimanche 27\u00a0juillet,<a href=\"https:\/\/www.lemonde.fr\/politique\/article\/2025\/07\/27\/journee-de-defense-et-de-citoyennete-une-nouvelle-version-militarisee-obligatoire-pour-tous-les-jeunes-de-16-a-25-ans-des-la-rentree_6624524_823448.html\" target=\"_self\" rel=\"nofollow noopener\"> Le Monde<\/a> et <a href=\"https:\/\/www.franceinfo.fr\/societe\/armee-securite-defense\/une-nouvelle-version-militarisee-de-la-journee-de-defense-et-de-citoyennete-entrera-en-vigueur-des-la-rentree-pour-les-jeunes-de-16-a-25-ans_7402213.html\" target=\"_self\" rel=\"nofollow noopener\">franceinfo<\/a><a href=\"https:\/\/www.franceinfo.fr\/societe\/armee-securite-defense\/une-nouvelle-version-militarisee-de-la-journee-de-defense-et-de-citoyennete-entrera-en-vigueur-des-la-rentree-pour-les-jeunes-de-16-a-25-ans_7402213.html\" target=\"_self\" rel=\"nofollow noopener\">\u00a0<\/a>r\u00e9v\u00e8lent que la <strong>Journ\u00e9e d\u00e9fense et citoyennet\u00e9 (JDC)<\/strong>, couramment appel\u00e9e \u00ab\u00a0Journ\u00e9e d\u2019appel\u00a0\u00bb, va \u00e9voluer.<\/p>\n<p>Le ministre des Arm\u00e9es, S\u00e9bastien Lecornu, a en effet pr\u00e9vu une<strong> version revisit\u00e9e, \u00e0 partir de septembre, pour tous les jeunes Fran\u00e7ais \u00e2g\u00e9s de 16 \u00e0 25 ans.<\/strong>\u00a0Elle sera progressivement d\u00e9ploy\u00e9e sur tout le territoire m\u00e9tropolitain, puis en Outre-Mer \u00e0 partir de 2026.<\/p>\n<p>C\u00e9r\u00e9monie de lever des couleurs et chant de La\u00a0Marseillaise <\/p>\n<p>Au menu des changements notables\u00a0: finie la pr\u00e9sentation orale autour des m\u00e9tiers de l\u2019arm\u00e9e, les quiz et diaporamas sur les institutions, les adolescents feront \u00e0 la place du <strong>tir sportif laser<\/strong>, des <strong>jeux de strat\u00e9gie <\/strong>et d\u00e9couvriront des m\u00e9tiers de l\u2019arm\u00e9e en r\u00e9alit\u00e9 virtuelle, selon nos confr\u00e8res.<\/p>\n<p>Mais ce n\u2019est pas tout, en plus de ces activit\u00e9s, les participants auront \u00e9galement droit \u00e0 un <strong>repas autour d\u2019une ration militaire<\/strong>. La journ\u00e9e d\u00e9butera par une lecture de la charte des droits et devoirs des citoyens fran\u00e7ais, une c\u00e9r\u00e9monie de lever des couleurs et une Marseillaise en bonne et due forme. Les 800\u00a0000 jeunes qui participent chaque ann\u00e9e \u00e0 cette journ\u00e9e repartiront avec un Bleuet de France, en m\u00e9moire des anciens combattants.<\/p>\n","protected":false},"excerpt":{"rendered":"Cette nouvelle journ\u00e9e d\u2019appel concernera tous les Fran\u00e7ais \u00e2g\u00e9s de 16 \u00e0 25\u00a0ans \u00e0 partir de septembre prochain.&hellip;\n","protected":false},"author":2,"featured_media":277470,"comment_status":"","ping_status":"","sticky":false,"template":"","format":"standard","meta":{"footnotes":""},"categories":[1591],"tags":[11,1887,12,1885,1886,132],"class_list":{"0":"post-277469","1":"post","2":"type-post","3":"status-publish","4":"format-standard","5":"has-post-thumbnail","7":"category-russie","8":"tag-actualites","9":"tag-federation-de-russie","10":"tag-news","11":"tag-russia","12":"tag-russian-federation","13":"tag-russie"},"share_on_mastodon":{"url":"https:\/\/pubeurope.com\/@fr\/114925468571679760","error":""},"_links":{"self":[{"href":"https:\/\/www.europesays.com\/fr\/wp-json\/wp\/v2\/posts\/277469","targetHints":{"allow":["GET"]}}],"collection":[{"href":"https:\/\/www.europesays.com\/fr\/wp-json\/wp\/v2\/posts"}],"about":[{"href":"https:\/\/www.europesays.com\/fr\/wp-json\/wp\/v2\/types\/post"}],"author":[{"embeddable":true,"href":"https:\/\/www.europesays.com\/fr\/wp-json\/wp\/v2\/users\/2"}],"replies":[{"embeddable":true,"href":"https:\/\/www.europesays.com\/fr\/wp-json\/wp\/v2\/comments?post=277469"}],"version-history":[{"count":0,"href":"https:\/\/www.europesays.com\/fr\/wp-json\/wp\/v2\/posts\/277469\/revisions"}],"wp:featuredmedia":[{"embeddable":true,"href":"https:\/\/www.europesays.com\/fr\/wp-json\/wp\/v2\/media\/277470"}],"wp:attachment":[{"href":"https:\/\/www.europesays.com\/fr\/wp-json\/wp\/v2\/media?parent=277469"}],"wp:term":[{"taxonomy":"category","embeddable":true,"href":"https:\/\/www.europesays.com\/fr\/wp-json\/wp\/v2\/categories?post=277469"},{"taxonomy":"post_tag","embeddable":true,"href":"https:\/\/www.europesays.com\/fr\/wp-json\/wp\/v2\/tags?post=277469"}],"curies":[{"name":"wp","href":"https:\/\/api.w.org\/{rel}","templated":true}]}}