{"id":277479,"date":"2025-07-27T13:41:13","date_gmt":"2025-07-27T13:41:13","guid":{"rendered":"https:\/\/www.europesays.com\/fr\/277479\/"},"modified":"2025-07-27T13:41:13","modified_gmt":"2025-07-27T13:41:13","slug":"adrien-boichis-devient-champion-deurope-u23-et-confirme-son-ascension","status":"publish","type":"post","link":"https:\/\/www.europesays.com\/fr\/277479\/","title":{"rendered":"Adrien Boichis devient champion d&rsquo;Europe U23 et confirme son ascension"},"content":{"rendered":"<p>On n&rsquo;arr\u00eate plus Adrien Boichis. D\u00e9j\u00e0 titr\u00e9 sur le format court jeudi, le natif d&rsquo;Aix-en-Provence s&rsquo;est cette fois offert<strong> <\/strong>le titre de champion d&rsquo;Europe de VTT Cross-country olympique dans la cat\u00e9gorie Espoirs (U23). La p\u00e9pite form\u00e9e \u00e0 Aix VTT puis \u00e0 Passion Venelles VTT encha\u00eene les performances sur route comme en XCO, confirmant ainsi son ascension et <a href=\"https:\/\/www.laprovence.com\/article\/sports\/2265795539523315\/cyclisme-apres-le-tour-de-france-ou-en-est-la-releve-provencale\" target=\"_blank\" rel=\"noopener\">sa place dans la rel\u00e8ve proven\u00e7ale<\/a>.\u00a0<\/p>\n<p>D\u00e9j\u00e0 sacr\u00e9 en 2023, le coureur proven\u00e7al reprend sa couronne au Portugal devant le Danois Albert Withen Philipsen et le Suisse Finn Treudler. Il a d\u00e9sormais le regard tourn\u00e9 vers le Tour d&rsquo;Alsace.\u00a0<\/p>\n","protected":false},"excerpt":{"rendered":"On n&rsquo;arr\u00eate plus Adrien Boichis. D\u00e9j\u00e0 titr\u00e9 sur le format court jeudi, le natif d&rsquo;Aix-en-Provence s&rsquo;est cette fois&hellip;\n","protected":false},"author":2,"featured_media":277480,"comment_status":"","ping_status":"","sticky":false,"template":"","format":"standard","meta":{"footnotes":""},"categories":[1586],"tags":[17,11,20178,41679,3362,12082,6475,1777,674,1011,27,12,25,60,41674,8012],"class_list":{"0":"post-277479","1":"post","2":"type-post","3":"status-publish","4":"format-standard","5":"has-post-thumbnail","7":"category-europe","8":"tag-17","9":"tag-actualites","10":"tag-adrien","11":"tag-boichis","12":"tag-champion","13":"tag-deurope","14":"tag-devient","15":"tag-eu","16":"tag-europe","17":"tag-fr","18":"tag-france","19":"tag-news","20":"tag-republique-francaise","21":"tag-sports","22":"tag-u23","23":"tag-vtt"},"share_on_mastodon":{"url":"https:\/\/pubeurope.com\/@fr\/114925488291340584","error":""},"_links":{"self":[{"href":"https:\/\/www.europesays.com\/fr\/wp-json\/wp\/v2\/posts\/277479","targetHints":{"allow":["GET"]}}],"collection":[{"href":"https:\/\/www.europesays.com\/fr\/wp-json\/wp\/v2\/posts"}],"about":[{"href":"https:\/\/www.europesays.com\/fr\/wp-json\/wp\/v2\/types\/post"}],"author":[{"embeddable":true,"href":"https:\/\/www.europesays.com\/fr\/wp-json\/wp\/v2\/users\/2"}],"replies":[{"embeddable":true,"href":"https:\/\/www.europesays.com\/fr\/wp-json\/wp\/v2\/comments?post=277479"}],"version-history":[{"count":0,"href":"https:\/\/www.europesays.com\/fr\/wp-json\/wp\/v2\/posts\/277479\/revisions"}],"wp:featuredmedia":[{"embeddable":true,"href":"https:\/\/www.europesays.com\/fr\/wp-json\/wp\/v2\/media\/277480"}],"wp:attachment":[{"href":"https:\/\/www.europesays.com\/fr\/wp-json\/wp\/v2\/media?parent=277479"}],"wp:term":[{"taxonomy":"category","embeddable":true,"href":"https:\/\/www.europesays.com\/fr\/wp-json\/wp\/v2\/categories?post=277479"},{"taxonomy":"post_tag","embeddable":true,"href":"https:\/\/www.europesays.com\/fr\/wp-json\/wp\/v2\/tags?post=277479"}],"curies":[{"name":"wp","href":"https:\/\/api.w.org\/{rel}","templated":true}]}}