{"id":277481,"date":"2025-07-27T13:42:09","date_gmt":"2025-07-27T13:42:09","guid":{"rendered":"https:\/\/www.europesays.com\/fr\/277481\/"},"modified":"2025-07-27T13:42:09","modified_gmt":"2025-07-27T13:42:09","slug":"meta-interdit-pubs-politiques-sur-facebook-et-instagram-dans-lue-des-octobre-2025","status":"publish","type":"post","link":"https:\/\/www.europesays.com\/fr\/277481\/","title":{"rendered":"Meta interdit pubs politiques sur Facebook et Instagram dans l\u2019UE d\u00e8s octobre 2025"},"content":{"rendered":"<p>Principaux renseignements<\/p>\n<ul class=\"wp-block-list\">\n<li><strong>Meta interdit les publicit\u00e9s politiques sur Facebook et Instagram dans l\u2019UE.<\/strong><\/li>\n<li><strong>Le g\u00e9ant de la technologie a pris cette d\u00e9cision parce que \u00ab les prochaines r\u00e8gles europ\u00e9ennes sur la publicit\u00e9 politique en ligne imposent des exigences irr\u00e9alisables \u00bb.<\/strong><\/li>\n<li><strong>Cette d\u00e9cision limite la fa\u00e7on dont les annonceurs abordant des questions politiques peuvent atteindre leur public.<\/strong><\/li>\n<\/ul>\n<p>Meta mettra fin \u00e0 la publicit\u00e9 politique sur Facebook et <a href=\"https:\/\/fr.businessam.be\/les-comptes-instagram-des-adolescents-ne-sont-toujours-pas-sans-risque\/\" target=\"_blank\" rel=\"noopener\">Instagram<\/a> au sein de l\u2019Union europ\u00e9enne \u00e0 partir d\u2019octobre 2025. Cette d\u00e9cision fait suite \u00e0 une nouvelle r\u00e9glementation europ\u00e9enne sur la transparence et le ciblage des publicit\u00e9s politiques. Meta estime que ces r\u00e8gles sont trop complexes et juridiquement incertaines.<\/p>\n<p>Nouvelles r\u00e9glementations imposent des restrictions aux entreprises non europ\u00e9ennes<\/p>\n<p>Le r\u00e8glement, connu sous le nom de Transparence et ciblage de la publicit\u00e9 politique (TTPA), a \u00e9t\u00e9 adopt\u00e9 en mars 2024. Il impose des exigences plus strictes aux grandes plateformes en mati\u00e8re de publicit\u00e9 politique. Pour chaque publicit\u00e9, des informations sp\u00e9cifiques sur l\u2019annonceur doivent \u00eatre affich\u00e9es. En outre, il introduit un m\u00e9canisme visant \u00e0 pr\u00e9venir l\u2019ing\u00e9rence \u00e9trang\u00e8re. Ainsi, il est interdit \u00e0 la plupart des entit\u00e9s non europ\u00e9ennes de diffuser des publicit\u00e9s politiques dans les trois mois pr\u00e9c\u00e9dant une \u00e9lection ou un r\u00e9f\u00e9rendum dans un pays de l\u2019UE.<\/p>\n<p>L\u2019annonce de Meta fait suite \u00e0 celle faite par Google en novembre 2024. Le g\u00e9ant de la technologie avait alors indiqu\u00e9 qu\u2019il cesserait de diffuser des publicit\u00e9s politiques dans l\u2019UE d\u2019ici octobre 2025. Ce faisant, Google a fait part de ses inqui\u00e9tudes quant aux incertitudes juridiques et \u00e0 la d\u00e9finition large des annonces politiques.<\/p>\n<p>Cons\u00e9quences pour les activit\u00e9s politiques<\/p>\n<p>Si les partis politiques et les \u00e9lus pourront toujours utiliser les plateformes Facebook et Instagram, ils ne seront plus autoris\u00e9s \u00e0 parrainer des publications li\u00e9es \u00e0 leurs activit\u00e9s politiques. Cette mesure marque un changement dans le paysage de la publicit\u00e9 num\u00e9rique dans l\u2019UE. Les g\u00e9ants de la technologie sont confront\u00e9s aux cons\u00e9quences d\u2019une r\u00e9glementation plus stricte en mati\u00e8re de communication politique.<\/p>\n<p><a href=\"https:\/\/portalfr.businessam.be\/plans\/business-am-fr-offre-dete\/\" target=\"_blank\" rel=\"noreferrer noopener\">Si vous souhaitez acc\u00e9der \u00e0 tous les articles, abonnez-vous ici!<\/a><\/p>\n<p>(ns)<\/p>\n","protected":false},"excerpt":{"rendered":"Principaux renseignements Meta interdit les publicit\u00e9s politiques sur Facebook et Instagram dans l\u2019UE. Le g\u00e9ant de la technologie&hellip;\n","protected":false},"author":2,"featured_media":277482,"comment_status":"","ping_status":"","sticky":false,"template":"","format":"standard","meta":{"footnotes":""},"categories":[1586],"tags":[11,1777,674,1779,4688,1011,27,323,6972,1016,12,316,25,938,1778,364,250],"class_list":{"0":"post-277481","1":"post","2":"type-post","3":"status-publish","4":"format-standard","5":"has-post-thumbnail","7":"category-europe","8":"tag-actualites","9":"tag-eu","10":"tag-europe","11":"tag-european-union","12":"tag-facebook","13":"tag-fr","14":"tag-france","15":"tag-google","16":"tag-marketing","17":"tag-meta","18":"tag-news","19":"tag-politique","20":"tag-republique-francaise","21":"tag-reseaux-sociaux","22":"tag-ue","23":"tag-union-europeenne","24":"tag-whatsapp"},"share_on_mastodon":{"url":"https:\/\/pubeurope.com\/@fr\/114925492302663241","error":""},"_links":{"self":[{"href":"https:\/\/www.europesays.com\/fr\/wp-json\/wp\/v2\/posts\/277481","targetHints":{"allow":["GET"]}}],"collection":[{"href":"https:\/\/www.europesays.com\/fr\/wp-json\/wp\/v2\/posts"}],"about":[{"href":"https:\/\/www.europesays.com\/fr\/wp-json\/wp\/v2\/types\/post"}],"author":[{"embeddable":true,"href":"https:\/\/www.europesays.com\/fr\/wp-json\/wp\/v2\/users\/2"}],"replies":[{"embeddable":true,"href":"https:\/\/www.europesays.com\/fr\/wp-json\/wp\/v2\/comments?post=277481"}],"version-history":[{"count":0,"href":"https:\/\/www.europesays.com\/fr\/wp-json\/wp\/v2\/posts\/277481\/revisions"}],"wp:featuredmedia":[{"embeddable":true,"href":"https:\/\/www.europesays.com\/fr\/wp-json\/wp\/v2\/media\/277482"}],"wp:attachment":[{"href":"https:\/\/www.europesays.com\/fr\/wp-json\/wp\/v2\/media?parent=277481"}],"wp:term":[{"taxonomy":"category","embeddable":true,"href":"https:\/\/www.europesays.com\/fr\/wp-json\/wp\/v2\/categories?post=277481"},{"taxonomy":"post_tag","embeddable":true,"href":"https:\/\/www.europesays.com\/fr\/wp-json\/wp\/v2\/tags?post=277481"}],"curies":[{"name":"wp","href":"https:\/\/api.w.org\/{rel}","templated":true}]}}