{"id":277489,"date":"2025-07-27T13:46:08","date_gmt":"2025-07-27T13:46:08","guid":{"rendered":"https:\/\/www.europesays.com\/fr\/277489\/"},"modified":"2025-07-27T13:46:08","modified_gmt":"2025-07-27T13:46:08","slug":"sejour-de-donald-trump-en-ecosse-partie-de-golf-et-manifestations","status":"publish","type":"post","link":"https:\/\/www.europesays.com\/fr\/277489\/","title":{"rendered":"S\u00e9jour de Donald Trump en \u00c9cosse : partie de golf et manifestations"},"content":{"rendered":"<p>\n  Par&amp;nbsp<b>Euronews<\/b>&amp;nbspavec&amp;nbsp<b>AP<\/b>\n<\/p>\n<p>\n         Publi\u00e9 le<br \/>\n            27\/07\/2025 &#8211; 10:03 UTC+2\n            <\/p>\n<p>            <img decoding=\"async\" class=\"c-ad__placeholder__logo\" src=\"https:\/\/static.euronews.com\/website\/images\/logos\/logo-euronews-grey-6-180x22.svg\" width=\"180\" height=\"22\" alt=\"\" loading=\"lazy\"\/><br \/>\n            PUBLICIT\u00c9<\/p>\n<p>Le pr\u00e9sident am\u00e9ricain Donald Trump a jou\u00e9 au golf samedi sur son parcours en \u00c9cosse, tandis que les citoyens du pays sont descendus dans la rue pour protester contre sa visite.<\/p>\n<p>Donald Trump et son fils Eric ont jou\u00e9 avec l&rsquo;ambassadeur des \u00c9tats-Unis au Royaume-Uni, Warren Stephens, pr\u00e8s de Turnberry, un parcours historique que la soci\u00e9t\u00e9 de la famille Trump a rachet\u00e9 en 2008.<\/p>\n<p>Des centaines de manifestants hostiles \u00e0 la venue du pr\u00e9sident am\u00e9ricain se sont rassembl\u00e9s dans la rue pav\u00e9e et bord\u00e9e d&rsquo;arbres devant le consulat des \u00c9tats-Unis, \u00e0 environ 160 kilom\u00e8tres de l\u00e0, \u00e0 \u00c9dimbourg, la capitale \u00e9cossaise.<\/p>\n<p>Des manifestations \u00e9taient pr\u00e9vues dans d&rsquo;autres villes : des militants \u00e9cologistes, des opposants \u00e0 la guerre d&rsquo;Isra\u00ebl contre le Hamas \u00e0 Gaza et des groupes pro-Ukraine ont form\u00e9 une \u00ab\u00a0coalition contre Trump\u00a0\u00bb.<\/p>\n<p>\u00ab\u00a0Je pense qu&rsquo;il y a beaucoup trop de pays qui ressentent la pression de Trump et qui pensent qu&rsquo;ils doivent l&rsquo;accepter et que nous ne devrions pas l&rsquo;accepter ici\u00a0\u00bb, a d\u00e9clar\u00e9 June Osbourne, 52 ans, photographe et historienne de la photographie d&rsquo;\u00c9dimbourg.<\/p>\n<p>Cette citoyenne \u00e0 la double nationalit\u00e9 am\u00e9ricaine et \u00e9cossaise a d\u00e9clar\u00e9 que le pr\u00e9sident r\u00e9publicain \u00e9tait \u00ab\u00a0la pire chose qui soit arriv\u00e9e au monde, aux \u00c9tats-Unis, depuis des d\u00e9cennies\u00a0\u00bb.<\/p>\n<p>D&rsquo;autres manifestants ont scand\u00e9 \u00ab\u00a0Trump dehors !\u00a0\u00bb et ont brandi des pancartes sur lesquelles on pouvait lire \u00ab\u00a0Pas de tapis rouge pour les dictateurs\u00a0\u00bb, \u00ab\u00a0Nous ne voulons pas de vous ici\u00a0\u00bb et \u00ab\u00a0Arr\u00eatez Trump. Les migrants sont les bienvenus\u00a0\u00bb.<\/p>\n<p>Certains membres de l&rsquo;extr\u00eame droite ont appel\u00e9 sur les r\u00e9seaux sociaux \u00e0 des rassemblements de soutien \u00e0 Donald Trump.<\/p>\n<p>Pendant son s\u00e9jour en \u00c9cosse, le pr\u00e9sident am\u00e9ricain doit s&rsquo;entretenir avec Keir Starmer et Ursula von der Leyen, la pr\u00e9sidente de la Commission europ\u00e9enne.<\/p>\n","protected":false},"excerpt":{"rendered":"Par&amp;nbspEuronews&amp;nbspavec&amp;nbspAP Publi\u00e9 le 27\/07\/2025 &#8211; 10:03 UTC+2 PUBLICIT\u00c9 Le pr\u00e9sident am\u00e9ricain Donald Trump a jou\u00e9 au golf samedi&hellip;\n","protected":false},"author":2,"featured_media":277490,"comment_status":"","ping_status":"","sticky":false,"template":"","format":"standard","meta":{"footnotes":""},"categories":[1418],"tags":[75,6609,1011,27,1472,2088,60],"class_list":{"0":"post-277489","1":"post","2":"type-post","3":"status-publish","4":"format-standard","5":"has-post-thumbnail","7":"category-golf","8":"tag-donald-trump","9":"tag-ecosse","10":"tag-fr","11":"tag-france","12":"tag-golf","13":"tag-manifestation","14":"tag-sports"},"share_on_mastodon":{"url":"https:\/\/pubeurope.com\/@fr\/114925507977573305","error":""},"_links":{"self":[{"href":"https:\/\/www.europesays.com\/fr\/wp-json\/wp\/v2\/posts\/277489","targetHints":{"allow":["GET"]}}],"collection":[{"href":"https:\/\/www.europesays.com\/fr\/wp-json\/wp\/v2\/posts"}],"about":[{"href":"https:\/\/www.europesays.com\/fr\/wp-json\/wp\/v2\/types\/post"}],"author":[{"embeddable":true,"href":"https:\/\/www.europesays.com\/fr\/wp-json\/wp\/v2\/users\/2"}],"replies":[{"embeddable":true,"href":"https:\/\/www.europesays.com\/fr\/wp-json\/wp\/v2\/comments?post=277489"}],"version-history":[{"count":0,"href":"https:\/\/www.europesays.com\/fr\/wp-json\/wp\/v2\/posts\/277489\/revisions"}],"wp:featuredmedia":[{"embeddable":true,"href":"https:\/\/www.europesays.com\/fr\/wp-json\/wp\/v2\/media\/277490"}],"wp:attachment":[{"href":"https:\/\/www.europesays.com\/fr\/wp-json\/wp\/v2\/media?parent=277489"}],"wp:term":[{"taxonomy":"category","embeddable":true,"href":"https:\/\/www.europesays.com\/fr\/wp-json\/wp\/v2\/categories?post=277489"},{"taxonomy":"post_tag","embeddable":true,"href":"https:\/\/www.europesays.com\/fr\/wp-json\/wp\/v2\/tags?post=277489"}],"curies":[{"name":"wp","href":"https:\/\/api.w.org\/{rel}","templated":true}]}}