{"id":277491,"date":"2025-07-27T13:48:10","date_gmt":"2025-07-27T13:48:10","guid":{"rendered":"https:\/\/www.europesays.com\/fr\/277491\/"},"modified":"2025-07-27T13:48:10","modified_gmt":"2025-07-27T13:48:10","slug":"antoine-dupont-cite-deux-joueurs-qui-pourraient-exploser-avec-lequipe-de-france-a-vii","status":"publish","type":"post","link":"https:\/\/www.europesays.com\/fr\/277491\/","title":{"rendered":"Antoine Dupont cite deux joueurs qui pourraient exploser avec l\u2019\u00e9quipe de France \u00e0 VII"},"content":{"rendered":"<p>Le demi-de-m\u00eal\u00e9e international fran\u00e7ais Antoine Dupont n\u2019\u00e9carte pas la possibilit\u00e9 de postuler pour les Jeux Olympiques de Los Angeles, en 2028.<\/p>\n<p>Lors d\u2019un entretien accord\u00e9 au journal <a href=\"https:\/\/www.leparisien.fr\/jo-paris-2024\/lapres-jo-ca-a-ete-la-tornade-antoine-dupont-de-star-du-rugby-a-star-tout-court-26-07-2025-JFYR37ZEYBA35DS622FACCC5HY.php\" rel=\"nofollow noopener\" target=\"_blank\">Le Parisien<\/a>, il a confirm\u00e9 son envie de rego\u00fbter \u00e0 ce plaisir.<\/p>\n<p><strong>A lire ci-dessous :\u00a0<\/strong><\/p>\n<p> Je ne l\u2019exclus pas, mais \u00e7a reste dans longtemps. On verra comment je suis mentalement et physiquement. Mais c\u2019est s\u00fbr que \u00e7a donne envie de rego\u00fbter aux Jeux quand on voit ce qu\u2019on a v\u00e9cu.<\/p>\n<p>Il ne le cache pas : jouer avec le XV de France et avec l\u2019\u00e9quipe de France \u00e0 VII est quelque chose de tr\u00e8s d\u00e9licat.<\/p>\n<p><strong>D\u2019ailleurs, il rappelle que personne ne croyait en lui quand il a pris la d\u00e9cision de jouer avec l\u2019\u00e9quipe de France \u00e0 VII. Extrait:<\/strong><\/p>\n<p> C\u2019est tellement compliqu\u00e9 de faire les deux\u2026 Je pense que pas mal vont me poser des questions quand on arrivera en 2027-2028 o\u00f9 il faudra se positionner pour tenter l\u2019aventure. Personne n\u2019y croyait trop quand je me suis lanc\u00e9, mais avec le succ\u00e8s qu\u2019il y a eu apr\u00e8s, \u00e7a peut susciter des vocations.<\/p>\n<p><strong>Lorsque le journaliste lui demande si Louis Bielle-Biarrey pourrait faire un bon joueur de rugby \u00e0 VII, il donne son avis. Extrait:<\/strong><\/p>\n<p> Il y a des profils plus int\u00e9ressants que d\u2019autres. Louis, Damian Penaud, ce sont des mecs qui seraient performants, mais il faut qu\u2019ils y passent du temps. On a vu des joueurs excellents \u00e0 XV ne pas faire de diff\u00e9rences \u00e0 7. Mais je ne suis pas trop inquiet pour eux.<\/p>\n","protected":false},"excerpt":{"rendered":"Le demi-de-m\u00eal\u00e9e international fran\u00e7ais Antoine Dupont n\u2019\u00e9carte pas la possibilit\u00e9 de postuler pour les Jeux Olympiques de Los&hellip;\n","protected":false},"author":2,"featured_media":251570,"comment_status":"","ping_status":"","sticky":false,"template":"","format":"standard","meta":{"footnotes":""},"categories":[1416],"tags":[1011,27,479,1468,60],"class_list":{"0":"post-277491","1":"post","2":"type-post","3":"status-publish","4":"format-standard","5":"has-post-thumbnail","7":"category-rugby","8":"tag-fr","9":"tag-france","10":"tag-rugby","11":"tag-rugby-football","12":"tag-sports"},"share_on_mastodon":{"url":"https:\/\/pubeurope.com\/@fr\/114925515848041623","error":""},"_links":{"self":[{"href":"https:\/\/www.europesays.com\/fr\/wp-json\/wp\/v2\/posts\/277491","targetHints":{"allow":["GET"]}}],"collection":[{"href":"https:\/\/www.europesays.com\/fr\/wp-json\/wp\/v2\/posts"}],"about":[{"href":"https:\/\/www.europesays.com\/fr\/wp-json\/wp\/v2\/types\/post"}],"author":[{"embeddable":true,"href":"https:\/\/www.europesays.com\/fr\/wp-json\/wp\/v2\/users\/2"}],"replies":[{"embeddable":true,"href":"https:\/\/www.europesays.com\/fr\/wp-json\/wp\/v2\/comments?post=277491"}],"version-history":[{"count":0,"href":"https:\/\/www.europesays.com\/fr\/wp-json\/wp\/v2\/posts\/277491\/revisions"}],"wp:featuredmedia":[{"embeddable":true,"href":"https:\/\/www.europesays.com\/fr\/wp-json\/wp\/v2\/media\/251570"}],"wp:attachment":[{"href":"https:\/\/www.europesays.com\/fr\/wp-json\/wp\/v2\/media?parent=277491"}],"wp:term":[{"taxonomy":"category","embeddable":true,"href":"https:\/\/www.europesays.com\/fr\/wp-json\/wp\/v2\/categories?post=277491"},{"taxonomy":"post_tag","embeddable":true,"href":"https:\/\/www.europesays.com\/fr\/wp-json\/wp\/v2\/tags?post=277491"}],"curies":[{"name":"wp","href":"https:\/\/api.w.org\/{rel}","templated":true}]}}