{"id":277492,"date":"2025-07-27T13:49:10","date_gmt":"2025-07-27T13:49:10","guid":{"rendered":"https:\/\/www.europesays.com\/fr\/277492\/"},"modified":"2025-07-27T13:49:10","modified_gmt":"2025-07-27T13:49:10","slug":"adam-walton-benjamin-bonzi-atp-1000-open-du-canada-premier-tour-dimanche-27-juillet-2025-lequipe","status":"publish","type":"post","link":"https:\/\/www.europesays.com\/fr\/277492\/","title":{"rendered":"Adam Walton &#8211; Benjamin Bonzi, ATP 1000, Open du Canada, Premier tour, Dimanche 27 juillet 2025 &#8211; L&#039;\u00c9quipe"},"content":{"rendered":"<ol>\n<li><a href=\"https:\/\/news.google.com\/rss\/articles\/CBMizAFBVV95cUxOUHJpWndPVDJFUFl5Y2NzZGRBdno0SXZaWEFEYS05T1FiSDk2d3g3d3JHdlBIVUpHa2NmbERZRG91TFlEQW0zcjktN0ZQQ2Mxc29oNU96TnFxMXpoRG5fZTFZUUxqNFBJSmxaeGk1ZTliRV95QTIwbVVydWR0ZmRVN3VwZGRRcTR1WGZBLVM2OWxEZG1iWlZrTjNwSGJZLTNpa0I0Zy02dGJDQ2JmcEV3d1M1TVFzUGwyaUJKZ3d4dlhUcHdpX3FZNG93NHg?oc=5\" target=\"_blank\" rel=\"nofollow noopener\">Adam Walton &#8211; Benjamin Bonzi, ATP 1000, Open du Canada, Premier tour, Dimanche 27 juillet 2025<\/a>&nbsp;&nbsp;L&rsquo;\u00c9quipe<\/li>\n<li><a href=\"https:\/\/news.google.com\/rss\/articles\/CBMi_wFBVV95cUxNQThrTXdHY3RxeVBjV1BXSXB6UThWVExDSHdCQWFNVDBVRW5PeHB6X0U0LVNKUXNORXItWmJQemZJclBFd2FWYzRlMURqUGt6ZHBuTXFnVkpJWGhndzNIVlRrZXJUOFk4STlLZ2RtOGE2UHRoQnhrbjFCVzhSQW00ZmlJMEdFQk52MXp3N0hMVDctS3RyRS1xcjRMSTI1TElkZnJzOTZSMl9LR1NreEMwT1Y1Ti1KUE5XcE5ZUWJueXpzdTBJd09BY1RKMVB1SlpoVWtmNnR5OGZLTktkZWVxdXF1NG1DbVNIZC1OLVpRZG9FUEhZdW92dUtWd0tpSUU?oc=5\" target=\"_blank\" rel=\"nofollow noopener\">Quatre Fran\u00e7ais profitent d&rsquo;un format in\u00e9dit en qualifications pour rejoindre le tableau final du Masters 1000 de Toronto<\/a>&nbsp;&nbsp;L&rsquo;\u00c9quipe<\/li>\n<li><a href=\"https:\/\/news.google.com\/rss\/articles\/CBMi7gFBVV95cUxPdVkyY1hsYkl4Z2RPMmNRSkcxNGduTExlRUQwR25SM0tFZmJPdTBWU0lXb1M1NTRNTnVVdno3SmdReXRuRGhRR0VyQjZhZDZsUy1peFloc0JXb0NabGI4NjZrcXFlNHZYV3FQZUVnWHNqRjlLSmFyeUJXbXVTWXpZQTNsTHFMUll5ZG83Nnl1Z1J3b041ZzNEeEZjQkRtTDNaOWFOQ0FUUFZVX2g0UExpSE5hQUxCZmZJYlV0ZzltTm56M1N3MktCOG5BTDZLaWdURVF6bTVuQlJPdzUwWUJ6a1JoUDNKZWZRYjV0RzRB?oc=5\" target=\"_blank\" rel=\"nofollow noopener\">De Toronto \u00e0 Montr\u00e9al, la belle r\u00e9ussite fran\u00e7aise en qualifications<\/a>&nbsp;&nbsp;Eurosport<\/li>\n<li><a href=\"https:\/\/news.google.com\/rss\/articles\/CBMihgJBVV95cUxOeXhlYzBQcVJSblpvd1J6UGMwYTZ4VWx3Vjg5VkdxZk5pWVViM01XbW1TcnlDRDZiQ3lCejlaRElXSV9xdldkTVFfTDJJMnd4R1dBcmxXYUFLWWY2dl9McUI4MTRIRkdEU19hRWlFRWdMWlBZSWx5RUF3YkVfOGlCOFhlbWRJTzFmZUtQcDJSTjdqNW5VeDRDdXZVWjUxQmxhM2pjdDJ6TzVsdE1wZE04NXduVFdyWThUSGRiRS1hOGJTM3VIZ3pGVXJmTWtFT2E1LUl0OXJNcU9hNUZjNGZmQ1Nya0Y0NEI2VGpxM19UWUVuRFRjbzhyYTNmZ1FBT0VyZjAzR2p3?oc=5\" target=\"_blank\" rel=\"nofollow noopener\">Toronto 2025 &#8211; Pas de Sinner, Alcaraz et Djokovic&#8230; mais Zverev, Ruud, Auger-Aliassime et Fils sont \u00e0 Toronto !<\/a>&nbsp;&nbsp;Orange Actualit\u00e9s | Sports<\/li>\n<li><a href=\"https:\/\/news.google.com\/rss\/articles\/CBMiqwFBVV95cUxQQW9qdzUteVpxZmZ0YmY0eGxxSzZRTC0xUjVVeFB3UVhlWENyWFVubUdFSDFJWDNOM28wQ1oyQlpaV21aZE1aYnBJdUVnYktWUjB3enl1cng2YWZid3p3YU81aXFwY2lsaDF4SU9IOTdfNUxral94UFZONGpBYW9hcndER3VTUlU3ZjBzYWJTeFhLSTg4c3hlQlk5djZwakFpZWd2X0lxT1ZlNzg?oc=5\" target=\"_blank\" rel=\"nofollow noopener\">Omnium Banque Nationale | Les huit favoris sous la loupe<\/a>&nbsp;&nbsp;La Presse<\/li>\n<\/ol>\n","protected":false},"excerpt":{"rendered":"Adam Walton &#8211; Benjamin Bonzi, ATP 1000, Open du Canada, Premier tour, Dimanche 27 juillet 2025&nbsp;&nbsp;L&rsquo;\u00c9quipe Quatre Fran\u00e7ais&hellip;\n","protected":false},"author":2,"featured_media":1983,"comment_status":"","ping_status":"","sticky":false,"template":"","format":"standard","meta":{"footnotes":""},"categories":[1415],"tags":[1011,27,60,1467],"class_list":{"0":"post-277492","1":"post","2":"type-post","3":"status-publish","4":"format-standard","5":"has-post-thumbnail","7":"category-tennis","8":"tag-fr","9":"tag-france","10":"tag-sports","11":"tag-tennis"},"share_on_mastodon":{"url":"https:\/\/pubeurope.com\/@fr\/114925519694743058","error":""},"_links":{"self":[{"href":"https:\/\/www.europesays.com\/fr\/wp-json\/wp\/v2\/posts\/277492","targetHints":{"allow":["GET"]}}],"collection":[{"href":"https:\/\/www.europesays.com\/fr\/wp-json\/wp\/v2\/posts"}],"about":[{"href":"https:\/\/www.europesays.com\/fr\/wp-json\/wp\/v2\/types\/post"}],"author":[{"embeddable":true,"href":"https:\/\/www.europesays.com\/fr\/wp-json\/wp\/v2\/users\/2"}],"replies":[{"embeddable":true,"href":"https:\/\/www.europesays.com\/fr\/wp-json\/wp\/v2\/comments?post=277492"}],"version-history":[{"count":0,"href":"https:\/\/www.europesays.com\/fr\/wp-json\/wp\/v2\/posts\/277492\/revisions"}],"wp:featuredmedia":[{"embeddable":true,"href":"https:\/\/www.europesays.com\/fr\/wp-json\/wp\/v2\/media\/1983"}],"wp:attachment":[{"href":"https:\/\/www.europesays.com\/fr\/wp-json\/wp\/v2\/media?parent=277492"}],"wp:term":[{"taxonomy":"category","embeddable":true,"href":"https:\/\/www.europesays.com\/fr\/wp-json\/wp\/v2\/categories?post=277492"},{"taxonomy":"post_tag","embeddable":true,"href":"https:\/\/www.europesays.com\/fr\/wp-json\/wp\/v2\/tags?post=277492"}],"curies":[{"name":"wp","href":"https:\/\/api.w.org\/{rel}","templated":true}]}}