{"id":277493,"date":"2025-07-27T13:51:11","date_gmt":"2025-07-27T13:51:11","guid":{"rendered":"https:\/\/www.europesays.com\/fr\/277493\/"},"modified":"2025-07-27T13:51:11","modified_gmt":"2025-07-27T13:51:11","slug":"motogp-jorge-lorenzo-se-souvient-avec-rossi-cetait-un-poulailler-sous-tension-mais-on-se-respectait","status":"publish","type":"post","link":"https:\/\/www.europesays.com\/fr\/277493\/","title":{"rendered":"MotoGP, Jorge Lorenzo se souvient : \u00ab\u00a0avec Rossi, c\u2019\u00e9tait un poulailler sous tension, mais on se respectait\u00a0\u00bb"},"content":{"rendered":"<p><strong>Lors d\u2019un entretien, Jorge Lorenzo est revenu sans<br \/>\nd\u00e9tour sur l\u2019\u00e9poque dor\u00e9e du MotoGP, celle des \u00ab\u00a0Cinq<br \/>\nFantastiques\u00a0\u00bb, o\u00f9 il partageait la piste avec Valentino<br \/>\nRossi, Dani Pedrosa, Casey Stoner et Marc Marquez. Une g\u00e9n\u00e9ration<br \/>\nexceptionnelle, marqu\u00e9e par des rivalit\u00e9s f\u00e9roces, mais aussi un<br \/>\nrespect profond entre champions.<\/strong><\/p>\n<p>La rivalit\u00e9 entre <strong>Lorenzo<\/strong> et<br \/>\n<strong>Rossi<\/strong>, tous deux dans le box<br \/>\n<strong>Yamaha<\/strong> \u00e0 l\u2019\u00e9poque, a ainsi atteint un niveau<br \/>\nd\u2019intensit\u00e9 rarement vu.<\/p>\n<p>\u00ab Quand on \u00e9tait pilotes, la tension \u00e9tait totale. C\u2019\u00e9tait<br \/>\nun vrai poulailler : deux coqs dans le m\u00eame enclos. <strong>On<br \/>\n\u00e9tait tous les deux ultra-comp\u00e9titifs, tr\u00e8s fiers, et persuad\u00e9s<br \/>\nd\u2019\u00eatre les meilleurs<\/strong>. Personne ne l\u00e2chait. M\u00eame moto, m\u00eame<br \/>\n\u00e9quipe\u2026 celui qui battait l\u2019autre \u00e9tait LE meilleur. \u00bb<\/p>\n<p>Avec le temps et la s\u00e9paration des carri\u00e8res, les choses se sont<br \/>\napais\u00e9es.<\/p>\n<p>\u00ab Quand il est parti chez Ducati, puis moi \u00e0 mon tour, notre<br \/>\nrelation s\u2019est am\u00e9lior\u00e9e. <strong>Plus la distance entre nous<br \/>\ngrandissait, plus le respect mutuel grandissait auss<\/strong>i. Je<br \/>\nne dirais pas qu\u2019on est devenus amis, mais on a fini par se<br \/>\nrespecter et avoir une relation cordiale. \u00bb<\/p>\n<p>Une anecdote le prouve : \u00ab <strong>il m\u2019a m\u00eame invit\u00e9 \u00e0 son<br \/>\nRanch<\/strong>. Ils m\u2019ont pr\u00eat\u00e9 une moto, sans<br \/>\nentra\u00eenement\u2026 la piste \u00e9tait pi\u00e9geuse, mais c\u2019\u00e9tait super<br \/>\nsympa. \u00bb<\/p>\n<p><strong>Lorenzo<\/strong> a ensuite dress\u00e9 sur <a href=\"https:\/\/www.motosan.es\/motogp\/lorenzo-el-punto-debil-de-marc-marquez-es-precisamente-eso-que-le-hizo-tan-fuerte\/\" rel=\"nofollow noopener\" target=\"_blank\"><br \/>\nmotosan<\/a> un portrait sans filtre de ses principaux rivaux :<\/p>\n<p><strong>Dani Pedrosa<\/strong> est ainsi associ\u00e9 \u00e0 la finesse<br \/>\ndans l\u2019adversit\u00e9<\/p>\n<p>\u00ab Son point fort, c\u2019\u00e9tait la mise au point<strong>. Il avait<br \/>\nune sensibilit\u00e9 incroyable \u00e0 la moto<\/strong>, surtout dans des<br \/>\nconditions difficiles : pluie l\u00e9g\u00e8re, faible grip\u2026 il savait en<br \/>\ntirer parti. Et puis, <strong>faire ce qu\u2019il a fait avec son<br \/>\ngabarit, c\u2019est juste fou<\/strong>. En revanche, il \u00e9tait plus<br \/>\nfaible au freinage, physiquement, \u00e7a jouait. \u00bb<\/p>\n<p><img loading=\"lazy\" decoding=\"async\" class=\"aligncenter size-full wp-image-1314083\" src=\"https:\/\/www.europesays.com\/fr\/wp-content\/uploads\/2025\/07\/Jorge-Lorenzo-2.jpg\" alt=\"\" width=\"471\" height=\"346\"  \/><\/p>\n<p><strong>Jorge Lorenzo\u00a0:<br \/>\n\u00ab\u00a0ce qui rend fort Marc Marquez, c\u2019est aussi son point<br \/>\nfaible\u00a0\u00bb<\/strong><\/p>\n<p><strong>Casey Stoner<\/strong> est en revanche l\u2019instinct<br \/>\nbrut\u00a0: \u00ab Casey, c\u2019\u00e9tait l\u2019instinct pur. <strong>Il<br \/>\ncomprenait imm\u00e9diatement les limites de la piste<\/strong>. M\u00eame<br \/>\nsans beaucoup d\u2019entra\u00eenement, il pouvait gagner. Il lisait la piste<br \/>\ncomme personne, surtout quand les conditions \u00e9taient<br \/>\nincertaines. \u00bb<\/p>\n<p>Et puis il y a <a href=\"https:\/\/www.paddock-gp.com\/motogp-marc-marquez-attaque-juste-pour-rester-concentre-il-cherche-a-se-stimuler-a-samuser-mais-qui-a-dit-ca\/\" rel=\"nofollow noopener\" target=\"_blank\"><br \/>\n<strong>Marc Marquez<\/strong><\/a>, le surdou\u00e9 intr\u00e9pide\u00a0:<\/p>\n<p>\u00ab Marc est un talent naturel, avec <strong>des r\u00e9flexes<br \/>\nexceptionnels et une condition physique redoutable<\/strong>. Il est<br \/>\nparticuli\u00e8rement redoutable dans les virages \u00e0 gauche. Ce qui le<br \/>\nrend fort, c\u2019est aussi son point faible : il est intr\u00e9pide, voire<br \/>\nparfois imprudent. Cette audace lui a co\u00fbt\u00e9 par le pass\u00e9.<br \/>\n<strong>Mais s\u2019il reste entier, ce championnat 2025 est pour<br \/>\nlui<\/strong>. On peut presque d\u00e9j\u00e0 graver son nom sur la<br \/>\ncoupe. \u00bb<\/p>\n<p>Pour <strong>Jorge Lorenzo<\/strong>, cette p\u00e9riode reste une des<br \/>\nplus intenses et exaltantes du MotoGP. Si la rivalit\u00e9 avec <a href=\"https:\/\/www.paddock-gp.com\/motogp-rossi-vs-marquez-quand-la-legende-risque-de-devenir-le-vilain-de-lhistoire\/\" rel=\"nofollow noopener\" target=\"_blank\"><br \/>\n<strong>Rossi<\/strong><\/a> a parfois vir\u00e9 \u00e0 la guerre froide, elle<br \/>\nn\u2019a jamais effac\u00e9 le respect entre les champions. Et aujourd\u2019hui,<br \/>\navec le recul, c\u2019est la grandeur de ces duels qui reste.<\/p>\n<p><img loading=\"lazy\" decoding=\"async\" class=\"aligncenter wp-image-1314081\" src=\"https:\/\/www.europesays.com\/fr\/wp-content\/uploads\/2025\/07\/Jorge-Lorenzo.jpg\" alt=\"Jorge Lorenzo \" width=\"590\" height=\"353\"\/><\/p>\n","protected":false},"excerpt":{"rendered":"Lors d\u2019un entretien, Jorge Lorenzo est revenu sans d\u00e9tour sur l\u2019\u00e9poque dor\u00e9e du MotoGP, celle des \u00ab\u00a0Cinq Fantastiques\u00a0\u00bb,&hellip;\n","protected":false},"author":2,"featured_media":277494,"comment_status":"","ping_status":"","sticky":false,"template":"","format":"standard","meta":{"footnotes":""},"categories":[1413],"tags":[1011,27,1457,1456,60],"class_list":{"0":"post-277493","1":"post","2":"type-post","3":"status-publish","4":"format-standard","5":"has-post-thumbnail","7":"category-moto","8":"tag-fr","9":"tag-france","10":"tag-moto","11":"tag-motocycle","12":"tag-sports"},"share_on_mastodon":{"url":"https:\/\/pubeurope.com\/@fr\/114925527984289426","error":""},"_links":{"self":[{"href":"https:\/\/www.europesays.com\/fr\/wp-json\/wp\/v2\/posts\/277493","targetHints":{"allow":["GET"]}}],"collection":[{"href":"https:\/\/www.europesays.com\/fr\/wp-json\/wp\/v2\/posts"}],"about":[{"href":"https:\/\/www.europesays.com\/fr\/wp-json\/wp\/v2\/types\/post"}],"author":[{"embeddable":true,"href":"https:\/\/www.europesays.com\/fr\/wp-json\/wp\/v2\/users\/2"}],"replies":[{"embeddable":true,"href":"https:\/\/www.europesays.com\/fr\/wp-json\/wp\/v2\/comments?post=277493"}],"version-history":[{"count":0,"href":"https:\/\/www.europesays.com\/fr\/wp-json\/wp\/v2\/posts\/277493\/revisions"}],"wp:featuredmedia":[{"embeddable":true,"href":"https:\/\/www.europesays.com\/fr\/wp-json\/wp\/v2\/media\/277494"}],"wp:attachment":[{"href":"https:\/\/www.europesays.com\/fr\/wp-json\/wp\/v2\/media?parent=277493"}],"wp:term":[{"taxonomy":"category","embeddable":true,"href":"https:\/\/www.europesays.com\/fr\/wp-json\/wp\/v2\/categories?post=277493"},{"taxonomy":"post_tag","embeddable":true,"href":"https:\/\/www.europesays.com\/fr\/wp-json\/wp\/v2\/tags?post=277493"}],"curies":[{"name":"wp","href":"https:\/\/api.w.org\/{rel}","templated":true}]}}