{"id":277502,"date":"2025-07-27T13:56:13","date_gmt":"2025-07-27T13:56:13","guid":{"rendered":"https:\/\/www.europesays.com\/fr\/277502\/"},"modified":"2025-07-27T13:56:13","modified_gmt":"2025-07-27T13:56:13","slug":"avant-meme-davoir-le-bac-javais-monte-ma-micro-entreprise-avec-ses-fresques-le-varois-arnaud-alias-isayka-colore-le-monde","status":"publish","type":"post","link":"https:\/\/www.europesays.com\/fr\/277502\/","title":{"rendered":"\u00ab\u00a0Avant m\u00eame d\u2019avoir le bac, j\u2019avais mont\u00e9 ma micro-entreprise!\u00a0\u00bb: avec ses fresques, le Varois Arnaud, alias Isayka, colore le monde"},"content":{"rendered":"<p>Un soleil \u00e9blouissant et incandescent, des rameaux d\u2019oliviers charg\u00e9s de fruits, des pieds de lavande, des cigales dor\u00e9es. Pas de doute, \u00e7a sent la Provence. \u00c9l\u00e9ment central, l\u2019\u00e9glise Saint-Laurent de Flayosc, reconnaissable \u00e0 sa tour coiff\u00e9e d\u2019un campanile et l\u2019inscription \u00ab\u00a0J\u2019aime Flai\u00f2\u00a0\u00bb ancrent la sc\u00e8ne au village.<\/p>\n<p>Mais alors pourquoi le monument religieux est enlac\u00e9 par un batracien g\u00e9ant et couronn\u00e9? \u00ab\u00a0C\u2019est li\u00e9 \u00e0 une l\u00e9gende locale: une reinette dor\u00e9e est cach\u00e9e sous une place du village, d\u00e9voile le jeune Arnaud Cariou, casquette vis\u00e9e sur la t\u00eate. Et les tours reli\u00e9es par une enceinte figurent au-dessus du blason de la ville.\u00a0\u00bb<\/p>\n<p>Huit jours de travail intenses<\/p>\n<p>Arnaud Cariou, 19 ans, s\u2019est beaucoup document\u00e9 pour cette fresque de 10 m\u00e8tres de long et 4,5 m\u00e8tres de large, avant de pr\u00e9senter son projet complet \u00e0 la mairie. Achev\u00e9e d\u00e9but juillet au bout de huit jours intenses et apr\u00e8s quelques d\u00e9convenues m\u00e9t\u00e9orologiques (averse, gr\u00eale, bourrasques), l\u2019\u0153uvre d\u2019art a \u00e9t\u00e9 inaugur\u00e9e mercredi soir.<\/p>\n<p>Elle a pris vie sous les yeux curieux des habitants et des touristes. Arnaud prenait alors du temps pour les \u00e9couter entre deux coups de bombes de peintures et des traits de feutres acryliques. \u00ab\u00a0Pour les montagnes bleues, certains y voyaient plut\u00f4t la mer&#8230;\u00a0\u00bb<\/p>\n<p>Tout est parti d\u2019une id\u00e9e simple, celle de la monitrice d\u2019auto-\u00e9cole du village. \u00ab\u00a0C\u2019est elle qui m\u2019a mis sur la piste\u00a0\u00bb, confie-t-il. Quelques mois plus tard, le mur blanc du porche du boulevard Jean-Moulin est devenu un point de rencontre, un lieu vivant.<\/p>\n<p>Arnaud Cariou, de son nom d\u2019artiste Isayka, n\u2019en est pas \u00e0 son coup d\u2019essai. \u00ab\u00a0J\u2019ai commenc\u00e9 \u00e0 15 ans avec la salle du foyer des jeunes de Flayosc\u00a0\u00bb.<\/p>\n<p>Depuis, il encha\u00eene les commandes principalement dans des \u00e9tablissements scolaires. Dans son ancien coll\u00e8ge Jean-Rostand de Draguignan, il a peint une fresque contre le harc\u00e8lement. \u00ab\u00a0Avant m\u00eame d\u2019avoir le bac, j\u2019avais mont\u00e9 ma micro-entreprise!\u00a0\u00bb, glisse le jeune homme avec fiert\u00e9.<\/p>\n<p>              <img ci-src=\"https:\/\/www.varmatin.com\/vie-locale\/protec\/DATA_ART_15974548-XrYmuxRt.jpg?vh=78f749&amp;ci_seal=96af1c1605\" alt=\"\"\/><br \/>\n        Cette fresque mesure 10m\u00e8tres de long et 4,5 m\u00e8tres de large. <\/p>\n<p>                                Sur tout support<\/p>\n<p>Bien s\u00fbr, Isayka n\u2019abandonne pas pour autant ses \u00e9tudes. \u00ab\u00a0Il fallait que j\u2019allie l\u2019art et le bagage scolaire alors je me suis inscrit dans une fili\u00e8re h\u00f4tellerie-restauration au lyc\u00e9e L\u00e9on-Blum.\u00a0\u00bb Snack \u00e0 R\u00e9gusse, porte de garage \u00e0 Trans-en-Provence, marches d\u2019escalier du coll\u00e8ge des Arcs, carrosserie de fourgon, tee-shirt,&#8230; l\u2019artiste-peintre peint partout, sur tout. Et sans avoir \u00ab\u00a0de style particulier\u00a0\u00bb, ses cr\u00e9ations sont clairement inspir\u00e9es de l\u2019univers du street art. \u00ab\u00a0Ce n\u2019est pas un don, m\u00eame si certains ont des facilit\u00e9s. Il faut \u00eatre curieux, audacieux et pers\u00e9v\u00e9rant.\u00a0\u00bb<\/p>\n<p>C\u2019est un professeur lorsqu\u2019il \u00e9tait en CM1 qui, proposant r\u00e9guli\u00e8rement des activit\u00e9s artistiques, lui a inocul\u00e9 ce go\u00fbt pour le dessin.<\/p>\n<p>Et ce nom d\u2019artiste, Isayka? \u00ab\u00a0Un jour, j\u2019\u00e9tais en famille au lac de Sainte-Croix. J\u2019ai aper\u00e7u un enfant qui essayait de graver quelque chose. Il \u00e9tait marqu\u00e9 Isayka. Je ne sais pas ce que cela veut dire mais cet enfant oui. J\u2019ai voulu immortaliser ce moment. Et aujourd\u2019hui, il signifie quelque chose.\u00a0\u00bb<\/p>\n","protected":false},"excerpt":{"rendered":"Un soleil \u00e9blouissant et incandescent, des rameaux d\u2019oliviers charg\u00e9s de fruits, des pieds de lavande, des cigales dor\u00e9es.&hellip;\n","protected":false},"author":2,"featured_media":277503,"comment_status":"","ping_status":"","sticky":false,"template":"","format":"standard","meta":{"footnotes":""},"categories":[1358],"tags":[1348,1384,1385,1386,58,59,1011,27,1352,3366],"class_list":{"0":"post-277502","1":"post","2":"type-post","3":"status-publish","4":"format-standard","5":"has-post-thumbnail","7":"category-arts-et-design","8":"tag-arts","9":"tag-arts-and-design","10":"tag-arts-et-design","11":"tag-design","12":"tag-divertissement","13":"tag-entertainment","14":"tag-fr","15":"tag-france","16":"tag-urbanisme","17":"tag-vie-locale"},"share_on_mastodon":{"url":"https:\/\/pubeurope.com\/@fr\/114925547254964137","error":""},"_links":{"self":[{"href":"https:\/\/www.europesays.com\/fr\/wp-json\/wp\/v2\/posts\/277502","targetHints":{"allow":["GET"]}}],"collection":[{"href":"https:\/\/www.europesays.com\/fr\/wp-json\/wp\/v2\/posts"}],"about":[{"href":"https:\/\/www.europesays.com\/fr\/wp-json\/wp\/v2\/types\/post"}],"author":[{"embeddable":true,"href":"https:\/\/www.europesays.com\/fr\/wp-json\/wp\/v2\/users\/2"}],"replies":[{"embeddable":true,"href":"https:\/\/www.europesays.com\/fr\/wp-json\/wp\/v2\/comments?post=277502"}],"version-history":[{"count":0,"href":"https:\/\/www.europesays.com\/fr\/wp-json\/wp\/v2\/posts\/277502\/revisions"}],"wp:featuredmedia":[{"embeddable":true,"href":"https:\/\/www.europesays.com\/fr\/wp-json\/wp\/v2\/media\/277503"}],"wp:attachment":[{"href":"https:\/\/www.europesays.com\/fr\/wp-json\/wp\/v2\/media?parent=277502"}],"wp:term":[{"taxonomy":"category","embeddable":true,"href":"https:\/\/www.europesays.com\/fr\/wp-json\/wp\/v2\/categories?post=277502"},{"taxonomy":"post_tag","embeddable":true,"href":"https:\/\/www.europesays.com\/fr\/wp-json\/wp\/v2\/tags?post=277502"}],"curies":[{"name":"wp","href":"https:\/\/api.w.org\/{rel}","templated":true}]}}