{"id":277514,"date":"2025-07-27T14:03:16","date_gmt":"2025-07-27T14:03:16","guid":{"rendered":"https:\/\/www.europesays.com\/fr\/277514\/"},"modified":"2025-07-27T14:03:16","modified_gmt":"2025-07-27T14:03:16","slug":"fort-boyard-la-bourde-de-manon-azem-laisse-olivier-minne-sans-voix","status":"publish","type":"post","link":"https:\/\/www.europesays.com\/fr\/277514\/","title":{"rendered":"Fort Boyard : la bourde de Manon Azem laisse Olivier Minne sans voix !"},"content":{"rendered":"<p>Ce samedi 26 juillet 2025, le c\u00e9l\u00e8bre Fort Boyard a r\u00e9serv\u00e9 <strong>une surprise inattendue<\/strong>. Lors d\u2019une nouvelle \u00e9mission, Manon Azem, actrice tr\u00e8s appr\u00e9ci\u00e9e, <strong>a commis une erreur<\/strong> qui a fait sourire tout le plateau.<\/p>\n<p>Olivier Minne, l\u2019animateur embl\u00e9matique, <strong>est rest\u00e9 bouche b\u00e9e<\/strong> devant ce moment plut\u00f4t inhabituel survenu <strong>en pleine \u00e9preuve<\/strong>. Retour sur <a href=\"https:\/\/www.public.fr\/fort-boyard-jimmy-mohamed-chute-et-se-fait-tres-mal-france-2-tente-de-cacher-la-blessure\" target=\"_blank\" rel=\"noopener\">cette petite bourde<\/a> qui a \u00e9gay\u00e9 la soir\u00e9e.<\/p>\n<p>Manon Azem oublie la cl\u00e9 et d\u00e9route Olivier Minne<\/p>\n<p>Pendant une des \u00e9preuves du programme, Manon Azem a parfaitement r\u00e9ussi sa mission\u2026 mais elle a oubli\u00e9 l\u2019essentiel : <strong>la cl\u00e9<\/strong>. Ce petit d\u00e9tail a surpris Olivier Minne, habitu\u00e9 \u00e0 ce que ses candidats restent concentr\u00e9s jusqu\u2019au bout. L\u2019actrice, un peu g\u00ean\u00e9e, s\u2019en est rapidement rendu compte, provoquant <strong>une vague de rires<\/strong> sur le plateau.<\/p>\n<p>Heureusement, <strong>l\u2019erreur a pu \u00eatre corrig\u00e9e<\/strong> gr\u00e2ce \u00e0 l\u2019aide d\u2019un co\u00e9quipier. Cette sc\u00e8ne, l\u00e9g\u00e8re et spontan\u00e9e, a offert <strong>un moment de d\u00e9tente<\/strong> bienvenu dans cette \u00e9dition charg\u00e9e en \u00e9motions. Olivier Minne, un peu surpris, a rapidement retrouv\u00e9 le sourire, partageant <strong>ce moment complice<\/strong> avec les candidats.<\/p>\n<p>Olivier Minne et Manon Azem, deux visages marquants de cette saison finale<\/p>\n<p>Cette saison <strong>est particuli\u00e8re<\/strong> car elle marque <a href=\"https:\/\/www.public.fr\/des-coups-de-telephone-pour-obtenir-le-poste-fort-boyard-cette-star-de-koh-lanta-en-passe-de-remplacer-olivier-minne\" target=\"_blank\" rel=\"noopener\">la fin d\u2019une longue aventure<\/a> pour Olivier Minne. Apr\u00e8s plusieurs ann\u00e9es \u00e0 animer Fort Boyard, il s\u2019appr\u00eate <strong>\u00e0 passer le relais<\/strong>. Les \u00e9quipes du programme lui ont d\u00e9j\u00e0 r\u00e9serv\u00e9 <strong>des surprises \u00e9mouvantes<\/strong> en coulisses, t\u00e9moignant de la place qu\u2019il occupe.<\/p>\n<p>Cette bourde de Manon Azem a donc \u00e9t\u00e9 l\u2019<strong>un des moments l\u00e9gers<\/strong> de cette ultime saison. Olivier Minne, souvent \u00e9mu ces derniers temps, a pu respirer un peu gr\u00e2ce \u00e0 cette sc\u00e8ne <strong>dr\u00f4le et inattendue<\/strong>. Les fans, eux, garderont ce souvenir dr\u00f4le en t\u00eate.<\/p>\n<p>Quand Manon Azem suit les traces de Philippe Etchebest<\/p>\n<p><strong>Il n\u2019est pas rare<\/strong> que les candidats oublient la cl\u00e9, mais la petite erreur de Manon Azem a rappel\u00e9 un souvenir c\u00e9l\u00e8bre. En effet, le chef Philippe Etchebest <strong>avait lui aussi<\/strong> fait cette m\u00eame boulette lors d\u2019une \u00e9mission pr\u00e9c\u00e9dente. Ce clin d\u2019\u0153il a amus\u00e9 les internautes, qui n\u2019ont pas manqu\u00e9 <strong>de faire le lien.<\/strong><\/p>\n<p>Sur les r\u00e9seaux sociaux, beaucoup ont salu\u00e9 <strong>la bonne humeur<\/strong> de l&rsquo;actrice malgr\u00e9 ce couac. Cet instant prouve que m\u00eame dans une \u00e9mission aussi rod\u00e9e que Fort Boyard, il y a toujours <strong>place \u00e0 l\u2019impr\u00e9vu et \u00e0 la spontan\u00e9it\u00e9<\/strong>.<\/p>\n<p>      Mentionn\u00e9s dans cet article<\/p>\n<p>\u00c0 lire aussi<\/p>\n","protected":false},"excerpt":{"rendered":"Ce samedi 26 juillet 2025, le c\u00e9l\u00e8bre Fort Boyard a r\u00e9serv\u00e9 une surprise inattendue. Lors d\u2019une nouvelle \u00e9mission,&hellip;\n","protected":false},"author":2,"featured_media":277515,"comment_status":"","ping_status":"","sticky":false,"template":"","format":"standard","meta":{"footnotes":""},"categories":[8],"tags":[19623,58,59,15745,1011,27,594,41680,26789],"class_list":{"0":"post-277514","1":"post","2":"type-post","3":"status-publish","4":"format-standard","5":"has-post-thumbnail","7":"category-divertissement","8":"tag-boulette","9":"tag-divertissement","10":"tag-entertainment","11":"tag-fort-boyard","12":"tag-fr","13":"tag-france","14":"tag-france-2","15":"tag-manon-azem","16":"tag-rire"},"share_on_mastodon":{"url":"https:\/\/pubeurope.com\/@fr\/114925574760214439","error":""},"_links":{"self":[{"href":"https:\/\/www.europesays.com\/fr\/wp-json\/wp\/v2\/posts\/277514","targetHints":{"allow":["GET"]}}],"collection":[{"href":"https:\/\/www.europesays.com\/fr\/wp-json\/wp\/v2\/posts"}],"about":[{"href":"https:\/\/www.europesays.com\/fr\/wp-json\/wp\/v2\/types\/post"}],"author":[{"embeddable":true,"href":"https:\/\/www.europesays.com\/fr\/wp-json\/wp\/v2\/users\/2"}],"replies":[{"embeddable":true,"href":"https:\/\/www.europesays.com\/fr\/wp-json\/wp\/v2\/comments?post=277514"}],"version-history":[{"count":0,"href":"https:\/\/www.europesays.com\/fr\/wp-json\/wp\/v2\/posts\/277514\/revisions"}],"wp:featuredmedia":[{"embeddable":true,"href":"https:\/\/www.europesays.com\/fr\/wp-json\/wp\/v2\/media\/277515"}],"wp:attachment":[{"href":"https:\/\/www.europesays.com\/fr\/wp-json\/wp\/v2\/media?parent=277514"}],"wp:term":[{"taxonomy":"category","embeddable":true,"href":"https:\/\/www.europesays.com\/fr\/wp-json\/wp\/v2\/categories?post=277514"},{"taxonomy":"post_tag","embeddable":true,"href":"https:\/\/www.europesays.com\/fr\/wp-json\/wp\/v2\/tags?post=277514"}],"curies":[{"name":"wp","href":"https:\/\/api.w.org\/{rel}","templated":true}]}}