{"id":277521,"date":"2025-07-27T14:07:11","date_gmt":"2025-07-27T14:07:11","guid":{"rendered":"https:\/\/www.europesays.com\/fr\/277521\/"},"modified":"2025-07-27T14:07:11","modified_gmt":"2025-07-27T14:07:11","slug":"le-president-turc-erdogan-felicite-emmanuel-macron","status":"publish","type":"post","link":"https:\/\/www.europesays.com\/fr\/277521\/","title":{"rendered":"le pr\u00e9sident turc Erdogan f\u00e9licite Emmanuel Macron"},"content":{"rendered":"<p>Pour Recep Tayyip Erdogan, une solution \u00e0 deux \u00c9tats est essentielle \u00e0 une paix durable dans la r\u00e9gion.<\/p>\n<p class=\"fig-paragraph\">La future reconnaissance par la France de l\u2019\u00c9tat palestinien f\u00e2che, certes, Isra\u00ebl et d\u00e9concerte l\u2019Allemagne, mais elle satisfait la Turquie. Ce dimanche, lors d\u2019un appel t\u00e9l\u00e9phonique,\u00a0<a href=\"http:\/\/www.lefigaro.fr\/international\/erdogan-n-a-plus-aucune-limite-en-turquie-le-president-ecarte-son-principal-rival-imamoglu-20250323\" target=\"_blank\" data-fig-type=\"Article\" rel=\"noopener nofollow\" data-gtm-custom-categorie=\"navigation\" data-gtm-custom-action=\"crossclick\" data-gtm-custom-label=\"Contextuel\" data-gtm-event=\"customEventSPE\" data-fig-domain=\"LEFIGARO\">Recep Tayyip Erdogan<\/a>\u00a0a f\u00e9licit\u00e9 Emmanuel Macron pour sa d\u00e9cision, a indiqu\u00e9 la pr\u00e9sidence turque dans un communiqu\u00e9.<\/p>\n<p class=\"fig-paragraph\">\u00abUne solution \u00e0 deux \u00c9tats est essentielle en vue d\u2019une paix durable dans la r\u00e9gion\u00bb, a soulign\u00e9 le chef de l\u2019\u00c9tat turc, appelant la communaut\u00e9 internationale \u00e0 \u00abagir\u00bb urgemment face \u00e0 la situation humanitaire dans la bande de Gaza.<\/p>\n<p>                                    <a class=\"fig-a11y-skip a11y-hidden\" href=\"#fig-a11y-skip-main-inarticle\"><br \/>\n        Passer la publicit\u00e9<br \/>\n    <\/a><\/p>\n<p class=\"fig-paragraph\">Le vice-ministre turc des Affaires \u00e9trang\u00e8res Nuh Yilmaz participera lundi et mardi \u00e0 New York \u00e0 une conf\u00e9rence copr\u00e9sid\u00e9e par la France et l\u2019Arabie saoudite visant \u00e0 relancer le processus de cette solution \u00e0 deux \u00c9tats.<\/p>\n","protected":false},"excerpt":{"rendered":"Pour Recep Tayyip Erdogan, une solution \u00e0 deux \u00c9tats est essentielle \u00e0 une paix durable dans la r\u00e9gion.&hellip;\n","protected":false},"author":2,"featured_media":277522,"comment_status":"","ping_status":"","sticky":false,"template":"","format":"standard","meta":{"footnotes":""},"categories":[4],"tags":[11,8421,1011,27,12,25],"class_list":{"0":"post-277521","1":"post","2":"type-post","3":"status-publish","4":"format-standard","5":"has-post-thumbnail","7":"category-france","8":"tag-actualites","9":"tag-etat-palestinien","10":"tag-fr","11":"tag-france","12":"tag-news","13":"tag-republique-francaise"},"share_on_mastodon":{"url":"https:\/\/pubeurope.com\/@fr\/114925590553379951","error":""},"_links":{"self":[{"href":"https:\/\/www.europesays.com\/fr\/wp-json\/wp\/v2\/posts\/277521","targetHints":{"allow":["GET"]}}],"collection":[{"href":"https:\/\/www.europesays.com\/fr\/wp-json\/wp\/v2\/posts"}],"about":[{"href":"https:\/\/www.europesays.com\/fr\/wp-json\/wp\/v2\/types\/post"}],"author":[{"embeddable":true,"href":"https:\/\/www.europesays.com\/fr\/wp-json\/wp\/v2\/users\/2"}],"replies":[{"embeddable":true,"href":"https:\/\/www.europesays.com\/fr\/wp-json\/wp\/v2\/comments?post=277521"}],"version-history":[{"count":0,"href":"https:\/\/www.europesays.com\/fr\/wp-json\/wp\/v2\/posts\/277521\/revisions"}],"wp:featuredmedia":[{"embeddable":true,"href":"https:\/\/www.europesays.com\/fr\/wp-json\/wp\/v2\/media\/277522"}],"wp:attachment":[{"href":"https:\/\/www.europesays.com\/fr\/wp-json\/wp\/v2\/media?parent=277521"}],"wp:term":[{"taxonomy":"category","embeddable":true,"href":"https:\/\/www.europesays.com\/fr\/wp-json\/wp\/v2\/categories?post=277521"},{"taxonomy":"post_tag","embeddable":true,"href":"https:\/\/www.europesays.com\/fr\/wp-json\/wp\/v2\/tags?post=277521"}],"curies":[{"name":"wp","href":"https:\/\/api.w.org\/{rel}","templated":true}]}}