{"id":277525,"date":"2025-07-27T14:11:16","date_gmt":"2025-07-27T14:11:16","guid":{"rendered":"https:\/\/www.europesays.com\/fr\/277525\/"},"modified":"2025-07-27T14:11:16","modified_gmt":"2025-07-27T14:11:16","slug":"la-foire-de-saint-etienne-2025-5-anecdotes-de-lirlande","status":"publish","type":"post","link":"https:\/\/www.europesays.com\/fr\/277525\/","title":{"rendered":"LA FOIRE DE SAINT-\u00c9TIENNE 2025 : 5 ANECDOTES DE L&rsquo;IRLANDE"},"content":{"rendered":"<p>                <a href=\"https:\/\/cadenceradio.fr\" target=\"_blank\" aria-label=\"Banni\u00e8re Cadence 2025\" rel=\"noopener\"><img loading=\"lazy\" decoding=\"async\" src=\"https:\/\/www.europesays.com\/fr\/wp-content\/uploads\/2025\/07\/Banniere-Cadence-2025-scaled.jpg\" alt=\"\"   width=\"2560\" height=\"738\"\/><\/a><\/p>\n<p>Apr\u00e8s le succ\u00e8s de l\u2019\u00e9dition 2024 consacr\u00e9e au Japon qui a attir\u00e9 76 000 visiteurs, l\u2019\u00e9v\u00e9nement phare de la rentr\u00e9e commerciale du sud Loire met cette ann\u00e9e le cap sur l\u2019Irlande et ses traditions mill\u00e9naires.<\/p>\n<p>Une immersion totale dans la culture celtique<\/p>\n<p>L\u2019organisation promet une exposition immersive permettant de plonger au c\u0153ur des mythes et traditions irlandaises. Sur pr\u00e8s de 1 000 m\u00e8tres carr\u00e9s, les visiteurs pourront d\u00e9couvrir un univers f\u00e9\u00e9rique o\u00f9 se m\u00ealeront l\u00e9gendes celtiques, musique traditionnelle et animations spectaculaires. Les visiteurs pourront aussi profiter de musique celtique qui r\u00e9sonnera dans l\u2019enceinte du Parc Expo pendant les dix jours de l\u2019\u00e9v\u00e9nement.<\/p>\n<p>Un \u00e9v\u00e9nement \u00e9conomique majeur ancr\u00e9 dans le territoire<\/p>\n<p>Cette \u00e9dition 2025 affiche fi\u00e8rement ses couleurs locales avec 51% des exposants issus de la Loire et 76% d\u2019Auvergne-Rh\u00f4ne-Alpes. Les 250 exposants se r\u00e9partiront dans quatre grands secteurs : Habitat &amp; Jardin, Village du Savoir-Faire, Tourisme\/Sport\/Loisirs, et une nouveaut\u00e9 pour 2025, un espace d\u00e9di\u00e9 \u00e0 la mode, la beaut\u00e9 et au bien-\u00eatre. Cette diversification r\u00e9pond aux attentes contemporaines tout en valorisant l\u2019artisanat et les comp\u00e9tences territoriales.<\/p>\n<p>5 anecdotes surprenantes sur l\u2019Irlande \u00e0 d\u00e9couvrir pendant la Foire<\/p>\n<p>1. L\u2019Irlande, seul pays au monde avec un instrument de musique comme symbole national<\/p>\n<p>L\u2019Irlande est le seul pays au monde \u00e0 poss\u00e9der un instrument de musique comme symbole national. Le plus ancien et connu symbole est log\u00e9 \u00e0 Trinity College, Dublin. Il remonte \u00e0 au moins 1500! Cette harpe celtique embl\u00e9matique sera certainement mise \u00e0 l\u2019honneur lors de l\u2019exposition immersive de la Foire.<\/p>\n<p>2. Les moulins tournent dans le sens inverse<\/p>\n<p>L\u2019Irlande est le seul pays au monde o\u00f9 les moulins \u00e0 vent tourneraient dans le sens des aiguilles d\u2019une montre. Partout dans le monde, ils tournent dans le sens inverse des aiguilles d\u2019une montre. Une particularit\u00e9 \u00e9tonnante qui pourrait faire l\u2019objet d\u2019une d\u00e9monstration ludique pendant l\u2019\u00e9v\u00e9nement.<\/p>\n<p>3. Une tradition d\u2019anniversaire pour le moins surprenante<\/p>\n<p>Il y a une \u00e9trange tradition Irlandaise qui consiste \u00e0 soulever l\u2019enfant qui f\u00eate son anniversaire et de taper sa t\u00eate doucement par terre afin de lui donner bonne chance dans sa vie ! Le nombre de bosses correspondrait \u00e0 son \u00e2ge. Une coutume qui ne manquera pas de faire sourire les visiteurs st\u00e9phanois !<\/p>\n<p>4. Champions du monde de la consommation de th\u00e9<\/p>\n<p>A la troisi\u00e8me place mondiale derri\u00e8re la Turquie (7,52kg\/p.a) et le Maroc (4,34kg\/p.a), l\u2019irlandais moyen consomme annuellement pr\u00e8s de 3,22kg de th\u00e9 contre 2,74 pour le Britannique, cinqui\u00e8me au classement. Les amateurs de th\u00e9 pourront certainement d\u00e9guster quelques breuvages traditionnels dans la Halle Gourmande de la Foire.<\/p>\n<p>5. Le pain porte-bonheur aux croix myst\u00e9rieuses<\/p>\n<p>Les familles pensaient que le fait de d\u00e9couper une croix dans le pain permettait aux f\u00e9es de sortir ou d\u2019\u00e9loigner le mal et de prot\u00e9ger la famille. Cette tradition du \u00ab\u00a0soda bread\u00a0\u00bb irlandais pourrait faire l\u2019objet de d\u00e9monstrations culinaires lors de l\u2019\u00e9v\u00e9nement.<\/p>\n<p>Une programmation riche en d\u00e9couvertes<\/p>\n<p>Au-del\u00e0 de l\u2019exposition principale, la Foire proposera de nombreuses animations pour faire vivre l\u2019esprit irlandais aux visiteurs. La Halle Gourmande, triplement agrandie, accueillera producteurs et artisans du go\u00fbt pour des d\u00e9gustations m\u00e9morables. Un nouvel espace Guinguette permettra de prolonger l\u2019exp\u00e9rience dans une ambiance conviviale et festive, peut-\u00eatre autour d\u2019une Guinness ou d\u2019un Irish coffee.<\/p>\n<p>Informations pratiques<\/p>\n<p>La Foire de Saint-\u00c9tienne se d\u00e9roulera du 19 au 29 septembre 2025 au Parc Expo. Cr\u00e9\u00e9 en 1949, en sera \u00e0 sa 76e \u00e9dition, confirmant son statut d\u2019\u00e9v\u00e9nement incontournable de la rentr\u00e9e dans la r\u00e9gion.<\/p>\n","protected":false},"excerpt":{"rendered":"Apr\u00e8s le succ\u00e8s de l\u2019\u00e9dition 2024 consacr\u00e9e au Japon qui a attir\u00e9 76 000 visiteurs, l\u2019\u00e9v\u00e9nement phare de&hellip;\n","protected":false},"author":2,"featured_media":277526,"comment_status":"","ping_status":"","sticky":false,"template":"","format":"standard","meta":{"footnotes":""},"categories":[9653],"tags":[1111,11,2430,1777,674,4434,1011,27,3367,12,7054,25,4001],"class_list":{"0":"post-277525","1":"post","2":"type-post","3":"status-publish","4":"format-standard","5":"has-post-thumbnail","7":"category-saint-etienne","8":"tag-actu","9":"tag-actualites","10":"tag-auvergne-rhone-alpes","11":"tag-eu","12":"tag-europe","13":"tag-foire","14":"tag-fr","15":"tag-france","16":"tag-loire","17":"tag-news","18":"tag-parc-des-expositions","19":"tag-republique-francaise","20":"tag-saint-etienne"},"share_on_mastodon":{"url":"https:\/\/pubeurope.com\/@fr\/114925606269910680","error":""},"_links":{"self":[{"href":"https:\/\/www.europesays.com\/fr\/wp-json\/wp\/v2\/posts\/277525","targetHints":{"allow":["GET"]}}],"collection":[{"href":"https:\/\/www.europesays.com\/fr\/wp-json\/wp\/v2\/posts"}],"about":[{"href":"https:\/\/www.europesays.com\/fr\/wp-json\/wp\/v2\/types\/post"}],"author":[{"embeddable":true,"href":"https:\/\/www.europesays.com\/fr\/wp-json\/wp\/v2\/users\/2"}],"replies":[{"embeddable":true,"href":"https:\/\/www.europesays.com\/fr\/wp-json\/wp\/v2\/comments?post=277525"}],"version-history":[{"count":0,"href":"https:\/\/www.europesays.com\/fr\/wp-json\/wp\/v2\/posts\/277525\/revisions"}],"wp:featuredmedia":[{"embeddable":true,"href":"https:\/\/www.europesays.com\/fr\/wp-json\/wp\/v2\/media\/277526"}],"wp:attachment":[{"href":"https:\/\/www.europesays.com\/fr\/wp-json\/wp\/v2\/media?parent=277525"}],"wp:term":[{"taxonomy":"category","embeddable":true,"href":"https:\/\/www.europesays.com\/fr\/wp-json\/wp\/v2\/categories?post=277525"},{"taxonomy":"post_tag","embeddable":true,"href":"https:\/\/www.europesays.com\/fr\/wp-json\/wp\/v2\/tags?post=277525"}],"curies":[{"name":"wp","href":"https:\/\/api.w.org\/{rel}","templated":true}]}}