{"id":277538,"date":"2025-07-27T14:27:13","date_gmt":"2025-07-27T14:27:13","guid":{"rendered":"https:\/\/www.europesays.com\/fr\/277538\/"},"modified":"2025-07-27T14:27:13","modified_gmt":"2025-07-27T14:27:13","slug":"six-heures-de-retard-30-passagers-laisses-sur-le-tarmac-recit-dun-vol-easyjet-rennes-nice-chaotique","status":"publish","type":"post","link":"https:\/\/www.europesays.com\/fr\/277538\/","title":{"rendered":"Six heures de retard, 30 passagers laiss\u00e9s sur le tarmac\u2026 R\u00e9cit d\u2019un vol EasyJet Rennes-Nice chaotique"},"content":{"rendered":"<p>Les 180 passagers du vol EJU1604 Rennes-Nice d\u2019EasyJet ont v\u00e9cu une journ\u00e9e pour le moins mouvement\u00e9e, ce vendredi. Une succession d\u2019impr\u00e9vus a transform\u00e9 leur trajet en v\u00e9ritable cauchemar.<\/p>\n<p>Leur avion, qui devait initialement se poser \u00e0 17h35 \u00e0 Nice, a finalement atterri \u00e0 23h30, soit 6 heures de retard, rapportent nos confr\u00e8res de Ouest-France.<\/p>\n<p>Tout commence en d\u00e9but d\u2019apr\u00e8s-midi. L\u2019avion, qui assure initialement la liaison Nice-Rennes avant de repartir en sens inverse vers 16 heures, subit un incident en vol: une collision avec un oiseau endommage un r\u00e9acteur. L\u2019appareil est d\u00e9rout\u00e9 vers Nantes pour v\u00e9rification.<\/p>\n<p>Ce contretemps entra\u00eene d\u00e9j\u00e0 plus de deux heures de retard.<\/p>\n<p>Arriv\u00e9 finalement \u00e0 Rennes en d\u00e9but de soir\u00e9e, l\u2019avion semble pr\u00eat \u00e0 repartir.<\/p>\n<p>Crise d\u2019angoisse d\u2019un passager<\/p>\n<p>\u00ab\u00a0Le commandant de bord a pris la parole pour expliquer les raisons de ce retard. Malheureusement ses explications ont g\u00e9n\u00e9r\u00e9 une crise d\u2019angoisse aupr\u00e8s d\u2019un passager qui a demand\u00e9 \u00e0 d\u00e9barquer\u00a0\u00bb, t\u00e9moigne l\u2019Azur\u00e9enne Sandrine, une des passag\u00e8res, sur les r\u00e9seaux sociaux.<\/p>\n<p>Le d\u00e9barquement du passager inquiet engendre un nouveau retard.<\/p>\n<p>\u00c0 20 heures, troisi\u00e8me obstacle: le commandant annonce qu\u2019un membre de l\u2019\u00e9quipage a atteint la limite l\u00e9gale de son temps de travail. R\u00e9sultat, avec un steward en moins, l\u2019avion ne peut pas voler avec plus de 150 personnes. Il faut donc en faire d\u00e9barquer 30.<\/p>\n<p>Probl\u00e8me: les volontaires ne se bousculent pas. Le prochain vol \u00e9tant pr\u00e9vu deux jours plus tard, soit le dimanche. Malgr\u00e9 la promesse d\u2019un h\u00e9bergement \u00e0 l\u2019h\u00f4tel et d\u2019une compensation de 300 euros, le nombre est insuffisant. L\u2019ambiance se tend, la police est appel\u00e9e.<\/p>\n<p>Un tirage au sort \u00e9voqu\u00e9 pour d\u00e9barquer<\/p>\n<p>\u00ab\u00a0Vingt et une personnes se portent volontaires. D\u00e8s lors commence de tr\u00e8s longues minutes puis heures d\u2019attente et de pression psychologique pour faire d\u00e9barquer d\u2019autres personnes suppl\u00e9mentaires. Les minutes d\u00e9filent, puis les heures. On nous parle m\u00eame de tirage au sort s\u2019il n\u2019y a pas assez de volontaires\u00a0\u00bb, poursuit Sandrine.<\/p>\n<p>Finalement, une trentaine de passagers acceptent. Le vol d\u00e9colle \u00e0 21h50, avec pr\u00e8s de six heures de retard.<\/p>\n<p>\u00ab\u00a0On a pass\u00e9 4 heures dans l\u2019avion, dans le stress, sous la pression&#8230; et sans rien avoir \u00e0 boire et \u00e0 manger. Une honte, d\u2019autant qu\u2019il y avait pas mal d\u2019enfants. \u00c0 23h20, nous avons atterri \u00e0 Nice soit avec quasi 6 heures de retard et \u00e9puis\u00e9s. Nous avions chacun d\u00e9sormais \u00e0 g\u00e9rer nos probl\u00e8mes de logistique pour aller o\u00f9 nous devions aller. Personnellement, n\u2019ayant plus de transport en commun, j\u2019ai d\u00fb prendre un taxi pour rentrer chez moi qui m\u2019a co\u00fbt\u00e9 70 euros\u00a0\u00bb, conclut Sandrine, qui remercie n\u00e9anmoins les passagers qui ont volontairement accept\u00e9 de d\u00e9barquer.<\/p>\n","protected":false},"excerpt":{"rendered":"Les 180 passagers du vol EJU1604 Rennes-Nice d\u2019EasyJet ont v\u00e9cu une journ\u00e9e pour le moins mouvement\u00e9e, ce vendredi.&hellip;\n","protected":false},"author":2,"featured_media":277539,"comment_status":"","ping_status":"","sticky":false,"template":"","format":"standard","meta":{"footnotes":""},"categories":[2821],"tags":[1111,11,829,1777,674,1011,27,12,584,25,800],"class_list":{"0":"post-277538","1":"post","2":"type-post","3":"status-publish","4":"format-standard","5":"has-post-thumbnail","7":"category-rennes","8":"tag-actu","9":"tag-actualites","10":"tag-bretagne","11":"tag-eu","12":"tag-europe","13":"tag-fr","14":"tag-france","15":"tag-news","16":"tag-rennes","17":"tag-republique-francaise","18":"tag-transports"},"share_on_mastodon":{"url":"https:\/\/pubeurope.com\/@fr\/114925669287587379","error":""},"_links":{"self":[{"href":"https:\/\/www.europesays.com\/fr\/wp-json\/wp\/v2\/posts\/277538","targetHints":{"allow":["GET"]}}],"collection":[{"href":"https:\/\/www.europesays.com\/fr\/wp-json\/wp\/v2\/posts"}],"about":[{"href":"https:\/\/www.europesays.com\/fr\/wp-json\/wp\/v2\/types\/post"}],"author":[{"embeddable":true,"href":"https:\/\/www.europesays.com\/fr\/wp-json\/wp\/v2\/users\/2"}],"replies":[{"embeddable":true,"href":"https:\/\/www.europesays.com\/fr\/wp-json\/wp\/v2\/comments?post=277538"}],"version-history":[{"count":0,"href":"https:\/\/www.europesays.com\/fr\/wp-json\/wp\/v2\/posts\/277538\/revisions"}],"wp:featuredmedia":[{"embeddable":true,"href":"https:\/\/www.europesays.com\/fr\/wp-json\/wp\/v2\/media\/277539"}],"wp:attachment":[{"href":"https:\/\/www.europesays.com\/fr\/wp-json\/wp\/v2\/media?parent=277538"}],"wp:term":[{"taxonomy":"category","embeddable":true,"href":"https:\/\/www.europesays.com\/fr\/wp-json\/wp\/v2\/categories?post=277538"},{"taxonomy":"post_tag","embeddable":true,"href":"https:\/\/www.europesays.com\/fr\/wp-json\/wp\/v2\/tags?post=277538"}],"curies":[{"name":"wp","href":"https:\/\/api.w.org\/{rel}","templated":true}]}}