{"id":277540,"date":"2025-07-27T14:28:24","date_gmt":"2025-07-27T14:28:24","guid":{"rendered":"https:\/\/www.europesays.com\/fr\/277540\/"},"modified":"2025-07-27T14:28:24","modified_gmt":"2025-07-27T14:28:24","slug":"des-lundi-la-deuxieme-phase-des-travaux-dete-va-perturber-les-lignes-c-et-d","status":"publish","type":"post","link":"https:\/\/www.europesays.com\/fr\/277540\/","title":{"rendered":"d\u00e8s lundi, la deuxi\u00e8me phase des travaux d\u2019\u00e9t\u00e9 va perturber les lignes C et D"},"content":{"rendered":"<p>La maintenance estivale (changement de rails, d\u2019aiguillages, \u2026) du r\u00e9seau de tram de la Compagnie des transports strasbourgeois (CTS) est un des \u00e9l\u00e9ments de la fiabilit\u00e9 et de la s\u00e9curit\u00e9 pour les voyageurs. \u00c0 partir du 28\u00a0juillet, ces travaux vont perturber les lignes C et D.<\/p>\n<p>Apr\u00e8s <a href=\"https:\/\/www.dna.fr\/videos\/a-strasbourg-les-travaux-d-ete-demarrent-sur-le-reseau-de-tramways-et-de-bus-de-la-cts-30sk5fz\" target=\"_blank\" rel=\"noopener\">une premi\u00e8re phase de chantier<\/a> qui a n\u00e9cessit\u00e9 l\u2019interruption de service entre Homme de Fer et Parc des Sports\/Poteries, ce sont les usagers de deux autres tron\u00e7ons du r\u00e9seau qui devront patienter et prendre les bus de remplacement.<\/p>\n<p>Du lundi 28\u00a0juillet jusqu\u2019au 22\u00a0ao\u00fbt inclus, la ligne D s\u2019arr\u00eatera \u00e0 Landsberg avec une interruption jusqu\u2019au terminus de Kehl. La ligne C venant de la Gare Centrale s\u2019interrompra \u00e9galement \u00e0 Landsberg jusqu\u2019au terminus de Neuhof\/Rodolphe Reuss.<\/p>\n<p>Afin d\u2019assurer la continuit\u00e9 du service, des bus de remplacement seront propos\u00e9s toutes les 7 \u00e0 8 minutes en journ\u00e9e. Ils circuleront sur la m\u00eame amplitude que le r\u00e9seau tramway (4\u00a0h\u00a030 \u2013 0\u00a0h\u00a030). Ils desserviront toutes les stations non desservies par les trams, \u00e0 l\u2019exception de Kehl Rathaus (terminus devant l\u2019h\u00f4tel de ville de Kehl).<\/p>\n<p>Des parcours alternatifs en bus<\/p>\n<p>\u00c0 propos de la ligne D dans Kehl, on peut pr\u00e9ciser encore qu\u2019un bus de remplacement sur deux ira \u00e0 la station Hochschule\/L\u00e4ger, l\u2019autre s\u2019arr\u00eatant \u00e0 Bahnhof (devant la gare ferroviaire).<\/p>\n<p>Parmi les parcours alternatifs pr\u00e9conis\u00e9s par la soci\u00e9t\u00e9 de transport (en compl\u00e9ment du bus de remplacement), la ligne de bus <a href=\"https:\/\/www.dna.fr\/transport\/2025\/07\/22\/bus-cts-et-les-gagnants-(les-vrais)-sont\" target=\"_blank\" rel=\"noopener\">Chron\u2019hop<\/a> C8 permet de relier \u00c9toile Bourse aux stations Gravi\u00e8re\/Stade de la Meinau, Kibitzenau, Saint-Christophe et Neuhof\/Rodolphe Reuss. Par ailleurs, depuis la station Port-du-Rhin, la ligne de bus num\u00e9ro\u00a02 permet de rejoindre la gare sans correspondance.<\/p>\n<p>Des rep\u00e8res visuels de couleur orange accompagneront ces perturbations du trafic pour l\u2019information des voyageurs. Des agents sur le terrain seront \u00e9galement disponibles pour guider les usagers, surtout au d\u00e9marrage de la p\u00e9riode de chantier.<\/p>\n<p>Reste aux clients \u00e0 anticiper des allongements de temps de trajet sur ces portions de r\u00e9seau. On peut aussi utiliser l\u2019application mobile de la CTS (fonction \u00ab\u00a0prochains passages\u00a0\u00bb) ou v\u00e9rifier les horaires sur le site internet (www.cts-strasbourg.eu, rubrique \u00ab\u00a0Se d\u00e9placer\/Temps r\u00e9el\u00a0\u00bb ).<\/p>\n","protected":false},"excerpt":{"rendered":"La maintenance estivale (changement de rails, d\u2019aiguillages, \u2026) du r\u00e9seau de tram de la Compagnie des transports strasbourgeois&hellip;\n","protected":false},"author":2,"featured_media":277541,"comment_status":"","ping_status":"","sticky":false,"template":"","format":"standard","meta":{"footnotes":""},"categories":[2820],"tags":[1111,11,4749,3542,33,2880,1777,674,107,1011,27,775,12,25,640,2879,2803],"class_list":{"0":"post-277540","1":"post","2":"type-post","3":"status-publish","4":"format-standard","5":"has-post-thumbnail","7":"category-strasbourg","8":"tag-actu","9":"tag-actualites","10":"tag-btp-et-chantiers","11":"tag-circulation","12":"tag-economie","13":"tag-edition-strasbourg","14":"tag-eu","15":"tag-europe","16":"tag-fil-info","17":"tag-fr","18":"tag-france","19":"tag-grand-est","20":"tag-news","21":"tag-republique-francaise","22":"tag-strasbourg","23":"tag-strasbourg-ville","24":"tag-transport"},"share_on_mastodon":{"url":"https:\/\/pubeurope.com\/@fr\/114925673124346956","error":""},"_links":{"self":[{"href":"https:\/\/www.europesays.com\/fr\/wp-json\/wp\/v2\/posts\/277540","targetHints":{"allow":["GET"]}}],"collection":[{"href":"https:\/\/www.europesays.com\/fr\/wp-json\/wp\/v2\/posts"}],"about":[{"href":"https:\/\/www.europesays.com\/fr\/wp-json\/wp\/v2\/types\/post"}],"author":[{"embeddable":true,"href":"https:\/\/www.europesays.com\/fr\/wp-json\/wp\/v2\/users\/2"}],"replies":[{"embeddable":true,"href":"https:\/\/www.europesays.com\/fr\/wp-json\/wp\/v2\/comments?post=277540"}],"version-history":[{"count":0,"href":"https:\/\/www.europesays.com\/fr\/wp-json\/wp\/v2\/posts\/277540\/revisions"}],"wp:featuredmedia":[{"embeddable":true,"href":"https:\/\/www.europesays.com\/fr\/wp-json\/wp\/v2\/media\/277541"}],"wp:attachment":[{"href":"https:\/\/www.europesays.com\/fr\/wp-json\/wp\/v2\/media?parent=277540"}],"wp:term":[{"taxonomy":"category","embeddable":true,"href":"https:\/\/www.europesays.com\/fr\/wp-json\/wp\/v2\/categories?post=277540"},{"taxonomy":"post_tag","embeddable":true,"href":"https:\/\/www.europesays.com\/fr\/wp-json\/wp\/v2\/tags?post=277540"}],"curies":[{"name":"wp","href":"https:\/\/api.w.org\/{rel}","templated":true}]}}