{"id":277543,"date":"2025-07-27T14:30:12","date_gmt":"2025-07-27T14:30:12","guid":{"rendered":"https:\/\/www.europesays.com\/fr\/277543\/"},"modified":"2025-07-27T14:30:12","modified_gmt":"2025-07-27T14:30:12","slug":"au-debut-je-pensais-que-cetait-un-fake-qui-est-linh-cette-nicoise-qui-a-conquis-gims-et-le-public","status":"publish","type":"post","link":"https:\/\/www.europesays.com\/fr\/277543\/","title":{"rendered":"\u00ab\u00a0Au d\u00e9but, je pensais que c\u2019\u00e9tait un fake\u00a0\u00bb: qui est Linh, cette Ni\u00e7oise qui a conquis Gims et le public?"},"content":{"rendered":"<p>Ils n\u2019\u00e9taient pas venus pour elle, mais elle a conquis le public. Samedi dernier, Linh assurait la premi\u00e8re partie de Gims lors de la prestation du rappeur au Son by Toulon. Tout sauf une premi\u00e8re.<\/p>\n<p>\u00ab\u00a0C\u2019est fou, j\u2019\u00e9tais d\u00e9j\u00e0 avec lui lors du dernier tour de sa tourn\u00e9e d\u2019hiver. On a fait plus de 30 dates ensemble. J\u2019ai eu l\u2019occasion de monter sur sc\u00e8ne avec lui pendant son concert, sur une chanson\u00a0\u00bb, raconte la jeune Ni\u00e7oise.<\/p>\n<p>Rep\u00e9r\u00e9e par Gims sur les r\u00e9seaux<\/p>\n<p>Dans un univers tourn\u00e9 vers la chanson fran\u00e7aise, avec des pointes de lyrisme, elle para\u00eet \u00e0 mille lieues de l\u2019homme aux lunettes noires. Pourtant, c\u2019est bien Gims qui l\u2019a sollicit\u00e9e.<\/p>\n<p>\u00ab\u00a0Il m\u2019a rep\u00e9r\u00e9e sur les r\u00e9seaux sociaux, il y a trois ans, et il m\u2019a propos\u00e9 de faire ses premi\u00e8res parties. C\u2019est incroyable, je le remercie encore. Au d\u00e9but, je pensais que c\u2019\u00e9tait un fake \u2013 \u00e7a arrive souvent \u2013 puis non, je l\u2019ai vraiment rencontr\u00e9. C\u2019est quelqu\u2019un d\u2019hyper humain, g\u00e9n\u00e9reux, et un grand artiste.\u00a0\u00bb<\/p>\n<p>Une fois l\u2019artiste conquis, il faut, chaque soir, aller \u00e0 la rencontre d\u2019un public qui ne vient pas pour elle. Mais comme \u00e0 Toulon, la formule prend \u00e0 chaque fois. Au point que les spectateurs lui demandent de rester plus longtemps sur sc\u00e8ne pour des rappels. La formule magique? \u00ab\u00a0J\u2019essaye de rester la plus authentique possible. Je pr\u00e9sente mes propres chansons, mes compositions. J\u2019ai eu la chance aussi, en m\u00eame temps que la tourn\u00e9e, qu\u2019une de mes chansons prenne un peu d\u2019ampleur (Je pense \u00e0 vous). Et du coup, le public est \u201caccroch\u00e9\u00a0\u00bb. \u00bb<\/p>\n<p>La toute jeune trentenaire a toujours baign\u00e9 dans la musique. Berc\u00e9e par deux parents musiciens: \u00ab\u00a0J\u2019ai commenc\u00e9 \u00e0 3-4 ans \u00e0 chanter avec mes parents, puis j\u2019ai d\u00e9but\u00e9 le lyrique. J\u2019ai ensuite int\u00e9gr\u00e9 les ch\u0153urs d\u2019enfants de l\u2019op\u00e9ra de Nice pendant quelques ann\u00e9es\u00a0\u00bb, rappelle-t-elle.<\/p>\n<p>Un premier album pour la rentr\u00e9e<\/p>\n<p>Longtemps partag\u00e9e entre l\u2019id\u00e9e de faire une carri\u00e8re d\u2019orthophoniste et celle de tenter sa chance dans la musique, elle se lance finalement autour de ses 24 ans en s\u2019installant \u00e0 Paris. Elle d\u00e9veloppe alors son propre univers.<\/p>\n<p>\u00ab\u00a0C\u2019est de la chanson \u00e0 texte, avec une touche de magie, parce que je suis une grande fan de Harry Potter. J\u2019essaye de mettre des petites touches de cela dans mes chansons. J\u2019utilise beaucoup d\u2019instruments que j\u2019appelle c\u00e9lestes, comme des bo\u00eetes \u00e0 musique, des cloches, des harpes\u2026\u00a0\u00bb Apr\u00e8s un premier EP sorti l\u2019an pass\u00e9, Linh vient de finir l\u2019enregistrement de son premier album, qui devrait para\u00eetre entre la rentr\u00e9e et la fin de l\u2019ann\u00e9e. \u00ab\u00a0C\u2019est le moment pour moi de sortir ce premier album. Il y a beaucoup de moi. Il y a aussi un c\u00f4t\u00e9 tr\u00e8s orchestral. Je suis beaucoup inspir\u00e9e par la musique de film. On retrouvera beaucoup de violons et de violoncelles\u00a0\u00bb, promet-elle. Un premier album qui sera suivi d\u2019une tourn\u00e9e, qui passera forc\u00e9ment par Nice et sa r\u00e9gion. Histoire de boucler la boucle.<\/p>\n","protected":false},"excerpt":{"rendered":"Ils n\u2019\u00e9taient pas venus pour elle, mais elle a conquis le public. Samedi dernier, Linh assurait la premi\u00e8re&hellip;\n","protected":false},"author":2,"featured_media":277544,"comment_status":"","ping_status":"","sticky":false,"template":"","format":"standard","meta":{"footnotes":""},"categories":[2819],"tags":[1111,11,251,1777,674,1011,27,12,2401,882,25],"class_list":{"0":"post-277543","1":"post","2":"type-post","3":"status-publish","4":"format-standard","5":"has-post-thumbnail","7":"category-nice","8":"tag-actu","9":"tag-actualites","10":"tag-culture","11":"tag-eu","12":"tag-europe","13":"tag-fr","14":"tag-france","15":"tag-news","16":"tag-nice","17":"tag-provence-alpes-cote-dazur","18":"tag-republique-francaise"},"share_on_mastodon":{"url":"https:\/\/pubeurope.com\/@fr\/114925680981964873","error":""},"_links":{"self":[{"href":"https:\/\/www.europesays.com\/fr\/wp-json\/wp\/v2\/posts\/277543","targetHints":{"allow":["GET"]}}],"collection":[{"href":"https:\/\/www.europesays.com\/fr\/wp-json\/wp\/v2\/posts"}],"about":[{"href":"https:\/\/www.europesays.com\/fr\/wp-json\/wp\/v2\/types\/post"}],"author":[{"embeddable":true,"href":"https:\/\/www.europesays.com\/fr\/wp-json\/wp\/v2\/users\/2"}],"replies":[{"embeddable":true,"href":"https:\/\/www.europesays.com\/fr\/wp-json\/wp\/v2\/comments?post=277543"}],"version-history":[{"count":0,"href":"https:\/\/www.europesays.com\/fr\/wp-json\/wp\/v2\/posts\/277543\/revisions"}],"wp:featuredmedia":[{"embeddable":true,"href":"https:\/\/www.europesays.com\/fr\/wp-json\/wp\/v2\/media\/277544"}],"wp:attachment":[{"href":"https:\/\/www.europesays.com\/fr\/wp-json\/wp\/v2\/media?parent=277543"}],"wp:term":[{"taxonomy":"category","embeddable":true,"href":"https:\/\/www.europesays.com\/fr\/wp-json\/wp\/v2\/categories?post=277543"},{"taxonomy":"post_tag","embeddable":true,"href":"https:\/\/www.europesays.com\/fr\/wp-json\/wp\/v2\/tags?post=277543"}],"curies":[{"name":"wp","href":"https:\/\/api.w.org\/{rel}","templated":true}]}}