{"id":277552,"date":"2025-07-27T14:35:52","date_gmt":"2025-07-27T14:35:52","guid":{"rendered":"https:\/\/www.europesays.com\/fr\/277552\/"},"modified":"2025-07-27T14:35:52","modified_gmt":"2025-07-27T14:35:52","slug":"le-parquet-de-bordeaux-rouvre-lenquete-visant-bertrand-cantat-sur-le-suicide-de-son-ex-compagne-krisztina-rady","status":"publish","type":"post","link":"https:\/\/www.europesays.com\/fr\/277552\/","title":{"rendered":"Le parquet de Bordeaux rouvre l\u2019enqu\u00eate visant Bertrand Cantat sur le suicide de son ex-compagne Krisztina R\u00e1dy"},"content":{"rendered":"<p class=\"wp-block-post-excerpt__excerpt\">Quinze ans apr\u00e8s la mort de Krisztina R\u00e1dy, ex-compagne du chanteur de Noir D\u00e9sir, le parquet de Bordeaux a d\u00e9cid\u00e9 de rouvrir une enqu\u00eate pour violences volontaires. <\/p>\n<p class=\"font-sans\">\n\t\t\tCet article est en acc\u00e8s libre. Pour soutenir Rue89Bordeaux,<br \/>\n\t\t\t<a class=\"underline\" href=\"https:\/\/rue89bordeaux.com\/abonnement\/\" target=\"_blank\" rel=\"noopener\">abonnez-vous<\/a>.\n\t\t<\/p>\n<p>La R\u00e9daction<\/p>\n<p>Publi\u00e9 le 24 juillet 2025\u00a0\u00a0\u00b7\u00a0\u00a0<\/p>\n<p>Imprim\u00e9 le 27 juillet 2025 \u00e0 16h35\u00a0\u00a0\u00b7\u00a0\u00a0<\/p>\n<p>\t\t\t\t\t2\u00a0minutes\n<\/p>\n<p>Le parquet de Bordeaux a d\u00e9cid\u00e9 de rouvrir une enqu\u00eate pour violences volontaires par conjoint ou concubin \u00e0 l\u2019encontre de Bertrand Cantat, ex-chanteur du groupe Noir D\u00e9sir, \u00e0 la suite du suicide de son ex-compagne Krisztina R\u00e1dy, survenu le 10 janvier 2010.<\/p>\n<p>La d\u00e9cision a \u00e9t\u00e9 prise d\u00e9but juillet par le procureur de la R\u00e9publique de Bordeaux, Renaud Gaudeul, apr\u00e8s r\u00e9examen du dossier initial et de plusieurs proc\u00e9dures class\u00e9es sans suite en 2013, 2014 et 2018.<\/p>\n<p>Cette relance judiciaire intervient dans un contexte de forte m\u00e9diatisation du \u00ab\u00a0cas Cantat\u00a0\u00bb, quinze ans apr\u00e8s les faits. Le 27 mars dernier, Netflix a diffus\u00e9 une s\u00e9rie documentaire en trois \u00e9pisodes, intitul\u00e9e De rockstar \u00e0 tueur : le cas Cantat, r\u00e9alis\u00e9e notamment par la journaliste Anne-Sophie Jahn.<\/p>\n<p>\t\tNouveaux r\u00e9cits<\/p>\n<p>Cette enqu\u00eate journalistique revient sur les circonstances de la mort de Marie Trintignant en 2003, pour laquelle Cantat avait \u00e9t\u00e9 condamn\u00e9 \u00e0 huit ans de prison, mais aussi sur celles du suicide de Krisztina R\u00e1dy. Le documentaire met en lumi\u00e8re plusieurs t\u00e9moignages et \u00e9l\u00e9ments in\u00e9dits, absents des dossiers d\u2019enqu\u00eate pr\u00e9c\u00e9dents.<\/p>\n<p>Selon le procureur, ces nouveaux r\u00e9cits ont conduit \u00e0 rouvrir le dossier en recherches des causes de la mort, initialement ouvert en 2010. <\/p>\n<blockquote class=\"wp-block-quote is-layout-flow wp-block-quote-is-layout-flow\">\n<p>\u00ab\u00a0Apr\u00e8s examen, ayant constat\u00e9 que le reportage diffus\u00e9 sur Netflix contenait plusieurs affirmations et t\u00e9moignages ne figurant pas dans les quatre dossiers \u00e9voqu\u00e9s, j\u2019ai pris la d\u00e9cision de rouvrir ce dossier de violences volontaires au d\u00e9but de ce mois\u00a0\u00bb, a d\u00e9clar\u00e9 Renaud Gaudeul dans un communiqu\u00e9 ce jeudi.<\/p>\n<\/blockquote>\n<p>La nature des investigations \u00e0 venir n\u2019a pas \u00e9t\u00e9 pr\u00e9cis\u00e9e \u00e0 ce stade.<\/p>\n<p>Cette information, <a href=\"https:\/\/www.rtl.fr\/actu\/justice-faits-divers\/info-rtl-bertrand-cantat-le-parquet-de-bordeaux-decide-de-rouvrir-l-enquete-sur-le-suicide-de-son-ex-femme-7900525487?utm_source=chatgpt.com\" target=\"_blank\" rel=\"noreferrer noopener\">r\u00e9v\u00e9l\u00e9e par RTL ce 24 juillet<\/a>, vient relancer une affaire longtemps consid\u00e9r\u00e9e comme close par la justice. Elle s\u2019inscrit dans un contexte de plus grande attention port\u00e9e aux f\u00e9minicides et aux violences faites aux femmes, alors que le traitement judiciaire et m\u00e9diatique du parcours de Bertrand Cantat continue de susciter une vive controverse.<\/p>\n<p>Rue89 Bordeaux a besoin de vos dons<\/p>\n<p>Mille mercis \u00e0 nos 131 donateurs ! Gr\u00e2ce \u00e0 vous, nous avons atteint notre objectif initial de 10\u202f000\u202f\u20ac. Ce soutien va nous permettre de renflouer notre tr\u00e9sorerie, apr\u00e8s le d\u00e9sengagement en 2025 d\u2019un annonceur important \u2013 Bordeaux M\u00e9tropole \u2013 et de r\u00e9gler nos factures en attente.<br \/>Cependant, la cagnotte reste ouverte jusqu\u2019\u00e0 fin septembre afin de vous laisser l\u2019occasion de continuer \u00e0 soutenir votre m\u00e9dia ind\u00e9pendant. Chaque don est d\u00e9ductible des imp\u00f4ts \u00e0 hauteur de 66\u202f%. En recevoir davantage nous permettra de consolider nos finances, d\u2019envisager une rentr\u00e9e sereine, et surtout, d\u2019enrichir nos contenus et de renforcer notre r\u00e9daction.<\/p>\n","protected":false},"excerpt":{"rendered":"Quinze ans apr\u00e8s la mort de Krisztina R\u00e1dy, ex-compagne du chanteur de Noir D\u00e9sir, le parquet de Bordeaux&hellip;\n","protected":false},"author":2,"featured_media":277553,"comment_status":"","ping_status":"","sticky":false,"template":"","format":"standard","meta":{"footnotes":""},"categories":[2817],"tags":[1111,11,456,1997,1777,674,1011,27,12,2219,25,798],"class_list":{"0":"post-277552","1":"post","2":"type-post","3":"status-publish","4":"format-standard","5":"has-post-thumbnail","7":"category-bordeaux","8":"tag-actu","9":"tag-actualites","10":"tag-bertrand-cantat","11":"tag-bordeaux","12":"tag-eu","13":"tag-europe","14":"tag-fr","15":"tag-france","16":"tag-news","17":"tag-nouvelle-aquitaine","18":"tag-republique-francaise","19":"tag-violences-conjugales"},"share_on_mastodon":{"url":"https:\/\/pubeurope.com\/@fr\/114925704690178722","error":""},"_links":{"self":[{"href":"https:\/\/www.europesays.com\/fr\/wp-json\/wp\/v2\/posts\/277552","targetHints":{"allow":["GET"]}}],"collection":[{"href":"https:\/\/www.europesays.com\/fr\/wp-json\/wp\/v2\/posts"}],"about":[{"href":"https:\/\/www.europesays.com\/fr\/wp-json\/wp\/v2\/types\/post"}],"author":[{"embeddable":true,"href":"https:\/\/www.europesays.com\/fr\/wp-json\/wp\/v2\/users\/2"}],"replies":[{"embeddable":true,"href":"https:\/\/www.europesays.com\/fr\/wp-json\/wp\/v2\/comments?post=277552"}],"version-history":[{"count":0,"href":"https:\/\/www.europesays.com\/fr\/wp-json\/wp\/v2\/posts\/277552\/revisions"}],"wp:featuredmedia":[{"embeddable":true,"href":"https:\/\/www.europesays.com\/fr\/wp-json\/wp\/v2\/media\/277553"}],"wp:attachment":[{"href":"https:\/\/www.europesays.com\/fr\/wp-json\/wp\/v2\/media?parent=277552"}],"wp:term":[{"taxonomy":"category","embeddable":true,"href":"https:\/\/www.europesays.com\/fr\/wp-json\/wp\/v2\/categories?post=277552"},{"taxonomy":"post_tag","embeddable":true,"href":"https:\/\/www.europesays.com\/fr\/wp-json\/wp\/v2\/tags?post=277552"}],"curies":[{"name":"wp","href":"https:\/\/api.w.org\/{rel}","templated":true}]}}