{"id":277556,"date":"2025-07-27T14:37:14","date_gmt":"2025-07-27T14:37:14","guid":{"rendered":"https:\/\/www.europesays.com\/fr\/277556\/"},"modified":"2025-07-27T14:37:14","modified_gmt":"2025-07-27T14:37:14","slug":"toulouse-des-militants-ecologistes-ciblent-la-chambre-dagriculture-et-les-soutiens-de-la-loi-duplomb","status":"publish","type":"post","link":"https:\/\/www.europesays.com\/fr\/277556\/","title":{"rendered":"Toulouse. Des militants \u00e9cologistes ciblent la chambre d&rsquo;agriculture (et les soutiens de la loi Duplomb)"},"content":{"rendered":"<p>            Par<br \/>\n        <strong><br \/>\n            <a href=\"https:\/\/actu.fr\/auteur\/guillaume-laurens\" title=\"Consulter tous les articles de Guillaume Laurens\" rel=\"nofollow noopener\" target=\"_blank\">Guillaume Laurens<\/a><br \/>\n        <\/strong><\/p>\n<p>        Publi\u00e9 le<\/p>\n<p>            27 juil. 2025 \u00e0 16h18        <\/p>\n<p>Apr\u00e8s <a href=\"https:\/\/actu.fr\/occitanie\/toulouse_31555\/video-les-agriculteurs-deversent-leur-colere-et-leur-fumier-devant-le-siege-des-ecologistes-a-toulouse_62944828.html\" rel=\"nofollow noopener\" target=\"_blank\">des agriculteurs qui s\u2019en prennent au fief des \u00e9cologistes<\/a>, voil\u00e0 des \u00e9cologistes qui s\u2019en prennent\u2026 au fief des agriculteurs. Alors que la fameuse \u00ab\u2009loi Duplomb\u2009\u00bb enflamme le d\u00e9bat politique national, des militants d\u2019<strong><a href=\"https:\/\/actu.fr\/occitanie\/toulouse_31555\/le-militant-qui-a-perturbe-l-arrivee-du-tour-de-france-a-toulouse-a-ete-interpelle-ce-que-l-on-sait-de-lui_62920933.html\" rel=\"nofollow noopener\" target=\"_blank\">Extinction R\u00e9bellion Toulouse<\/a> <\/strong>revendiquent en effet avoir <strong>\u00ab\u2009d\u00e9cor\u00e9\u2009\u00bb<\/strong> ce samedi 26\u00a0juillet 2025 en soir\u00e9e, <strong>la devanture<\/strong> de la chambre d\u2019agriculture de Haute-Garonne, o\u00f9 aux yeux de ce mouvement \u00e9cologiste radical, \u00ab\u2009bon nombre de membres servent les int\u00e9r\u00eats des <strong>lobbys de l\u2019agro-industrie\u2009\u00bb.<\/strong><\/p>\n<p>Inscriptions \u00e0 la peinture rouge et affiches revendicatives<\/p>\n<p class=\" wall-content\">\u00ab\u2009Duplomb, vos profits, nos cancers\u2009\u00bb, ont (entre autres) \u00e9crit \u00e0 la<strong> peinture rouge<\/strong> devant la chambre d\u2019agriculture ces militants, qui appellent aussi \u00e0 donner le \u00ab\u2009Pouvoir aux paysans\u2009\u00bb et \u00e0 ne choisir \u00ab\u2009ni m\u00e9gabassines, ni pesticides\u2009\u00bb.<\/p>\n<p class=\" wall-content\">Outre ces inscriptions, des <strong>affiches<\/strong> \u00ab\u2009Pesticides, la mort est dans le pr\u00e9\u2009\u00bb et \u00ab\u2009Retours des n\u00e9onicotino\u00efdes\u2009; tueurs de pollinisateurs\u2009\u00bb ont aussi recouvert le portail de la chambre.<\/p>\n<p>    <img   decoding=\"async\" loading=\"lazy\" src=\"https:\/\/www.europesays.com\/fr\/wp-content\/uploads\/2025\/07\/affiches-extinction-rebellion-toulouse-chambre-agriculture-960x640.jpg\" alt=\"Des affiches revendicatives ont aussi recouvert le portail de la chambre\" width=\"960\" height=\"640\"\/><br \/>\n    Des affiches revendicatives ont aussi recouvert le portail de la chambre (\u00a9Extinction R\u00e9bellion Toulouse)S\u2019en prendre aux \u00ab\u2009acteurs ayant \u0153uvr\u00e9 au passage de la loi\u2009\u00bb<\/p>\n<p class=\" wall-content\">Pour ces militants, il s\u2019agit d\u2019un \u00ab\u2009acte plus que symbolique aspirant \u00e0 <strong>fermer la porte \u00e0 l\u2019\u00e9cocide\u2009\u00bb.\u00a0<\/strong>Cette action vise \u00ab\u2009dans leur ensemble les acteurs ayant \u0153uvr\u00e9 pour <strong>le passage de la loi\u2009\u00bb.<\/strong><\/p>\n<p>Vid\u00e9os : en ce moment sur Actu<\/p>\n<p class=\" wall-content\">S\u2019ils estiment que \u00ab\u2009l\u2019adoption de la loi Duplomb a \u00e9t\u00e9 rendue possible par tous les d\u00e9fenseurs de l\u2019agro-industrie\u2009\u00bb, ces militants s\u2019offusquent aussi de<strong> \u00ab\u2009la vassalit\u00e9 des \u00e9lus du centre \u00e0 l\u2019extr\u00eame-droite<\/strong> pour l\u00e9gitimer publiquement des pratiques agricoles aux cons\u00e9quences criminelles\u2009\u00bb.<\/p>\n<p>\u00ab\u2009La promesse d\u2019un recul dangereux des normes\u2009\u00bb<\/p>\n<p class=\" wall-content\">Ce texte l\u00e9gislatif est \u00ab\u2009un acte dangereux pour les travailleurs, les habitants, les \u00e9cosyst\u00e8mes, les services \u00e9cosyst\u00e9miques, et pour l\u2019humanit\u00e9 tout enti\u00e8re\u2009\u00bb, avance Extinction R\u00e9bellion, qui rappelle que <a href=\"https:\/\/actu.fr\/planete\/petition-contre-la-loi-duplomb-le-gouvernement-fragilise-par-une-mobilisation-citoyenne-inedite_62940556.html\" rel=\"nofollow noopener\" target=\"_blank\">\u00ab\u2009la <strong>p\u00e9tition d\u2019abrogation<\/strong> compte pr\u00e8s de deux millions de signataires\u2009\u00bb.<\/a><\/p>\n<blockquote class=\"ac-article-quote wall-content\">\n<p>La loi Duplomb nie le consensus scientifique sur l&rsquo;effondrement de la biodiversit\u00e9, \u00e0 l&rsquo;heure m\u00eame o\u00f9 la catastrophe \u00e9cologique s&rsquo;accro\u00eet. Elle est la promesse d&rsquo;un recul dangereux des normes prot\u00e9geant la sant\u00e9 des humains et non-humains.<\/p>\n<p>    <strong>Extinction R\u00e9bellion Toulouse<\/strong>\n            <\/p><\/blockquote>\n<p>Haro sur la FNSEA\u2026 et la Coordination rurale<\/p>\n<p class=\" wall-content\">Rappelons que si Extinction R\u00e9bellion s\u2019en prend ouvertement \u00e0 deux syndicats patronaux qui soutiennent la loi Duplomb \u2212 \u00ab\u2009FNSEA +\u00a0CR =\u00a0cancer\u2009\u00bb ont-ils \u00e9crit \u2212, en Haute-Garonne, la Chambre d\u2019agriculture n\u2019est g\u00e9r\u00e9e par aucun de ces deux mouvements qui dominent l\u2019agriculture fran\u00e7aise, mais<a href=\"https:\/\/actu.fr\/societe\/haute-garonne-la-liste-des-ultras-de-l-a64-et-de-jerome-bayle-gagne-les-elections-a-la-chambre-d-agriculture_62220295.html\" rel=\"nofollow noopener\" target=\"_blank\"> depuis quelques mois par l\u2019association des Ultras de l\u2019A64,<\/a> dont le pr\u00e9sident J\u00e9r\u00f4me Bayle soutient, lui aussi, l\u2019entr\u00e9e en vigueur de cette loi Duplomb.<\/p>\n<p>    <img   decoding=\"async\" loading=\"lazy\" src=\"https:\/\/www.europesays.com\/fr\/wp-content\/uploads\/2025\/07\/peinture-rouge-extinction-rebellion-toulouse-chambre-agriculture-2-960x640.jpg\" alt=\"La FNSEA et la CR \u00e9taient ouvertement cibl\u00e9es par ces militants \u00e9cologistes radicaux\" width=\"960\" height=\"640\"\/><br \/>\n    La FNSEA et la CR \u00e9taient ouvertement cibl\u00e9es par ces militants \u00e9cologistes radicaux (\u00a9Extinction R\u00e9bellion Toulouse)<\/p>\n<p class=\" wall-content\">Suivez toute l\u2019actualit\u00e9 de vos villes et m\u00e9dias favoris en vous inscrivant \u00e0 <a href=\"https:\/\/moncompte.actu.fr\" title=\"D\u00e9couvez Mon Actu\" rel=\"nofollow noopener\" data-trk=\"{&quot;cta&quot;:{&quot;action&quot;:&quot;https:\\\/\\\/moncompte.actu.fr&quot;,&quot;category&quot;:&quot;mon compte&quot;,&quot;from&quot;:&quot;article footer&quot;,&quot;name&quot;:&quot;Mon actu&quot;,&quot;type&quot;:&quot;cta&quot;}}\" target=\"_blank\">Mon Actu<\/a>.<\/p>\n<ul class=\"ac-article-tag wall-content\">\n<li><a href=\"https:\/\/actu.fr\/tag\/agriculture\" data-trk=\"{&quot;cta&quot;:{&quot;action&quot;:&quot;Agriculture&quot;,&quot;category&quot;:&quot;tag&quot;,&quot;from&quot;:&quot;article footer&quot;,&quot;name&quot;:&quot;Agriculture&quot;,&quot;type&quot;:&quot;cta&quot;}}\" rel=\"nofollow noopener\" target=\"_blank\">#Agriculture<\/a><\/li>\n<li><a href=\"https:\/\/actu.fr\/tag\/environnement\" data-trk=\"{&quot;cta&quot;:{&quot;action&quot;:&quot;Environnement&quot;,&quot;category&quot;:&quot;tag&quot;,&quot;from&quot;:&quot;article footer&quot;,&quot;name&quot;:&quot;Environnement&quot;,&quot;type&quot;:&quot;cta&quot;}}\" rel=\"nofollow noopener\" target=\"_blank\">#Environnement<\/a><\/li>\n<\/ul>\n","protected":false},"excerpt":{"rendered":"Par Guillaume Laurens Publi\u00e9 le 27 juil. 2025 \u00e0 16h18 Apr\u00e8s des agriculteurs qui s\u2019en prennent au fief&hellip;\n","protected":false},"author":2,"featured_media":277557,"comment_status":"","ping_status":"","sticky":false,"template":"","format":"standard","meta":{"footnotes":""},"categories":[2816],"tags":[1111,11,327,436,1777,674,1011,27,12,2680,25,104,2312],"class_list":{"0":"post-277556","1":"post","2":"type-post","3":"status-publish","4":"format-standard","5":"has-post-thumbnail","7":"category-toulouse","8":"tag-actu","9":"tag-actualites","10":"tag-agriculture","11":"tag-environnement","12":"tag-eu","13":"tag-europe","14":"tag-fr","15":"tag-france","16":"tag-news","17":"tag-occitanie","18":"tag-republique-francaise","19":"tag-societe","20":"tag-toulouse"},"share_on_mastodon":{"url":"https:\/\/pubeurope.com\/@fr\/114925708500548430","error":""},"_links":{"self":[{"href":"https:\/\/www.europesays.com\/fr\/wp-json\/wp\/v2\/posts\/277556","targetHints":{"allow":["GET"]}}],"collection":[{"href":"https:\/\/www.europesays.com\/fr\/wp-json\/wp\/v2\/posts"}],"about":[{"href":"https:\/\/www.europesays.com\/fr\/wp-json\/wp\/v2\/types\/post"}],"author":[{"embeddable":true,"href":"https:\/\/www.europesays.com\/fr\/wp-json\/wp\/v2\/users\/2"}],"replies":[{"embeddable":true,"href":"https:\/\/www.europesays.com\/fr\/wp-json\/wp\/v2\/comments?post=277556"}],"version-history":[{"count":0,"href":"https:\/\/www.europesays.com\/fr\/wp-json\/wp\/v2\/posts\/277556\/revisions"}],"wp:featuredmedia":[{"embeddable":true,"href":"https:\/\/www.europesays.com\/fr\/wp-json\/wp\/v2\/media\/277557"}],"wp:attachment":[{"href":"https:\/\/www.europesays.com\/fr\/wp-json\/wp\/v2\/media?parent=277556"}],"wp:term":[{"taxonomy":"category","embeddable":true,"href":"https:\/\/www.europesays.com\/fr\/wp-json\/wp\/v2\/categories?post=277556"},{"taxonomy":"post_tag","embeddable":true,"href":"https:\/\/www.europesays.com\/fr\/wp-json\/wp\/v2\/tags?post=277556"}],"curies":[{"name":"wp","href":"https:\/\/api.w.org\/{rel}","templated":true}]}}