{"id":277558,"date":"2025-07-27T14:39:15","date_gmt":"2025-07-27T14:39:15","guid":{"rendered":"https:\/\/www.europesays.com\/fr\/277558\/"},"modified":"2025-07-27T14:39:15","modified_gmt":"2025-07-27T14:39:15","slug":"lucas-chevalier-vers-le-psg-lille-a-trouve-son-remplacant","status":"publish","type":"post","link":"https:\/\/www.europesays.com\/fr\/277558\/","title":{"rendered":"Lucas Chevalier vers le PSG, Lille a trouv\u00e9 son rempla\u00e7ant"},"content":{"rendered":"<p data-testid=\"article-teaser\">Le LOSC s\u2019active d\u00e9j\u00e0 pour le rempla\u00e7ant de Lucas Chevalier, annonc\u00e9 proche d\u2019un d\u00e9part au PSG ces derni\u00e8res heures.<\/p>\n<p>Le dossier s\u2019est acc\u00e9l\u00e9r\u00e9 d\u2019un coup et pourrait bien bouleverser l\u2019\u00e9quilibre des gardiens en Ligue 1. Alors que Paris cherche une alternative \u00e0 Gianluigi Donnarumma, un nom s\u2019impose avec insistance dans les discussions : celui de Lucas Chevalier. Le Paris Saint-Germain a d\u00e9j\u00e0 entam\u00e9 les d\u00e9marches, et un accord de principe aurait \u00e9t\u00e9 conclu entre les deux parties. De quoi pousser Lille \u00e0 anticiper pour son prochain gardien de but.<\/p>\n<p>L&rsquo;article continue ci-dessous<\/p>\n","protected":false},"excerpt":{"rendered":"Le LOSC s\u2019active d\u00e9j\u00e0 pour le rempla\u00e7ant de Lucas Chevalier, annonc\u00e9 proche d\u2019un d\u00e9part au PSG ces derni\u00e8res&hellip;\n","protected":false},"author":2,"featured_media":277559,"comment_status":"","ping_status":"","sticky":false,"template":"","format":"standard","meta":{"footnotes":""},"categories":[2815],"tags":[1111,11,1777,674,1011,27,30055,41683,811,28965,66,1307,1434,12,91,41682,25,28401],"class_list":{"0":"post-277558","1":"post","2":"type-post","3":"status-publish","4":"format-standard","5":"has-post-thumbnail","7":"category-lille","8":"tag-actu","9":"tag-actualites","10":"tag-eu","11":"tag-europe","12":"tag-fr","13":"tag-france","14":"tag-g-donnarumma","15":"tag-g-restes","16":"tag-hauts-de-france","17":"tag-l-chevalier","18":"tag-ligue-1","19":"tag-lille","20":"tag-mercato","21":"tag-news","22":"tag-paris-saint-germain","23":"tag-r-roefs","24":"tag-republique-francaise","25":"tag-transfers"},"share_on_mastodon":{"url":"https:\/\/pubeurope.com\/@fr\/114925716521622061","error":""},"_links":{"self":[{"href":"https:\/\/www.europesays.com\/fr\/wp-json\/wp\/v2\/posts\/277558","targetHints":{"allow":["GET"]}}],"collection":[{"href":"https:\/\/www.europesays.com\/fr\/wp-json\/wp\/v2\/posts"}],"about":[{"href":"https:\/\/www.europesays.com\/fr\/wp-json\/wp\/v2\/types\/post"}],"author":[{"embeddable":true,"href":"https:\/\/www.europesays.com\/fr\/wp-json\/wp\/v2\/users\/2"}],"replies":[{"embeddable":true,"href":"https:\/\/www.europesays.com\/fr\/wp-json\/wp\/v2\/comments?post=277558"}],"version-history":[{"count":0,"href":"https:\/\/www.europesays.com\/fr\/wp-json\/wp\/v2\/posts\/277558\/revisions"}],"wp:featuredmedia":[{"embeddable":true,"href":"https:\/\/www.europesays.com\/fr\/wp-json\/wp\/v2\/media\/277559"}],"wp:attachment":[{"href":"https:\/\/www.europesays.com\/fr\/wp-json\/wp\/v2\/media?parent=277558"}],"wp:term":[{"taxonomy":"category","embeddable":true,"href":"https:\/\/www.europesays.com\/fr\/wp-json\/wp\/v2\/categories?post=277558"},{"taxonomy":"post_tag","embeddable":true,"href":"https:\/\/www.europesays.com\/fr\/wp-json\/wp\/v2\/tags?post=277558"}],"curies":[{"name":"wp","href":"https:\/\/api.w.org\/{rel}","templated":true}]}}