{"id":27756,"date":"2025-04-15T22:36:09","date_gmt":"2025-04-15T22:36:09","guid":{"rendered":"https:\/\/www.europesays.com\/fr\/27756\/"},"modified":"2025-04-15T22:36:09","modified_gmt":"2025-04-15T22:36:09","slug":"recolte-mondiale-consommation-pour-le-vin-tous-les-signaux-sont-au-rouge","status":"publish","type":"post","link":"https:\/\/www.europesays.com\/fr\/27756\/","title":{"rendered":"R\u00e9colte mondiale, consommation&#8230;\u00a0Pour le vin, tous les signaux sont au rouge"},"content":{"rendered":"<p>En 2024, la fili\u00e8re viticole a de nouveau souffert, avec une production et des surfaces en baisse. Quant \u00e0 la consommation, elle a continu\u00e9 de se r\u00e9duire.<\/p>\n<p class=\"fig-paragraph\"><a href=\"http:\/\/www.lefigaro.fr\/economie\/la-production-mondiale-de-vin-au-plus-bas-depuis-plus-de-cinquante-ans-20241203\" data-fig-type=\"Article\" data-gtm-custom-categorie=\"navigation\" data-gtm-custom-action=\"crossclick\" data-gtm-custom-label=\"Contextuel\" data-gtm-event=\"customEventSPE\" data-fig-domain=\"LEFIGARO\" target=\"_blank\" rel=\"noopener\">Une production mondiale de vin au plus bas depuis 1961<\/a>, des surfaces cultiv\u00e9es qui continuent de se contracter et une consommation en berne. En 2024, la fili\u00e8re viticole a encore vu rouge.<\/p>\n<p class=\"fig-paragraph\">Selon l\u2019Organisation internationale de la vigne et du vin (OIV), 225,8\u00a0millions d\u2019hectolitres ont \u00e9t\u00e9 produits dans le monde, 4,8% de moins en un an. La consommation de vin s\u2019est, elle, limit\u00e9e \u00e0 214,2\u00a0millions d\u2019hectolitres, accusant un recul de 3,3% par rapport \u00e0 2023, qui n\u2019\u00e9tait pas une bonne ann\u00e9e. Quant aux surfaces viticoles, elles repr\u00e9sentent d\u00e9sormais 7,1\u00a0millions d\u2019hectares (-\u00a00,6%), en recul pour la quatri\u00e8me ann\u00e9e cons\u00e9cutive.<\/p>\n<p class=\"fig-body-link\">\n            \u00c0 lire aussi<br \/>\n        <a class=\"fig-body-link__link fig-premium-mark\" href=\"http:\/\/avis-vin.lefigaro.fr\/tops-selections-vins-spiritueux\/dans-le-tres-reussi-millesime-2022-a-bordeaux-voici-les-dix-meilleurs-vins-a-moins-de-20-euros-20250415\" data-fig-type=\"Article\" data-gtm-custom-categorie=\"navigation\" data-gtm-custom-action=\"crossclick\" data-gtm-custom-label=\"Contextuel\" data-gtm-event=\"customEventSPE\" data-fig-domain=\"AVIS_VIN\" target=\"_blank\" rel=\"noopener\">Dans le tr\u00e8s r\u00e9ussi mill\u00e9sime 2022 \u00e0 Bordeaux, voici les dix meilleurs vins \u00e0 moins de 20 euros<br \/>\n    <\/a>\n<\/p>\n<p>Seule bonne nouvelle, l\u2019export<\/p>\n<p class=\"fig-paragraph\">\u00ab\u00a0Les d\u00e9g\u00e2ts climatiques ont nettement r\u00e9duit les rendements en 2024, d\u00e9plore Giorgio Delgrosso, chef du d\u00e9partement de statistiques de l\u2019OIV. D\u2019habitude, certaines r\u00e9gions du monde s\u2019en sortent mieux que d\u2019autres. L\u2019an pass\u00e9, l\u2019h\u00e9misph\u00e8re Sud a autant souffert que l\u2019h\u00e9misph\u00e8re Nord.\u00a0\u00bb Finalement, la seule bonne nouvelle vient de l\u2019export, qui a g\u00e9n\u00e9r\u00e9 35,9\u00a0milliards d\u2019euros, gr\u00e2ce \u00e0 un prix moyen de 3,60\u00a0euros le litre de vin. Ce prix, stable par rapport \u00e0 2023, est rest\u00e9 tr\u00e8s \u00e9lev\u00e9 notamment gr\u00e2ce au recul des volumes produits.<\/p>\n<p class=\"fig-paragraph\">\u00ab\u00a0Nous nous attendons en 2025 et surtout en 2026 \u00e0 une baisse des tarifs, qui devrait contribuer \u00e0 la relancer la consommation\u00a0\u00bb, affirme Giorgio Delgrosso. Mais c\u2019est sans compter l\u2019impr\u00e9visible politique de Trump en mati\u00e8re de droits de douane.<\/p>\n","protected":false},"excerpt":{"rendered":"En 2024, la fili\u00e8re viticole a de nouveau souffert, avec une production et des surfaces en baisse. Quant&hellip;\n","protected":false},"author":2,"featured_media":27757,"comment_status":"","ping_status":"","sticky":false,"template":"","format":"standard","meta":{"footnotes":""},"categories":[6],"tags":[339,5702,340,35,343,4734,345,350,130,344,352,349,33,34,341,313,1011,27,346,342,353,351,347,348,354,1662],"class_list":{"0":"post-27756","1":"post","2":"type-post","3":"status-publish","4":"format-standard","5":"has-post-thumbnail","7":"category-economie","8":"tag-actualite-economique","9":"tag-alcool","10":"tag-bourse","11":"tag-business","12":"tag-cac-40","13":"tag-changement-climatique","14":"tag-chef-dentreprise","15":"tag-concurrence","16":"tag-consommation","17":"tag-creation-dentreprise","18":"tag-crise","19":"tag-delocalisations","20":"tag-economie","21":"tag-economy","22":"tag-emploi","23":"tag-entreprises","24":"tag-fr","25":"tag-france","26":"tag-grands-patrons","27":"tag-impots","28":"tag-licenciements","29":"tag-monopole","30":"tag-multinationales","31":"tag-privatisation","32":"tag-unio","33":"tag-vin"},"share_on_mastodon":{"url":"https:\/\/pubeurope.com\/@fr\/114344374082552719","error":""},"_links":{"self":[{"href":"https:\/\/www.europesays.com\/fr\/wp-json\/wp\/v2\/posts\/27756","targetHints":{"allow":["GET"]}}],"collection":[{"href":"https:\/\/www.europesays.com\/fr\/wp-json\/wp\/v2\/posts"}],"about":[{"href":"https:\/\/www.europesays.com\/fr\/wp-json\/wp\/v2\/types\/post"}],"author":[{"embeddable":true,"href":"https:\/\/www.europesays.com\/fr\/wp-json\/wp\/v2\/users\/2"}],"replies":[{"embeddable":true,"href":"https:\/\/www.europesays.com\/fr\/wp-json\/wp\/v2\/comments?post=27756"}],"version-history":[{"count":0,"href":"https:\/\/www.europesays.com\/fr\/wp-json\/wp\/v2\/posts\/27756\/revisions"}],"wp:featuredmedia":[{"embeddable":true,"href":"https:\/\/www.europesays.com\/fr\/wp-json\/wp\/v2\/media\/27757"}],"wp:attachment":[{"href":"https:\/\/www.europesays.com\/fr\/wp-json\/wp\/v2\/media?parent=27756"}],"wp:term":[{"taxonomy":"category","embeddable":true,"href":"https:\/\/www.europesays.com\/fr\/wp-json\/wp\/v2\/categories?post=27756"},{"taxonomy":"post_tag","embeddable":true,"href":"https:\/\/www.europesays.com\/fr\/wp-json\/wp\/v2\/tags?post=27756"}],"curies":[{"name":"wp","href":"https:\/\/api.w.org\/{rel}","templated":true}]}}