{"id":277560,"date":"2025-07-27T14:40:23","date_gmt":"2025-07-27T14:40:23","guid":{"rendered":"https:\/\/www.europesays.com\/fr\/277560\/"},"modified":"2025-07-27T14:40:23","modified_gmt":"2025-07-27T14:40:23","slug":"les-livres-a-glisser-dans-sa-valise-dapres-la-librairie-le-petit-pantagruel-a-marseille","status":"publish","type":"post","link":"https:\/\/www.europesays.com\/fr\/277560\/","title":{"rendered":"Les livres \u00e0 glisser dans sa valise d\u2019apr\u00e8s la librairie Le petit Pantagruel \u00e0 Marseille"},"content":{"rendered":"<p>Parce que la lecture est essentielle d\u00e8s le plus jeune \u00e2ge, La Provence\u00a0est all\u00e9e \u00e0 la rencontre d\u2019Alice et C\u00e9cile, libraires chez Le petit Pantagruel, <a href=\"https:\/\/www.laprovence.com\/article\/region\/2133728445019914\/cavaillon-la-librairie-de-letoile-fait-le-pari-de-la-litterature-jeunesse\" target=\"_blank\" rel=\"noopener\">librairie sp\u00e9cialis\u00e9e jeunesse<\/a>, afin d\u2019obtenir leurs recommandations estivales \u00e0 destination des enfants.<\/p>\n<p>\u00ab\u00a0J\u00f6klar &#8211; Au c\u0153ur des glaciers\u00a0\u00bb, de Benjamin Flouw<\/p>\n<p>Dans un monde menac\u00e9 par les changements climatiques, il est important d\u2019\u00e9duquer les enfants sur ces questions d\u2019actualit\u00e9. Il s\u2019agit de la mission dans laquelle s\u2019est lanc\u00e9 l\u2019illustrateur marseillais Benjamin Flouw, dans son dernier album jeunesse, J\u00f6klar &#8211; Au c\u0153ur des glaciers. \u00ab\u00a0C\u2019est un livre qui parle de comment sont fabriqu\u00e9s les glaciers, \u00e0 quel point ces derniers sont importants pour l\u2019Islande. Il ne faut pas oublier qu\u2019il s\u2019agit de l\u2019\u00eele des glaces\u00a0\u00bb, nous explique C\u00e9cile, libraire chez Le Petit Pantagruel, dont c\u2019est le coup de c\u0153ur de l\u2019\u00e9t\u00e9.<\/p>\n<p>Au travers de ce livre, le lecteur suit les aventures de Zo\u00e9, une petite fille qui part avec sa classe en voyage \u00e9ducatif en Islande. Apr\u00e8s une dispute avec son amie Nina, elle va s\u2019\u00e9loigner du groupe, et en perdre sa trace. Un berger va alors tomber sur elle et lui raconter <a href=\"https:\/\/www.laprovence.com\/article\/region\/1438390588957615\/alpes-les-glaciers-encore-en-recul-en-2024-malgre-un-enneigement-record\" target=\"_blank\" rel=\"noopener\">tout ce qu\u2019il sait sur les glaciers<\/a> de son \u00eele. C\u00e9cile nous d\u00e9crit les illustrations comme \u00ab\u00a0splendides\u00a0\u00bb, et explique qu\u2019un tel ouvrage est extr\u00eamement important pour \u00ab\u00a0apprendre \u00e0 prot\u00e9ger les glaciers\u00a0\u00bb. Dans celui-ci, Benjamin Flouw r\u00e9ussit la prouesse de vulgariser des enjeux complexes au travers d\u2019une grande aventure pour enfants.\u00a0Une lecture \u00ab\u00a0rafra\u00eechissante\u00a0\u00bb\u00a0pour cette p\u00e9riode de l\u2019ann\u00e9e tr\u00e8s ensoleill\u00e9e.<\/p>\n<p><img alt=\"J\u00f6cklar - Au c\u0153ur des glaciers\" loading=\"lazy\" decoding=\"async\" data-nimg=\"fill\" class=\" TwicCore_img__i9TC1 undefined  undefined\" style=\"position:absolute;height:100%;width:100%;left:0;top:0;right:0;bottom:0;color:transparent;background-size:cover;background-position:50% 50%;background-repeat:no-repeat;background-image:url(&quot;data:image\/svg+xml;charset=utf-8,%3Csvg xmlns='http:\/\/www.w3.org\/2000\/svg' %3E%3Cfilter id='b' color-interpolation-filters='sRGB'%3E%3CfeGaussianBlur stdDeviation='20'\/%3E%3CfeColorMatrix values='1 0 0 0 0 0 1 0 0 0 0 0 1 0 0 0 0 0 100 -1' result='s'\/%3E%3CfeFlood x='0' y='0' width='100%25' height='100%25'\/%3E%3CfeComposite operator='out' in='s'\/%3E%3CfeComposite in2='SourceGraphic'\/%3E%3CfeGaussianBlur stdDeviation='20'\/%3E%3C\/filter%3E%3Cimage width='100%25' height='100%25' x='0' y='0' preserveAspectRatio='none' style='filter: url(%23b);' href='https:\/\/pictures.laprovence.com\/cdn-cgi\/image\/blur=250\/media\/melody\/2025\/07\/27\/jocklar-au-coeur-des-glaciers-1753599676_7bcdec90af7866fcdec90af7833ddev_.jpg'\/%3E%3C\/svg%3E&quot;)\"   src=\"https:\/\/www.europesays.com\/fr\/wp-content\/uploads\/2025\/07\/jocklar-au-coeur-des-glaciers-1753599676_7bcdec90af7866fcdec90af7833ddev_.jpg\"\/>J\u00f6cklar &#8211; Au c\u0153ur des glaciers \/ PHOTO DR<\/p>\n<p><strong>\u00c9ditions Milan jeunesse, 15,50\u00a0\u20ac<\/strong>&#13;\n<\/p>\n<p>\u00ab\u00a0Princesse, F\u00e9e, Sir\u00e8ne\u00a0: La coloc-au-lac\u00a0\u00bb, d\u2019Anne-Sophie Constancien<\/p>\n<p>\u00ab\u00a0Une f\u00e9e qui en a marre de faire de la magie, une princesse qui aimerait juste vivre en short et une sir\u00e8ne un peu timide, partent toutes les trois s\u2019installer dans une petite maison au bord d\u2019un lac\u00a0\u00bb, telle est la fa\u00e7on dont Alice, libraire chez Le Petit Pantagruel, nous parle de l\u2019ouvrage de l\u2019\u00e9t\u00e9 selon elle.<\/p>\n<p>En effet, cette premi\u00e8re BD d\u2019Anne-Sophie Constancien \u00e0 un go\u00fbt d\u2019aventure, de libert\u00e9 et de voyage, id\u00e9ale pour faire r\u00eaver les enfants d\u00e8s six ans. Un r\u00e9cit teint\u00e9 d\u2019humour, de blagues et de gags, o\u00f9 les h\u00e9ro\u00efnes passent de p\u00e9rip\u00e9tie en p\u00e9rip\u00e9tie. Il met aussi l\u2019accent sur l\u2019amiti\u00e9, <a href=\"https:\/\/www.laprovence.com\/article\/region\/12420514044095\/incendie-a-marseille-la-ville-vote-une-aide-exceptionnelle-de-1-million-d-euros-pour-les-victimes\" target=\"_blank\" rel=\"noopener\">le soutien<\/a> et l\u2019authenticit\u00e9. Un univers riche qu\u2019Alice recommande pour une lecture en famille, ou en autonomie, publi\u00e9e chez La Ville Br\u00fble, une maison d\u2019\u00e9dition ind\u00e9pendante.<\/p>\n<p><img alt=\"Princesse, F\u00e9e, Sir\u00e8ne : La coloc-au-lac\" loading=\"lazy\" decoding=\"async\" data-nimg=\"fill\" class=\" TwicCore_img__i9TC1 undefined  undefined\" style=\"position:absolute;height:100%;width:100%;left:0;top:0;right:0;bottom:0;color:transparent;background-size:cover;background-position:50% 50%;background-repeat:no-repeat;background-image:url(&quot;data:image\/svg+xml;charset=utf-8,%3Csvg xmlns='http:\/\/www.w3.org\/2000\/svg' %3E%3Cfilter id='b' color-interpolation-filters='sRGB'%3E%3CfeGaussianBlur stdDeviation='20'\/%3E%3CfeColorMatrix values='1 0 0 0 0 0 1 0 0 0 0 0 1 0 0 0 0 0 100 -1' result='s'\/%3E%3CfeFlood x='0' y='0' width='100%25' height='100%25'\/%3E%3CfeComposite operator='out' in='s'\/%3E%3CfeComposite in2='SourceGraphic'\/%3E%3CfeGaussianBlur stdDeviation='20'\/%3E%3C\/filter%3E%3Cimage width='100%25' height='100%25' x='0' y='0' preserveAspectRatio='none' style='filter: url(%23b);' href='https:\/\/pictures.laprovence.com\/cdn-cgi\/image\/blur=250\/media\/melody\/2025\/07\/27\/princesse-fee-sirene-la-coloc-au-lac-1753599676_b424a9f0af786b824a9f0af788c24av_.jpg'\/%3E%3C\/svg%3E&quot;)\"   src=\"https:\/\/www.europesays.com\/fr\/wp-content\/uploads\/2025\/07\/princesse-fee-sirene-la-coloc-au-lac-1753599676_b424a9f0af786b824a9f0af788c24av_.jpg\"\/>Princesse, F\u00e9e, Sir\u00e8ne : La coloc-au-lac \/ PHOTO DR<\/p>\n<p><strong>\u00c9ditions La Ville Br\u00fble, 17\u00a0\u20ac<\/strong>&#13;\n<\/p>\n<p>\u00ab\u00a0Ollie Osselet et le manoir maudit\u00a0\u00bb, de H. Lenoir<\/p>\n<p>Le dernier livre qu\u2019Alice nous pr\u00e9sente fait partie de ses \u00ab\u00a0grands pr\u00e9f\u00e9r\u00e9s, car on peut le recommander \u00e0 beaucoup de monde\u00a0\u00bb. Un roman parfait pour les enfants, selon elle, car il invite le jeune lecteur \u00e0 prendre des d\u00e9cisions et \u00e0 devenir le personnage principal de son histoire.<\/p>\n<p>Ces choix se d\u00e9roulent au sein du manoir de la tante d\u2019Ollie, o\u00f9 il se passe de nombreuses choses \u00e9tranges. Des mains qui poussent dans le jardin, un majordome zombie et un chien \u00e0 trois t\u00eates\u00a0: \u00ab\u00a0Un roman plein de myst\u00e8res et de suspens, o\u00f9 il faut veiller \u00e0 ne pas rester coinc\u00e9\u00a0!\u00a0\u00bb En r\u00e9sum\u00e9, il s\u2019agit d\u2019une exp\u00e9rience litt\u00e9raire stimulante et immersive pour les enfants, au cours de laquelle ils apprennent \u00e0 faire des choix, \u00ab\u00a0\u00e0 l\u2019image <a href=\"https:\/\/www.laprovence.com\/article\/culture-loisirs\/126085401896814\/astro-bot-du-francais-nicolas-doucet-elu-meilleur-jeu-video-de-lannee\" target=\"_blank\" rel=\"noopener\">d\u2019un jeu vid\u00e9o<\/a>\u00ab\u00a0.<\/p>\n<p><img alt=\"Ollie Osselet et le manoir maudit\" loading=\"lazy\" decoding=\"async\" data-nimg=\"fill\" class=\" TwicCore_img__i9TC1 undefined  undefined\" style=\"position:absolute;height:100%;width:100%;left:0;top:0;right:0;bottom:0;color:transparent;background-size:cover;background-position:50% 50%;background-repeat:no-repeat;background-image:url(&quot;data:image\/svg+xml;charset=utf-8,%3Csvg xmlns='http:\/\/www.w3.org\/2000\/svg' %3E%3Cfilter id='b' color-interpolation-filters='sRGB'%3E%3CfeGaussianBlur stdDeviation='20'\/%3E%3CfeColorMatrix values='1 0 0 0 0 0 1 0 0 0 0 0 1 0 0 0 0 0 100 -1' result='s'\/%3E%3CfeFlood x='0' y='0' width='100%25' height='100%25'\/%3E%3CfeComposite operator='out' in='s'\/%3E%3CfeComposite in2='SourceGraphic'\/%3E%3CfeGaussianBlur stdDeviation='20'\/%3E%3C\/filter%3E%3Cimage width='100%25' height='100%25' x='0' y='0' preserveAspectRatio='none' style='filter: url(%23b);' href='https:\/\/pictures.laprovence.com\/cdn-cgi\/image\/blur=250\/media\/melody\/2025\/07\/27\/ollie-osselet-et-le-manoir-maudit-1753599676_08fda031af786fbfda031af78dffdav_.jpg'\/%3E%3C\/svg%3E&quot;)\"   src=\"https:\/\/www.europesays.com\/fr\/wp-content\/uploads\/2025\/07\/ollie-osselet-et-le-manoir-maudit-1753599676_08fda031af786fbfda031af78dffdav_.jpg\"\/>Ollie Osselet et le manoir maudit \/ PHOTO DR<\/p>\n<p><strong>\u00c9ditions Sarbacane, 13,90\u00a0\u20ac<\/strong><\/p>\n","protected":false},"excerpt":{"rendered":"Parce que la lecture est essentielle d\u00e8s le plus jeune \u00e2ge, La Provence\u00a0est all\u00e9e \u00e0 la rencontre d\u2019Alice&hellip;\n","protected":false},"author":2,"featured_media":277561,"comment_status":"","ping_status":"","sticky":false,"template":"","format":"standard","meta":{"footnotes":""},"categories":[2814],"tags":[17,1111,11,251,40055,1446,1777,674,1011,27,40054,151,14783,1380,884,12,882,25,8085],"class_list":{"0":"post-277560","1":"post","2":"type-post","3":"status-publish","4":"format-standard","5":"has-post-thumbnail","7":"category-marseille","8":"tag-17","9":"tag-actu","10":"tag-actualites","11":"tag-culture","12":"tag-dapres","13":"tag-dans","14":"tag-eu","15":"tag-europe","16":"tag-fr","17":"tag-france","18":"tag-glisser","19":"tag-les","20":"tag-librairie","21":"tag-livres","22":"tag-marseille","23":"tag-news","24":"tag-provence-alpes-cote-dazur","25":"tag-republique-francaise","26":"tag-valise"},"share_on_mastodon":{"url":"https:\/\/pubeurope.com\/@fr\/114925720777452458","error":""},"_links":{"self":[{"href":"https:\/\/www.europesays.com\/fr\/wp-json\/wp\/v2\/posts\/277560","targetHints":{"allow":["GET"]}}],"collection":[{"href":"https:\/\/www.europesays.com\/fr\/wp-json\/wp\/v2\/posts"}],"about":[{"href":"https:\/\/www.europesays.com\/fr\/wp-json\/wp\/v2\/types\/post"}],"author":[{"embeddable":true,"href":"https:\/\/www.europesays.com\/fr\/wp-json\/wp\/v2\/users\/2"}],"replies":[{"embeddable":true,"href":"https:\/\/www.europesays.com\/fr\/wp-json\/wp\/v2\/comments?post=277560"}],"version-history":[{"count":0,"href":"https:\/\/www.europesays.com\/fr\/wp-json\/wp\/v2\/posts\/277560\/revisions"}],"wp:featuredmedia":[{"embeddable":true,"href":"https:\/\/www.europesays.com\/fr\/wp-json\/wp\/v2\/media\/277561"}],"wp:attachment":[{"href":"https:\/\/www.europesays.com\/fr\/wp-json\/wp\/v2\/media?parent=277560"}],"wp:term":[{"taxonomy":"category","embeddable":true,"href":"https:\/\/www.europesays.com\/fr\/wp-json\/wp\/v2\/categories?post=277560"},{"taxonomy":"post_tag","embeddable":true,"href":"https:\/\/www.europesays.com\/fr\/wp-json\/wp\/v2\/tags?post=277560"}],"curies":[{"name":"wp","href":"https:\/\/api.w.org\/{rel}","templated":true}]}}