{"id":277564,"date":"2025-07-27T14:42:14","date_gmt":"2025-07-27T14:42:14","guid":{"rendered":"https:\/\/www.europesays.com\/fr\/277564\/"},"modified":"2025-07-27T14:42:14","modified_gmt":"2025-07-27T14:42:14","slug":"lyon-harry-potter-seigneur-des-anneaux-ce-musee-ouvre-un-espace-immersif-unique","status":"publish","type":"post","link":"https:\/\/www.europesays.com\/fr\/277564\/","title":{"rendered":"Lyon. Harry Potter, Seigneur des Anneaux&#8230; Ce mus\u00e9e ouvre un espace immersif unique"},"content":{"rendered":"<p>            Par<br \/>\n        <strong><br \/>\n            <a href=\"https:\/\/actu.fr\/auteur\/julien-damboise\" title=\"Consulter tous les articles de Julien Damboise\" rel=\"nofollow noopener\" target=\"_blank\">Julien Damboise<\/a><br \/>\n        <\/strong><\/p>\n<p>        Publi\u00e9 le<\/p>\n<p>            27 juil. 2025 \u00e0 15h52        <\/p>\n<p>Les amateurs de <a href=\"https:\/\/actu.fr\/cinema\" rel=\"nofollow noopener\" target=\"_blank\">cin\u00e9ma<\/a> et d\u2019univers fantastiques ont rendez-vous depuis quelques jours au c\u0153ur du <a href=\"https:\/\/actu.fr\/tag\/vieux-lyon\" rel=\"nofollow noopener\" target=\"_blank\">Vieux Lyon<\/a>. Le <strong>mus\u00e9e Cin\u00e9ma et Miniature<\/strong> vient d\u2019inaugurer un <strong>espace immersif in\u00e9dit<\/strong>, enti\u00e8rement consacr\u00e9 \u00e0 l\u2019art de la fantaisie au cin\u00e9ma. On y retrouve les titres les plus iconiques de ce genre du grand \u00e9cran, du Seigneur des Anneaux \u00e0 Harry Potter en passant par Narnia.<\/p>\n<p>Les oreilles de Legolas<\/p>\n<p class=\" wall-content\">Depuis ce samedi 5\u00a0juillet 2025, les visiteurs peuvent d\u00e9couvrir une salle regroupant une toute <strong>nouvelle collection d\u2019objets authentiques<\/strong>, directement issus de prestigieux tournages.<\/p>\n<p class=\" wall-content\">Le studio n\u00e9o-z\u00e9landais Weta Workshop est particuli\u00e8rement \u00e0 l\u2019honneur avec plusieurs pi\u00e8ces rares provenant de la trilogie Le Seigneur des Anneaux. Sont notamment expos\u00e9s les <strong>oreilles originales de Legolas<\/strong> port\u00e9es par Orlando Bloom, un masque d\u2019orque ou encore la sculpture de Lurtz, l\u2019Uruk-hai, offerte par l\u2019acteur Lawrence Makoare lui-m\u00eame.<\/p>\n<p>    <img   decoding=\"async\" loading=\"lazy\" src=\"https:\/\/www.europesays.com\/fr\/wp-content\/uploads\/2025\/07\/musee-lyon-miniature-cinema-960x640.png\" alt=\"Les s\u00e9ries fantastiques les plus connues sont pr\u00e9sentes dans le mus\u00e9e Cin\u00e9ma et Miniature \u00e0 Lyon, comme le Seigneur des Anneaux.\" width=\"960\" height=\"640\"\/><br \/>\n    Les s\u00e9ries fantastiques les plus connues sont pr\u00e9sentes dans le mus\u00e9e Cin\u00e9ma et Miniature \u00e0 Lyon, comme le Seigneur des Anneaux. (\u00a9Mus\u00e9e Cin\u00e9ma et Miniature)Une reconstitution \u00e0 d\u00e9couvrir<\/p>\n<p class=\" wall-content\">Le parcours se prolonge dans le monde des sorciers avec une s\u00e9lection de pi\u00e8ces issues de la saga <strong>Harry Potter<\/strong>. On retrouve ainsi un costume de Quidditch original, des baguettes magiques, avant le clou du spectacle.<\/p>\n<p>    <a href=\"https:\/\/www.facebook.com\/plugins\/video.php?height=476&amp;href=https%3A%2F%2Fwww.facebook.com%2Freel%2F667458392989358%2F&amp;show_text=false&amp;width=350&amp;t=0\" title=\"Ouvrie le lien\" rel=\"nofollow noopener\" target=\"_blank\">Cliquez ici pour visualiser le contenu<\/a><\/p>\n<p class=\" wall-content\">Pour terminer l\u2019exp\u00e9rience, le mus\u00e9e propose une reconstitution unique\u2009: \u00ab\u2009la chambre d\u2019un adolescent passionn\u00e9 par la fantaisie, v\u00e9ritable<strong> immersion dans l\u2019intimit\u00e9<\/strong> de ceux qui, g\u00e9n\u00e9ration apr\u00e8s g\u00e9n\u00e9ration, ont nourri leur imaginaire gr\u00e2ce \u00e0 ces films devenus cultes\u2009\u00bb.<\/p>\n<p class=\" wall-content\">De quoi plaire aux enfants et aux <strong>parents nostalgiques<\/strong>.<\/p>\n<p>Mus\u00e9e Cin\u00e9ma et Miniature<br \/>60 rue Saint Jean, 69005 Lyon<\/p>\n<p class=\" wall-content\">Suivez toute l\u2019actualit\u00e9 de vos villes et m\u00e9dias favoris en vous inscrivant \u00e0 <a href=\"https:\/\/moncompte.actu.fr\" title=\"D\u00e9couvez Mon Actu\" rel=\"nofollow noopener\" data-trk=\"{&quot;cta&quot;:{&quot;action&quot;:&quot;https:\\\/\\\/moncompte.actu.fr&quot;,&quot;category&quot;:&quot;mon compte&quot;,&quot;from&quot;:&quot;article footer&quot;,&quot;name&quot;:&quot;Mon actu&quot;,&quot;type&quot;:&quot;cta&quot;}}\" target=\"_blank\">Mon Actu<\/a>.<\/p>\n","protected":false},"excerpt":{"rendered":"Par Julien Damboise Publi\u00e9 le 27 juil. 2025 \u00e0 15h52 Les amateurs de cin\u00e9ma et d\u2019univers fantastiques ont&hellip;\n","protected":false},"author":2,"featured_media":277565,"comment_status":"","ping_status":"","sticky":false,"template":"","format":"standard","meta":{"footnotes":""},"categories":[1889],"tags":[1111,11,2430,650,1777,674,1349,1011,27,1652,2428,12,25,5287],"class_list":{"0":"post-277564","1":"post","2":"type-post","3":"status-publish","4":"format-standard","5":"has-post-thumbnail","7":"category-lyon","8":"tag-actu","9":"tag-actualites","10":"tag-auvergne-rhone-alpes","11":"tag-cinema","12":"tag-eu","13":"tag-europe","14":"tag-expositions","15":"tag-fr","16":"tag-france","17":"tag-loisirs-culture","18":"tag-lyon","19":"tag-news","20":"tag-republique-francaise","21":"tag-vieux-lyon"},"share_on_mastodon":{"url":"https:\/\/pubeurope.com\/@fr\/114925728283326976","error":""},"_links":{"self":[{"href":"https:\/\/www.europesays.com\/fr\/wp-json\/wp\/v2\/posts\/277564","targetHints":{"allow":["GET"]}}],"collection":[{"href":"https:\/\/www.europesays.com\/fr\/wp-json\/wp\/v2\/posts"}],"about":[{"href":"https:\/\/www.europesays.com\/fr\/wp-json\/wp\/v2\/types\/post"}],"author":[{"embeddable":true,"href":"https:\/\/www.europesays.com\/fr\/wp-json\/wp\/v2\/users\/2"}],"replies":[{"embeddable":true,"href":"https:\/\/www.europesays.com\/fr\/wp-json\/wp\/v2\/comments?post=277564"}],"version-history":[{"count":0,"href":"https:\/\/www.europesays.com\/fr\/wp-json\/wp\/v2\/posts\/277564\/revisions"}],"wp:featuredmedia":[{"embeddable":true,"href":"https:\/\/www.europesays.com\/fr\/wp-json\/wp\/v2\/media\/277565"}],"wp:attachment":[{"href":"https:\/\/www.europesays.com\/fr\/wp-json\/wp\/v2\/media?parent=277564"}],"wp:term":[{"taxonomy":"category","embeddable":true,"href":"https:\/\/www.europesays.com\/fr\/wp-json\/wp\/v2\/categories?post=277564"},{"taxonomy":"post_tag","embeddable":true,"href":"https:\/\/www.europesays.com\/fr\/wp-json\/wp\/v2\/tags?post=277564"}],"curies":[{"name":"wp","href":"https:\/\/api.w.org\/{rel}","templated":true}]}}