{"id":277566,"date":"2025-07-27T14:43:12","date_gmt":"2025-07-27T14:43:12","guid":{"rendered":"https:\/\/www.europesays.com\/fr\/277566\/"},"modified":"2025-07-27T14:43:12","modified_gmt":"2025-07-27T14:43:12","slug":"le-corps-dun-quadragenaire-repeche-a-8-metres-de-profondeur","status":"publish","type":"post","link":"https:\/\/www.europesays.com\/fr\/277566\/","title":{"rendered":"le corps d\u2019un quadrag\u00e9naire rep\u00each\u00e9 \u00e0 8 m\u00e8tres de profondeur"},"content":{"rendered":"<p itemprop=\"description\"><strong>Le corps d\u2019un homme de 40 ans a \u00e9t\u00e9 rep\u00each\u00e9 samedi soir dans le Rh\u00f4ne, \u00e0 Lyon, apr\u00e8s une baignade qui a vir\u00e9 au drame.<\/strong><\/p>\n<p>Peu avant 23 heures ce samedi 26 juillet, un quadrag\u00e9naire s\u2019est jet\u00e9 \u00e0 l\u2019eau au niveau du pont Gallieni, entre les 2e et 7e arrondissements de Lyon. Selon les premiers \u00e9l\u00e9ments, la victime, en \u00e9tat d\u2019\u00e9bri\u00e9t\u00e9, aurait plong\u00e9 volontairement dans le fleuve devant ses amis rest\u00e9s sur le quai.<\/p>\n<p>D\u2019abord pris \u00e0 la l\u00e9g\u00e8re, les appels au secours du quadrag\u00e9naire ont finalement alert\u00e9 les t\u00e9moins, qui ont pr\u00e9venu les secours. Les sapeurs-pompiers ont finalement retrouv\u00e9 le corps sans vie \u00e0 huit m\u00e8tres de profondeur. L\u2019homme \u00e9tait en arr\u00eat cardio-respiratoire et n\u2019a pas pu \u00eatre r\u00e9anim\u00e9.<\/p>\n<p>La victime, sans domicile fixe, dormait depuis plusieurs jours avenue Leclerc (Lyon 7e), \u00e0 proximit\u00e9 des berges, apr\u00e8s avoir \u00e9t\u00e9 \u00e9vacu\u00e9e d\u2019un campement situ\u00e9 sous la gare Jean-Mac\u00e9, rapporte Le Progr\u00e8s. Pour rappel, toute baignade dans le Rh\u00f4ne ou la Sa\u00f4ne est formellement interdite \u00e0 Lyon.<\/p>\n","protected":false},"excerpt":{"rendered":"Le corps d\u2019un homme de 40 ans a \u00e9t\u00e9 rep\u00each\u00e9 samedi soir dans le Rh\u00f4ne, \u00e0 Lyon, apr\u00e8s&hellip;\n","protected":false},"author":2,"featured_media":277567,"comment_status":"","ping_status":"","sticky":false,"template":"","format":"standard","meta":{"footnotes":""},"categories":[1889],"tags":[1111,11,2813,2190,2430,1109,251,1112,2811,1777,674,118,1011,27,1922,1110,1114,2428,2810,12,241,316,25,2812,517,800],"class_list":{"0":"post-277566","1":"post","2":"type-post","3":"status-publish","4":"format-standard","5":"has-post-thumbnail","7":"category-lyon","8":"tag-actu","9":"tag-actualites","10":"tag-article","11":"tag-asvel","12":"tag-auvergne-rhone-alpes","13":"tag-breves","14":"tag-culture","15":"tag-depeches","16":"tag-economique","17":"tag-eu","18":"tag-europe","19":"tag-faits-divers","20":"tag-fr","21":"tag-france","22":"tag-info","23":"tag-informations","24":"tag-infos","25":"tag-lyon","26":"tag-lyonmag","27":"tag-news","28":"tag-ol","29":"tag-politique","30":"tag-republique-francaise","31":"tag-sociale","32":"tag-sport","33":"tag-transports"},"share_on_mastodon":{"url":"https:\/\/pubeurope.com\/@fr\/114925731998438430","error":""},"_links":{"self":[{"href":"https:\/\/www.europesays.com\/fr\/wp-json\/wp\/v2\/posts\/277566","targetHints":{"allow":["GET"]}}],"collection":[{"href":"https:\/\/www.europesays.com\/fr\/wp-json\/wp\/v2\/posts"}],"about":[{"href":"https:\/\/www.europesays.com\/fr\/wp-json\/wp\/v2\/types\/post"}],"author":[{"embeddable":true,"href":"https:\/\/www.europesays.com\/fr\/wp-json\/wp\/v2\/users\/2"}],"replies":[{"embeddable":true,"href":"https:\/\/www.europesays.com\/fr\/wp-json\/wp\/v2\/comments?post=277566"}],"version-history":[{"count":0,"href":"https:\/\/www.europesays.com\/fr\/wp-json\/wp\/v2\/posts\/277566\/revisions"}],"wp:featuredmedia":[{"embeddable":true,"href":"https:\/\/www.europesays.com\/fr\/wp-json\/wp\/v2\/media\/277567"}],"wp:attachment":[{"href":"https:\/\/www.europesays.com\/fr\/wp-json\/wp\/v2\/media?parent=277566"}],"wp:term":[{"taxonomy":"category","embeddable":true,"href":"https:\/\/www.europesays.com\/fr\/wp-json\/wp\/v2\/categories?post=277566"},{"taxonomy":"post_tag","embeddable":true,"href":"https:\/\/www.europesays.com\/fr\/wp-json\/wp\/v2\/tags?post=277566"}],"curies":[{"name":"wp","href":"https:\/\/api.w.org\/{rel}","templated":true}]}}