{"id":277568,"date":"2025-07-27T14:47:13","date_gmt":"2025-07-27T14:47:13","guid":{"rendered":"https:\/\/www.europesays.com\/fr\/277568\/"},"modified":"2025-07-27T14:47:13","modified_gmt":"2025-07-27T14:47:13","slug":"paris-un-suspect-arrete-apres-deux-incendies-volontaires-a-leglise-notre-dame-des-champs","status":"publish","type":"post","link":"https:\/\/www.europesays.com\/fr\/277568\/","title":{"rendered":"Paris : un suspect arr\u00eat\u00e9 apr\u00e8s deux incendies volontaires \u00e0 l&rsquo;\u00e9glise Notre-Dame-des-Champs"},"content":{"rendered":"<ul class=\"jsx-862013697 ArticleChapo__List\">\n<li class=\"jsx-862013697 ArticleChapo__List_Item flex\">Un suspect a \u00e9t\u00e9 arr\u00eat\u00e9 samedi apr\u00e8s les deux incendies volontaires qui ont touch\u00e9 cette semaine l&rsquo;\u00e9glise Notre-Dame-des-Champs, dans le 6e arrondissement de Paris.<\/li>\n<li class=\"jsx-862013697 ArticleChapo__List_Item flex\">L&rsquo;homme, soup\u00e7onn\u00e9 d&rsquo;en \u00eatre \u00e0 l&rsquo;origine, est connu des services de police pour des faits similaires.<\/li>\n<\/ul>\n<p><a href=\"https:\/\/www.tf1info.fr\/actualite\/incendie-dans-l-aude-2-000-hectares-parcourus-par-l-incendie-14315\/\" rel=\"noopener\" class=\"jsx-484472199 Link jsx-1428418400 jsx-27126556\" target=\"_blank\"><\/p>\n<p style=\"font-weight:400\" class=\"jsx-1837267516\">Suivez la couverture compl\u00e8te<\/p>\n<p style=\"font-weight:800\" class=\"jsx-1837267516\">Incendies en France : l&rsquo;\u00e9t\u00e9 2025 de tous les dangers<\/p>\n<p><\/a><\/p>\n<p data-module=\"article-paragraph\" class=\"jsx-3046738180 Paragraph\">La piste de l&rsquo;accident semble s&rsquo;\u00e9loigner. Selon une information du <a href=\"https:\/\/www.leparisien.fr\/faits-divers\/paris-un-suspect-arrete-apres-les-deux-incendies-a-leglise-notre-dame-des-champs-27-07-2025-BB7MMIHGQNHBRJNZ5OWX4TG5QI.php\" target=\"_blank\" rel=\"nofollow noopener\">Parisien (nouvelle fen\u00eatre)<\/a> confirm\u00e9e \u00e0 TF1\/LCI, un homme soup\u00e7onn\u00e9 d&rsquo;avoir provoqu\u00e9 volontairement deux <a href=\"https:\/\/www.tf1info.fr\/meteo\/video-reportage-tf1-aude-c-est-triste-comme-paysage-a-sigean-les-habitants-decouvrent-les-degats-apres-l-incendie-2385365.html\" target=\"_blank\" rel=\"noopener\">incendies (nouvelle fen\u00eatre)<\/a> les 23 et 24 juillet, \u00e0 l&rsquo;\u00e9glise Notre-Dame-des-Champs (6e arrondissement de Paris), a \u00e9t\u00e9 arr\u00eat\u00e9 samedi.\u00a0<\/p>\n<p data-module=\"article-paragraph\" class=\"jsx-3046738180 Paragraph Paragraph__End\">Selon nos informations, le suspect a \u00e9t\u00e9 interpell\u00e9 vers 17h aux abords du square Adolphe Ch\u00e9rioux, dans le 15e arrondissement. Les enqu\u00eateurs ont pu l&rsquo;identifier gr\u00e2ce \u00e0 la description physique fournie par les t\u00e9moins.<\/p>\n<p>Des d\u00e9g\u00e2ts minimes<\/p>\n<p data-module=\"article-paragraph\" class=\"jsx-3046738180 Paragraph\">Le premier feu s&rsquo;est d\u00e9clar\u00e9 dans la matin\u00e9e du mercredi 23 juillet, au niveau de l&rsquo;orgue de ch\u0153ur. \u00ab\u00a0Cela a provoqu\u00e9 des fum\u00e9es spectaculaires et qui ont mis du temps \u00e0 \u00eatre ventil\u00e9es\u00a0\u00bb, a d\u00e9clar\u00e9 au Parisien le maire du 6e arrondissement, Jean-Pierre Lecoq. Fort heureusement, <a href=\"https:\/\/www.tf1info.fr\/meteo\/incendies-bouches-du-rhone-des-qu-on-voit-une-fumee-il-faut-l-annoncer-a-la-radio-ces-scouts-aident-les-pompiers-a-detecter-les-feux-2385272.html\" target=\"_blank\" rel=\"noopener\">les pompiers sont intervenus (nouvelle fen\u00eatre)<\/a> et aucun bless\u00e9 n&rsquo;est \u00e0 d\u00e9plorer.\u00a0<\/p>\n<p data-module=\"article-paragraph\" class=\"jsx-3046738180 Paragraph Paragraph__End\">Le lendemain, un nouvel incendie a \u00e9clat\u00e9 en fin d&rsquo;apr\u00e8s-midi. L\u00e0 encore, les d\u00e9g\u00e2ts ont \u00e9t\u00e9 minimes, mais l&rsquo;intervalle r\u00e9duit entre les deux \u00e9v\u00e9nements a attir\u00e9 les soup\u00e7ons des autorit\u00e9s et une enqu\u00eate a \u00e9t\u00e9 ouverte pour \u00ab\u00a0d\u00e9gradation par moyen dangereux\u00a0\u00bb. Le p\u00e8re Camille Millour, pr\u00eatre \u00e0 l&rsquo;\u00e9glise Notre-Dame-des-Champs, a annonc\u00e9 d\u00e9poser plainte avec la Ville de Paris.<\/p>\n<p><a href=\"https:\/\/www.tf1info.fr\/justice-faits-divers\/quelles-sont-les-peines-encourues-par-les-auteurs-d-incendie-accidentel-ou-volontaire-feux-pyromanes-2381409.html\" rel=\"noopener\" class=\"jsx-3308031228 Link flex\" target=\"_blank\"><img decoding=\"async\" src=\"https:\/\/www.europesays.com\/fr\/wp-content\/uploads\/2025\/07\/incendie-saumos-gironde-afp-13092022-ed7416-0@1x.jpeg\" alt=\"Les pompiers luttent pied \u00e0 pied en Gironde, sur la commune de Saumos, le 13 septembre 2022.\" loading=\"lazy\" importance=\"low\" fetchpriority=\"low\" class=\"\" aria-hidden=\"true\"\/><\/p>\n<p class=\"jsx-3657663356 ReadMoreArticle__Title\">Lire aussi<\/p>\n<p class=\"jsx-3657663356\">Quelles sont les peines encourues par les auteurs d&rsquo;incendie accidentel ou volontaire ? <\/p>\n<p><\/a><\/p>\n<p data-module=\"article-paragraph\" class=\"jsx-3046738180 Paragraph\">Gr\u00e2ce aux patrouilles mises en place par la pr\u00e9fecture de police, le suspect a \u00e9t\u00e9 identifi\u00e9 : un individu qui r\u00f4dait pr\u00e8s du lieu de culte au moment des incendies et qui avait d\u00e9j\u00e0 mis en cause pour des faits similaires en 2021.\u00a0<\/p>\n<p data-module=\"article-paragraph\" class=\"jsx-3046738180 Paragraph Paragraph__End\">L&rsquo;enqu\u00eate a \u00e9t\u00e9 confi\u00e9e aux enqu\u00eateurs de la s\u00fbret\u00e9 territoriale de Paris. Le suspect a \u00e9t\u00e9 plac\u00e9 en garde \u00e0 vue dans ses locaux.\u00a0<\/p>\n<p>Athenais CORNETTE DE SAINT CYR<\/p>\n","protected":false},"excerpt":{"rendered":"Un suspect a \u00e9t\u00e9 arr\u00eat\u00e9 samedi apr\u00e8s les deux incendies volontaires qui ont touch\u00e9 cette semaine l&rsquo;\u00e9glise Notre-Dame-des-Champs,&hellip;\n","protected":false},"author":2,"featured_media":277569,"comment_status":"","ping_status":"","sticky":false,"template":"","format":"standard","meta":{"footnotes":""},"categories":[1888],"tags":[1111,1928,11,1927,1921,1777,674,6017,1011,27,1310,37774,1922,2954,12,1926,626,1925,25,133,2953],"class_list":{"0":"post-277568","1":"post","2":"type-post","3":"status-publish","4":"format-standard","5":"has-post-thumbnail","7":"category-paris","8":"tag-actu","9":"tag-actu-paris","10":"tag-actualites","11":"tag-actualites-paris","12":"tag-article-video","13":"tag-eu","14":"tag-europe","15":"tag-fait-divers","16":"tag-fr","17":"tag-france","18":"tag-incendie","19":"tag-incendies-en-france-lete-2025-de-tous-les-dangers","20":"tag-info","21":"tag-justice-et-faits-divers","22":"tag-news","23":"tag-news-paris","24":"tag-paris","25":"tag-paris-news","26":"tag-republique-francaise","27":"tag-video","28":"tag-video-police"},"share_on_mastodon":{"url":"https:\/\/pubeurope.com\/@fr\/114925748051816345","error":""},"_links":{"self":[{"href":"https:\/\/www.europesays.com\/fr\/wp-json\/wp\/v2\/posts\/277568","targetHints":{"allow":["GET"]}}],"collection":[{"href":"https:\/\/www.europesays.com\/fr\/wp-json\/wp\/v2\/posts"}],"about":[{"href":"https:\/\/www.europesays.com\/fr\/wp-json\/wp\/v2\/types\/post"}],"author":[{"embeddable":true,"href":"https:\/\/www.europesays.com\/fr\/wp-json\/wp\/v2\/users\/2"}],"replies":[{"embeddable":true,"href":"https:\/\/www.europesays.com\/fr\/wp-json\/wp\/v2\/comments?post=277568"}],"version-history":[{"count":0,"href":"https:\/\/www.europesays.com\/fr\/wp-json\/wp\/v2\/posts\/277568\/revisions"}],"wp:featuredmedia":[{"embeddable":true,"href":"https:\/\/www.europesays.com\/fr\/wp-json\/wp\/v2\/media\/277569"}],"wp:attachment":[{"href":"https:\/\/www.europesays.com\/fr\/wp-json\/wp\/v2\/media?parent=277568"}],"wp:term":[{"taxonomy":"category","embeddable":true,"href":"https:\/\/www.europesays.com\/fr\/wp-json\/wp\/v2\/categories?post=277568"},{"taxonomy":"post_tag","embeddable":true,"href":"https:\/\/www.europesays.com\/fr\/wp-json\/wp\/v2\/tags?post=277568"}],"curies":[{"name":"wp","href":"https:\/\/api.w.org\/{rel}","templated":true}]}}