{"id":277576,"date":"2025-07-27T14:51:11","date_gmt":"2025-07-27T14:51:11","guid":{"rendered":"https:\/\/www.europesays.com\/fr\/277576\/"},"modified":"2025-07-27T14:51:11","modified_gmt":"2025-07-27T14:51:11","slug":"apres-avoir-fui-la-russie-et-lukraine-irina-et-yuri-peignent-les-cevennes","status":"publish","type":"post","link":"https:\/\/www.europesays.com\/fr\/277576\/","title":{"rendered":"Apr\u00e8s avoir fui la Russie et l\u2019Ukraine, Irina et Yuri peignent les C\u00e9vennes"},"content":{"rendered":"<p>\n                                                                Jusqu\u2019au 5\u00a0ao\u00fbt, Anduze accueille une exposition in\u00e9dite des \u0153uvres de Yuri Vladimirovich et Irina Meteleshchenkova. R\u00e9fugi\u00e9s en France depuis le d\u00e9but du conflit russo-ukrainien, ces deux artistes livrent un regard sensible sur leur terre d\u2019accueil, entre paysages c\u00e9venols et inspirations botaniques.\n                            <\/p>\n<p>Depuis vendredi 25\u00a0juillet, les amateurs d\u2019art pictural peuvent admirer, dans la salle vo\u00fbt\u00e9e, \u00e0 Anduze, les \u0153uvres de Yuri Vladimirovich, l\u2019un des repr\u00e9sentants les plus brillants du sentimentalisme dans l\u2019art russe de la fin du XXe, d\u00e9but XXIe\u00a0si\u00e8cles, et de son \u00e9pouse Irina Meteleshchenkova.<\/p>\n<p>Yuri est n\u00e9 \u00e0 Leningrad en 1965 mais il a pass\u00e9 son enfance et sa jeunesse en Ukraine, patrie de son p\u00e8re. Rapidement, il s\u2019est mis \u00e0 l\u2019\u00e9tude de la peinture et a trouv\u00e9 dans la nature satur\u00e9e de couleurs de l\u2019Ukraine une source sans fin d\u2019inspiration.<\/p>\n<p>R\u00e9fugi\u00e9s \u00e0 Anduze<\/p>\n<p>Lorsque la guerre a \u00e9clat\u00e9, il se trouvait \u00e0 Saint-P\u00e9tersbourg, o\u00f9 il \u00e9tait membre de l\u2019Union des artistes. D\u2019un commun accord avec son \u00e9pouse, qui r\u00e9sidait alors en Ukraine, ils ont d\u00e9cid\u00e9 de quitter leur pays pour se r\u00e9fugier \u00e0 Paris.<br \/>C\u2019est finalement \u00e0 Anduze que le couple a trouv\u00e9 un havre de paix o\u00f9, depuis 2022, tous deux peuvent continuer \u00e0 peindre.<br \/>Yuri peint des vues romantiques du sud de la France, la ville d\u2019Anduze et ses environs sont devenus ses principales sources d\u2019inspiration.<\/p>\n<p>Avec son chevalet, il parcourt la campagne \u00e0 la recherche d\u2019un joli paysage, d\u2019un arbre en fleurs, d\u2019un m\u00e9andre du Gardon qui lui permette de cr\u00e9er un environnement \u00e9motionnel expressif, \u00e0 travers la couleur et les compositions originales. Les Anduziens auront aussi plaisir \u00e0 retrouver des coins secrets que le peintre d\u00e9niche au cours de ses promenades. Ajoutons quelques vues de Marseille et une \u00e9l\u00e9gante repr\u00e9sentation du ch\u00e2teau de Calviac et le visiteur aura un floril\u00e8ge du travail de l\u2019artiste.<\/p>\n<p>Du pinceau \u00e0 l\u2019aiguille, une nature sublim\u00e9e<\/p>\n<p>Quant \u00e0 Irina, elle est engag\u00e9e dans la peinture botanique et repr\u00e9sente en particulier la flore des C\u00e9vennes. Son style se caract\u00e9rise par des couleurs subtiles et une grande ma\u00eetrise, du point de vue acad\u00e9mique. Depuis 1985, elle est dipl\u00f4m\u00e9e du coll\u00e8ge d\u2019Art de Saint-Petersbourg et s\u2019est form\u00e9e en copiant des natures mortes de vieux ma\u00eetres, au mus\u00e9e de l\u2019Hermitage. Elle a \u00e9galement travaill\u00e9 comme designer dans la mode f\u00e9minine. Actuellement, elle cr\u00e9e des mod\u00e8les de v\u00eatements \u00e0 partir de tissus peints dans la technique du batik (technique indon\u00e9sienne de teinture) et de l\u2019\u00e9co-print (par la vapeur).<\/p>\n<p>L\u2019exposition est visible salle vo\u00fbt\u00e9e de l\u2019espace P\u00e9lico, \u00e0 Anduze, jusqu\u2019au mardi 5\u00a0ao\u00fbt, de 10\u00a0heures \u00e0 midi et de 14\u00a0heures \u00e0 18\u00a0heures.<\/p>\n","protected":false},"excerpt":{"rendered":"Jusqu\u2019au 5\u00a0ao\u00fbt, Anduze accueille une exposition in\u00e9dite des \u0153uvres de Yuri Vladimirovich et Irina Meteleshchenkova. R\u00e9fugi\u00e9s en France&hellip;\n","protected":false},"author":2,"featured_media":277577,"comment_status":"","ping_status":"","sticky":false,"template":"","format":"standard","meta":{"footnotes":""},"categories":[1591],"tags":[11,1887,12,1885,1886,132],"class_list":{"0":"post-277576","1":"post","2":"type-post","3":"status-publish","4":"format-standard","5":"has-post-thumbnail","7":"category-russie","8":"tag-actualites","9":"tag-federation-de-russie","10":"tag-news","11":"tag-russia","12":"tag-russian-federation","13":"tag-russie"},"share_on_mastodon":{"url":"https:\/\/pubeurope.com\/@fr\/114925763546557300","error":""},"_links":{"self":[{"href":"https:\/\/www.europesays.com\/fr\/wp-json\/wp\/v2\/posts\/277576","targetHints":{"allow":["GET"]}}],"collection":[{"href":"https:\/\/www.europesays.com\/fr\/wp-json\/wp\/v2\/posts"}],"about":[{"href":"https:\/\/www.europesays.com\/fr\/wp-json\/wp\/v2\/types\/post"}],"author":[{"embeddable":true,"href":"https:\/\/www.europesays.com\/fr\/wp-json\/wp\/v2\/users\/2"}],"replies":[{"embeddable":true,"href":"https:\/\/www.europesays.com\/fr\/wp-json\/wp\/v2\/comments?post=277576"}],"version-history":[{"count":0,"href":"https:\/\/www.europesays.com\/fr\/wp-json\/wp\/v2\/posts\/277576\/revisions"}],"wp:featuredmedia":[{"embeddable":true,"href":"https:\/\/www.europesays.com\/fr\/wp-json\/wp\/v2\/media\/277577"}],"wp:attachment":[{"href":"https:\/\/www.europesays.com\/fr\/wp-json\/wp\/v2\/media?parent=277576"}],"wp:term":[{"taxonomy":"category","embeddable":true,"href":"https:\/\/www.europesays.com\/fr\/wp-json\/wp\/v2\/categories?post=277576"},{"taxonomy":"post_tag","embeddable":true,"href":"https:\/\/www.europesays.com\/fr\/wp-json\/wp\/v2\/tags?post=277576"}],"curies":[{"name":"wp","href":"https:\/\/api.w.org\/{rel}","templated":true}]}}