{"id":27758,"date":"2025-04-15T22:37:09","date_gmt":"2025-04-15T22:37:09","guid":{"rendered":"https:\/\/www.europesays.com\/fr\/27758\/"},"modified":"2025-04-15T22:37:09","modified_gmt":"2025-04-15T22:37:09","slug":"pourquoi-emmanuel-macron-hesite-a-reconnaitre-letat-de-palestine","status":"publish","type":"post","link":"https:\/\/www.europesays.com\/fr\/27758\/","title":{"rendered":"Pourquoi Emmanuel Macron h\u00e9site \u00e0 reconna\u00eetre l\u2019\u00c9tat de Palestine"},"content":{"rendered":"<p><strong>ANALYSE &#8211;<\/strong> Le chef de l\u2019\u00c9tat avance vers cette option, mais il cherche \u00e0 entra\u00eener des pays arabes \u00e0 reconna\u00eetre Isra\u00ebl.<\/p>\n<p class=\"fig-paragraph\">Visite \u00e0 el-Arish pr\u00e8s de Gaza, puis discussion \u00e0 l\u2019Institut du monde arabe avec des Palestiniens sortis de l\u2019enclave\u00a0: depuis une semaine,\u00a0Emmanuel Macron\u00a0d\u00e9roule une s\u00e9quence consacr\u00e9e au \u00ab\u00a0calvaire\u00a0\u00bb v\u00e9cu par les deux millions de\u00a0<a href=\"http:\/\/www.lefigaro.fr\/international\/arretez-la-guerre-pousses-par-la-faim-et-le-desespoir-des-gazaouis-defient-le-hamas-20250326\" target=\"_blank\" data-fig-type=\"Article\" rel=\"noopener nofollow\" data-gtm-custom-categorie=\"navigation\" data-gtm-custom-action=\"crossclick\" data-gtm-custom-label=\"Contextuel\" data-gtm-event=\"customEventSPE\" data-fig-domain=\"LEFIGARO\">Gazaouis, soumis aux bombardements meurtriers isra\u00e9liens<\/a>.<\/p>\n<p class=\"fig-paragraph\">Apr\u00e8s avoir vu de ses propres yeux les meurtrissures de la guerre aupr\u00e8s des bless\u00e9s soign\u00e9s en \u00c9gypte, il a \u00e9chang\u00e9, lundi, avec des m\u00e9decins, des artistes et des chercheurs, r\u00e9fugi\u00e9s en France. \u00ab\u00a0Avec la derni\u00e8re guerre, on pense que tous les enfants de Gaza ont besoin de soins psychologiques\u00a0\u00bb, lui a expliqu\u00e9 Fadel Afana, psychiatre, tandis que le r\u00e9alisateur Iyad Alasttal l\u2019appelait \u00e0 un \u00ab\u00a0geste officiel\u00a0\u00bb de la France.<\/p>\n<p class=\"fig-body-link\">\n            \u00c0 lire aussi<br \/>\n        <a class=\"fig-body-link__link fig-premium-mark\" href=\"https:\/\/www.lefigaro.fr\/vox\/monde\/2018\/09\/21\/31002-20180921ARTFIG00418-israel-palestine-macron-et-le-constat-de-l-impuissance.php\" data-fig-type=\"Article\" data-gtm-custom-categorie=\"navigation\" data-gtm-custom-action=\"crossclick\" data-gtm-custom-label=\"Contextuel\" data-gtm-event=\"customEventSPE\" data-fig-domain=\"LEFIGARO\" rel=\"nofollow noopener\" target=\"_blank\">Isra\u00ebl-Palestine\u00a0: Macron et le constat de l&rsquo;impuissance<br \/>\n    <\/a>\n<\/p>\n<p class=\"fig-paragraph\">Ce geste, tout le monde le conna\u00eet\u00a0:<a href=\"http:\/\/www.lefigaro.fr\/international\/emmanuel-macron-reaffirme-vouloir-declencher-une-serie-de-reconnaissances-d-un-etat-palestinien-et-d-israel-20250414\" data-fig-type=\"NewsFlash\" data-gtm-custom-categorie=\"navigation\" data-gtm-custom-action=\"crossclick\" data-gtm-custom-label=\"Contextuel\" data-gtm-event=\"customEventSPE\" data-fig-domain=\"LEFIGARO\" rel=\"nofollow noopener\" target=\"_blank\">\u00a0la reconnaissance de l\u2019\u00c9tat de Palestine par la France<\/a>. Emmanuel Macron a avanc\u00e9 dans cette direction, mais il h\u00e9site encore \u00e0 sauter le pas. \u00ab\u00a0Il veut reconna\u00eetre la Palestine, je l\u2019ai entendu l\u2019affirmer \u00e0 plusieurs reprises\u00a0\u00bb<\/p>\n<p class=\"fig-premium-paywall__infos\">\n        Cet article est r\u00e9serv\u00e9 aux abonn\u00e9s.        Il vous reste 81% \u00e0 d\u00e9couvrir.\n    <\/p>\n<p>                <img  data- alt=\"Le Figaro\" class=\"fig-img--complete fig-img\"\/><\/p>\n<p class=\"fig-premium-paywall__title\">Vous avez envie de lire la suite ?<\/p>\n<p class=\"fig-premium-paywall__subtitle\">D\u00e9bloquez tous les articles imm\u00e9diatement.<\/p>\n<p class=\"fig-premium-paywall__connect\">\n                D\u00e9j\u00e0 abonn\u00e9\u00a0?                <a class=\"fig-premium-paywall__connect-link\" href=\"https:\/\/connect.lefigaro.fr\/login?client=horizon_web&amp;type=main&amp;redirect_uri=https%3A%2F%2Fwww.lefigaro.fr%2Finternational%2Fpourquoi-emmanuel-macron-hesite-a-reconnaitre-l-etat-de-palestine-20250415\" data-js-gtm=\"{&quot;customCategorie&quot;: &quot;conversion&quot;, &quot;customAction&quot;: &quot;before_Landing_Connexion_paywall_auto&quot;, &quot;customLabel&quot;: &quot;bGVmaWdhcm8uZnJfXzFmMDE5ZmQ5LTE0MGItNmNkNi1hZWVlLTIzYWNlYzIzM2MyZV9fQXJ0aWNsZQ==_Pourquoi Emmanuel Macron h\u00e9site \u00e0 reconna\u00eetre l\u2019\u00c9tat de Palestine_263&quot;, &quot;customIDSPE&quot;: &quot;bGVmaWdhcm8uZnJfXzFmMDE5ZmQ5LTE0MGItNmNkNi1hZWVlLTIzYWNlYzIzM2MyZV9fQXJ0aWNsZQ==&quot;, &quot;event&quot;: &quot;customEventSPE&quot;}\" rel=\"nofollow noopener\" target=\"_blank\"><br \/>\n                    Connectez-vous<br \/>\n                <\/a>\n            <\/p>\n","protected":false},"excerpt":{"rendered":"ANALYSE &#8211; Le chef de l\u2019\u00c9tat avance vers cette option, mais il cherche \u00e0 entra\u00eener des pays arabes&hellip;\n","protected":false},"author":2,"featured_media":27759,"comment_status":"","ping_status":"","sticky":false,"template":"","format":"standard","meta":{"footnotes":""},"categories":[5],"tags":[259,11,260,1073,1011,27,665,14,261,12,262,28],"class_list":{"0":"post-27758","1":"post","2":"type-post","3":"status-publish","4":"format-standard","5":"has-post-thumbnail","7":"category-international","8":"tag-actualite-internationale","9":"tag-actualites","10":"tag-affaires-etrangeres","11":"tag-emmanuel-macron","12":"tag-fr","13":"tag-france","14":"tag-gaza","15":"tag-international","16":"tag-ministere-des-affaires-etrangeres","17":"tag-news","18":"tag-politique-etrangere","19":"tag-world"},"share_on_mastodon":{"url":"https:\/\/pubeurope.com\/@fr\/114344377986014099","error":""},"_links":{"self":[{"href":"https:\/\/www.europesays.com\/fr\/wp-json\/wp\/v2\/posts\/27758","targetHints":{"allow":["GET"]}}],"collection":[{"href":"https:\/\/www.europesays.com\/fr\/wp-json\/wp\/v2\/posts"}],"about":[{"href":"https:\/\/www.europesays.com\/fr\/wp-json\/wp\/v2\/types\/post"}],"author":[{"embeddable":true,"href":"https:\/\/www.europesays.com\/fr\/wp-json\/wp\/v2\/users\/2"}],"replies":[{"embeddable":true,"href":"https:\/\/www.europesays.com\/fr\/wp-json\/wp\/v2\/comments?post=27758"}],"version-history":[{"count":0,"href":"https:\/\/www.europesays.com\/fr\/wp-json\/wp\/v2\/posts\/27758\/revisions"}],"wp:featuredmedia":[{"embeddable":true,"href":"https:\/\/www.europesays.com\/fr\/wp-json\/wp\/v2\/media\/27759"}],"wp:attachment":[{"href":"https:\/\/www.europesays.com\/fr\/wp-json\/wp\/v2\/media?parent=27758"}],"wp:term":[{"taxonomy":"category","embeddable":true,"href":"https:\/\/www.europesays.com\/fr\/wp-json\/wp\/v2\/categories?post=27758"},{"taxonomy":"post_tag","embeddable":true,"href":"https:\/\/www.europesays.com\/fr\/wp-json\/wp\/v2\/tags?post=27758"}],"curies":[{"name":"wp","href":"https:\/\/api.w.org\/{rel}","templated":true}]}}