{"id":277580,"date":"2025-07-27T14:53:14","date_gmt":"2025-07-27T14:53:14","guid":{"rendered":"https:\/\/www.europesays.com\/fr\/277580\/"},"modified":"2025-07-27T14:53:14","modified_gmt":"2025-07-27T14:53:14","slug":"eswatini-accueil-controverse-de-criminels-expulses-des-usa","status":"publish","type":"post","link":"https:\/\/www.europesays.com\/fr\/277580\/","title":{"rendered":"Eswatini: accueil controvers\u00e9 de \u00abcriminels\u00bb expuls\u00e9s des USA"},"content":{"rendered":"<p>Publi\u00e927. juillet 2025, 14:34<\/p>\n<p>Royaume d\u2019Eswatini: Trump accus\u00e9 d&rsquo;utiliser l&rsquo;Afrique comme \u00abd\u00e9potoir\u00bb pour criminels<\/p>\n<p>Trump est accus\u00e9 d\u2019utiliser les pays africains comme \u00abd\u00e9potoir\u00bb pour les criminels apr\u00e8s que cinq hommes ont \u00e9t\u00e9 expuls\u00e9s des \u00c9tats-Unis vers le petit royaume d\u2019Eswatini.<\/p>\n<p><img loading=\"lazy\" decoding=\"async\" src=\"https:\/\/www.europesays.com\/fr\/wp-content\/uploads\/2025\/07\/06e581cc-4e05-46ea-bc96-b0e8f4cdce26.jpg\" alt=\"En Eswatini, les partis politiques sont interdits et le roi Mswati III r\u00e8gne sans partage depuis presque 40 ans.\" title=\"En Eswatini, les partis politiques sont interdits et le roi Mswati III r\u00e8gne sans partage depuis presque 40 ans.\"  width=\"1200\" height=\"792\"\/><\/p>\n<p>En Eswatini, les partis politiques sont interdits et le roi Mswati III r\u00e8gne sans partage depuis presque 40 ans.<\/p>\n<p>AFP<\/p>\n<p>Le petit royaume d\u2019Eswatini a beau \u00eatre la derni\u00e8re monarchie absolue d\u2019Afrique et les d\u00e9cisions du roi peu susceptibles d\u2019\u00eatre contest\u00e9es, le secret entourant l\u2019accueil mi-juillet de cinq hommes pr\u00e9sent\u00e9s par Washington comme des \u00abcriminels en situation irr\u00e9guli\u00e8re\u00bb suscite une rare lev\u00e9e de boucliers. De nationalit\u00e9s vietnamienne, laotienne, y\u00e9m\u00e9nite, cubaine et jama\u00efcaine, ils ont \u00e9t\u00e9 expuls\u00e9s par Washington au motif que leurs pays respectifs auraient refus\u00e9 de les reprendre et ont \u00e9t\u00e9 convoy\u00e9s par avion militaire dans la capitale de l\u2019ex-Swaziland le 16 juillet, o\u00f9 ils ont \u00e9t\u00e9 incarc\u00e9r\u00e9s.<\/p>\n<p>Le gouvernement du royaume a rapidement confirm\u00e9 leur pr\u00e9sence, expliquant par la voix de la porte-parole Thabile Mdluli que ces prisonniers n\u2019avaient pas vocation \u00e0 rester dans le royaume \u00abde fa\u00e7on permanente\u00bb et qu\u2019ils seraient \u00abrapatri\u00e9s en temps voulu dans leurs pays d\u2019origine\u00bb. Mais de nombreuses questions restent en suspens et agitent le royaume. D\u2019autres expulsions sont-elles pr\u00e9vues? Si oui, combien? Quelle est la contrepartie pour l\u2019Eswatini? Qu\u2019en est-il du respect des droits des cinq prisonniers \u00e9trangers?<\/p>\n<p>Indignation<\/p>\n<p>En d\u00e9but de semaine, de nombreuses organisations de la soci\u00e9t\u00e9 civile et responsables politiques ont exprim\u00e9 leur indignation. Comme le rapporte le <a target=\"_blank\" href=\"https:\/\/www.theguardian.com\/world\/2025\/jul\/23\/eswatini-petition-us-deportees\" rel=\"noopener noreferrer nofollow\">\u00abGuardian\u00bb<\/a>, une p\u00e9tition a ainsi \u00e9t\u00e9 remise lundi \u00e0 l&rsquo;ambassade am\u00e9ricaine demandant aux \u00c9tats-Unis de reprendre les expuls\u00e9s, de respecter les droits humains des expuls\u00e9s et de faire en sorte que l&rsquo;Eswatini ne devienne pas un \u00abd\u00e9potoir pour les probl\u00e8mes non r\u00e9solus venus d&rsquo;ailleurs\u00bb.<\/p>\n<p>Les dirigeants des groupes avaient organis\u00e9 quelques jours avant une manifestation devant l&rsquo;ambassade am\u00e9ricaine, avec des pancartes portant des messages tels que: \u00abL&rsquo;Eswatini n&rsquo;est pas une prison pour les refoul\u00e9s des \u00c9tats-Unis\u00bb et \u00abRamenez les cinq criminels aux \u00c9tats-Unis!\u00bb. Le plus grand parti d&rsquo;opposition d&rsquo;Eswatini, le Mouvement d\u00e9mocratique uni du peuple, a par ailleurs d\u00e9clar\u00e9 dans un communiqu\u00e9: \u00abPudemo condamne avec v\u00e9h\u00e9mence la d\u00e9cision tra\u00eetresse et imprudente du r\u00e9gime du roi Mswati III de permettre aux \u00c9tats-Unis d&rsquo;Am\u00e9rique de d\u00e9verser leurs criminels les plus dangereux sur le sol swazi. Il ne s&rsquo;agit pas de diplomatie, mais de traite d&rsquo;\u00eatres humains d\u00e9guis\u00e9e en accord d&rsquo;expulsion.\u00bb<\/p>\n<p>Blackout entourant ce programme d\u2019accueil<\/p>\n<p>Les cinq hommes sont d\u00e9tenus dans le centre correctionnel de Matsapha, \u00e0 30 km au sud de la capitale. Cette prison fait l\u2019objet de travaux de r\u00e9novation et d\u2019extension depuis 2018, financ\u00e9s selon plusieurs sources gouvernementales par les \u00c9tats-Unis dans le cadre d\u2019un programme englobant les 14 centres p\u00e9nitentiaires du pays. Plusieurs sources au sein de l\u2019administration p\u00e9nitentiaires ont indiqu\u00e9 que les cinq hommes \u00e9taient d\u00e9tenus dans le quartier r\u00e9nov\u00e9 de haute s\u00e9curit\u00e9.<\/p>\n<p>Plusieurs d\u00e9put\u00e9s se sont \u00e9mus jeudi au parlement du blackout entourant ce programme d\u2019accueil. L\u2019un d\u2019eux, Marwick Khumalo, a enjoint le Premier ministre d\u2019\u00abinformer l\u2019assembl\u00e9e du contenu de l\u2019accord avec les USA\u00bb et de pr\u00e9ciser \u00abquelle doit \u00eatre ou quelle a \u00e9t\u00e9 la contrepartie obtenue\u00bb par l\u2019Eswatini. D\u2019autres se sont inqui\u00e9t\u00e9s de la pr\u00e9sence de ces \u00abcriminels endurcis\u00bb dans le pays.<\/p>\n<p>Des m\u00e9dias locaux ont fait \u00e9tat d\u2019un nombre total de 160 personnes cens\u00e9es \u00eatre expuls\u00e9es \u00e0 terme des \u00c9tats-Unis vers le royaume, une information que l\u2019AFP n\u2019a pas \u00e9t\u00e9 en mesure de confirmer. A toutes ces questions, le Premier ministre Russell Dlamini a oppos\u00e9 une fin de non-recevoir: \u00abToute d\u00e9cision ou tout accord n\u2019a pas vocation \u00e0 \u00eatre partag\u00e9 avec le public.\u00bb L\u2019Eswatini est le deuxi\u00e8me pays africain destinataire de ces expulsions: le 4 juillet, Washington avait d\u00e9j\u00e0 achemin\u00e9 huit immigr\u00e9s en situation irr\u00e9guli\u00e8re au <a href=\"https:\/\/www.20min.ch\/fr\/story\/etats-unis-l-expulsion-de-migrants-vers-le-soudan-du-sud-validee-103375330\" rel=\"nofollow noopener\" target=\"_blank\">Soudan du Sud<\/a>.<\/p>\n<p>(afp\/vja)<\/p>\n","protected":false},"excerpt":{"rendered":"Publi\u00e927. juillet 2025, 14:34 Royaume d\u2019Eswatini: Trump accus\u00e9 d&rsquo;utiliser l&rsquo;Afrique comme \u00abd\u00e9potoir\u00bb pour criminels Trump est accus\u00e9 d\u2019utiliser&hellip;\n","protected":false},"author":2,"featured_media":277581,"comment_status":"","ping_status":"","sticky":false,"template":"","format":"standard","meta":{"footnotes":""},"categories":[1589],"tags":[11,73,1866,12,1864,1865,1863,308],"class_list":{"0":"post-277580","1":"post","2":"type-post","3":"status-publish","4":"format-standard","5":"has-post-thumbnail","7":"category-etats-unis","8":"tag-actualites","9":"tag-etats-unis","10":"tag-etats-unis-damerique","11":"tag-news","12":"tag-united-states","13":"tag-united-states-of-america","14":"tag-us","15":"tag-usa"},"share_on_mastodon":{"url":"https:\/\/pubeurope.com\/@fr\/114925771623210801","error":""},"_links":{"self":[{"href":"https:\/\/www.europesays.com\/fr\/wp-json\/wp\/v2\/posts\/277580","targetHints":{"allow":["GET"]}}],"collection":[{"href":"https:\/\/www.europesays.com\/fr\/wp-json\/wp\/v2\/posts"}],"about":[{"href":"https:\/\/www.europesays.com\/fr\/wp-json\/wp\/v2\/types\/post"}],"author":[{"embeddable":true,"href":"https:\/\/www.europesays.com\/fr\/wp-json\/wp\/v2\/users\/2"}],"replies":[{"embeddable":true,"href":"https:\/\/www.europesays.com\/fr\/wp-json\/wp\/v2\/comments?post=277580"}],"version-history":[{"count":0,"href":"https:\/\/www.europesays.com\/fr\/wp-json\/wp\/v2\/posts\/277580\/revisions"}],"wp:featuredmedia":[{"embeddable":true,"href":"https:\/\/www.europesays.com\/fr\/wp-json\/wp\/v2\/media\/277581"}],"wp:attachment":[{"href":"https:\/\/www.europesays.com\/fr\/wp-json\/wp\/v2\/media?parent=277580"}],"wp:term":[{"taxonomy":"category","embeddable":true,"href":"https:\/\/www.europesays.com\/fr\/wp-json\/wp\/v2\/categories?post=277580"},{"taxonomy":"post_tag","embeddable":true,"href":"https:\/\/www.europesays.com\/fr\/wp-json\/wp\/v2\/tags?post=277580"}],"curies":[{"name":"wp","href":"https:\/\/api.w.org\/{rel}","templated":true}]}}