{"id":277582,"date":"2025-07-27T14:54:15","date_gmt":"2025-07-27T14:54:15","guid":{"rendered":"https:\/\/www.europesays.com\/fr\/277582\/"},"modified":"2025-07-27T14:54:15","modified_gmt":"2025-07-27T14:54:15","slug":"meghan-et-harry-malgre-les-pourparlers-de-paix-dans-la-famille-royale-ils-ne-reviendront-pas-au-royaume-uni","status":"publish","type":"post","link":"https:\/\/www.europesays.com\/fr\/277582\/","title":{"rendered":"Meghan et Harry : malgr\u00e9 les pourparlers de paix dans la famille royale, ils ne reviendront pas au Royaume-Uni"},"content":{"rendered":"<p data-start=\"59\" data-end=\"653\">Depuis la publication des<br \/>\nr\u00e9v\u00e9lations troublantes de Harry dans sa biographie Le suppl\u00e9ant, les \u00e9changes entre le<br \/>\nprince et son p\u00e8re \u00e9taient <strong>au point mort<\/strong>.<br \/>\nPourtant, le 13 juillet 2025, le Daily Mail rapportait qu\u2019une rencontre entre les<br \/>\nrepr\u00e9sentants du roi <a href=\"https:\/\/www.closermag.fr\/royautes\/prince-harry-une-paix-avec-charles-iii-se-profile-mais-son-retour-au-royaume-uni-est-loin-detre-acte-3565295\" rel=\"nofollow noopener\" target=\"_blank\"><br \/>\nCharles III<\/a> et ceux de son fils avait lanc\u00e9 une possible<br \/>\nr\u00e9ouverture du dialogue. Le souverain serait-il pr\u00eat \u00e0 passer<br \/>\nl\u2019\u00e9ponge sur les confidences de Harry ?<\/p>\n<p data-start=\"655\" data-end=\"1058\">\u00ab\u00a0Il faut garder en t\u00eate<br \/>\nque, au d\u00e9part, le roi et Meghan entretenaient des <strong>liens<br \/>\namicaux<\/strong>\u00ab\u00a0, explique-t-elle. Charles aurait m\u00eame<br \/>\npartag\u00e9 des moments conviviaux avec sa belle-fille, notamment<br \/>\nautour de discussions musicales, et il ne faut pas oublier que<br \/>\n<a href=\"https:\/\/www.closermag.fr\/royautes\/meghan-markle-ce-role-quelle-joue-dans-le-rapprochement-entre-le-prince-harry-et-charles-iii-3565513\" rel=\"nofollow noopener\" target=\"_blank\"><br \/>\nMeghan<\/a> est arriv\u00e9e \u00e0 l\u2019autel au bras du roi le jour de son<br \/>\nmariage. Une complicit\u00e9 aujourd\u2019hui rompue mais qui pourrait<br \/>\npeut-\u00eatre \u00eatre restaur\u00e9e.<\/p>\n<p>Harry et Meghan restent aux<br \/>\n\u00c9tats-Unis : aucun retour royal en vue<\/p>\n<p data-start=\"166\" data-end=\"1074\">Le prince <a href=\"https:\/\/www.closermag.fr\/royautes\/prince-harry-cette-question-dechirante-en-cinq-mots-a-sa-cousine-eugenie-3566092\" rel=\"nofollow noopener\" target=\"_blank\"><br \/>\nHarry<\/a> et Meghan Markle n\u2019ont aucune intention de troquer leur<br \/>\nr\u00eave am\u00e9ricain contre un retour \u00e0 la vie royale. Le duc et la<br \/>\nduchesse de Sussex, qui ont renonc\u00e9 \u00e0 leurs fonctions en 2020, ne<br \/>\ncomptent pas quitter le soleil californien, malgr\u00e9 les suppos\u00e9s<br \/>\n\u00ab\u00a0<strong>pourparlers de paix<\/strong>\u00a0\u00bb entre leurs \u00e9quipes<br \/>\net celles du roi Charles.<\/p>\n<p data-start=\"166\" data-end=\"1074\">Le 9 juillet, des rumeurs ont<br \/>\n\u00e9merg\u00e9 autour d\u2019un \u00ab\u00a0sommet secret\u00a0\u00bbentre Meredith Maines,<br \/>\nla secr\u00e9taire particuli\u00e8re des Sussex, et Tobyn Andreae, le chef de<br \/>\nla communication du roi. Si cette rencontre a fait na\u00eetre un espoir<br \/>\nd\u2019apaisement, un proche du couple a affirm\u00e9 qu\u2019un retour au<br \/>\nRoyaume-Uni ne figure pas dans leurs projets. \u00ab\u00a0<strong>C\u2019\u00e9tait<br \/>\nun bon premier pas<\/strong>. C\u2019est toujours mieux de se<br \/>\nparler\u00a0\u00bb, a-t-il confi\u00e9 au magazine People.<\/p>\n<p>Des<br \/>\ntensions persistantes malgr\u00e9 des \u201cpourparlers de paix\u201d<\/p>\n<p data-start=\"1146\" data-end=\"2298\">Si le prince Harry continue de<br \/>\nse rendre au Royaume-Uni pour ses engagements caritatifs, il a<br \/>\nexprim\u00e9 ses craintes de revenir avec sa famille depuis la<br \/>\nsuppression de leur s\u00e9curit\u00e9 financ\u00e9e par l\u2019\u00c9tat. \u00ab\u00a0<strong>Je<br \/>\nne vois pas de sc\u00e9nario o\u00f9 je ram\u00e8nerais ma femme et mes enfants au<br \/>\nRoyaume-Uni pour le moment<\/strong>\u00ab\u00a0, a-t-il d\u00e9clar\u00e9 \u00e0 la BBC.<br \/>\nMalgr\u00e9 tout, il reconna\u00eet : \u00ab\u00a0Le Royaume-Uni me manque par<br \/>\ncertains aspects\u2026 C\u2019est triste de ne pas pouvoir montrer mon pays<br \/>\nnatal \u00e0 mes enfants\u00a0\u00bb. De son c\u00f4t\u00e9, Meghan confie \u00eatre<br \/>\nreconnaissante de pouvoir \u00e9lever <a href=\"https:\/\/www.closermag.fr\/royautes\/prince-william-cette-decision-claire-quil-prendra-concernant-archie-et-lilibet-quand-il-sera-roi-3560325\" rel=\"nofollow noopener\" target=\"_blank\"><br \/>\nArchie<\/a> et <a href=\"https:\/\/www.closermag.fr\/royautes\/prince-harry-son-absurde-illusion-pour-archie-et-lilibet-qui-fait-bondir-buckingham-palace-3559264\" rel=\"nofollow noopener\" target=\"_blank\"><br \/>\nLilibet<\/a> aux \u00c9tats-Unis : \u00ab\u00a0J\u2019aime \u00e9norm\u00e9ment vivre ici et<br \/>\n\u00e9lever mes enfants ici\u00a0\u00bb.<\/p>\n<p data-start=\"1146\" data-end=\"2298\">Quant aux \u00ab\u00a0pourparlers de<br \/>\npaix\u00a0\u00bb, la <strong>fuite des photos<\/strong> de la rencontre<br \/>\ndans le Daily Mail a mis<br \/>\nle feu aux poudres. Selon un proche, cette r\u00e9union devait \u00eatre<br \/>\n\u00ab\u00a0un premier pas vers la r\u00e9conciliation\u00a0\u00bb entre Harry et<br \/>\nCharles. Mais d\u2019apr\u00e8s The<br \/>\nTelegraph, ces \u00e9changes auraient, au contraire, accentu\u00e9 les<br \/>\ntensions. Le couple, <strong>furieux que des d\u00e9tails aient \u00e9t\u00e9<br \/>\ndivulgu\u00e9s<\/strong>, nie cat\u00e9goriquement \u00eatre \u00e0 l\u2019origine de cette<br \/>\n<strong>atteinte \u00e0 leur vie priv\u00e9e<\/strong>. Buckingham Palace, de<br \/>\nson c\u00f4t\u00e9, s\u2019est abstenu de tout commentaire.<\/p>\n","protected":false},"excerpt":{"rendered":"Depuis la publication des r\u00e9v\u00e9lations troublantes de Harry dans sa biographie Le suppl\u00e9ant, les \u00e9changes entre le prince&hellip;\n","protected":false},"author":2,"featured_media":277583,"comment_status":"","ping_status":"","sticky":false,"template":"","format":"standard","meta":{"footnotes":""},"categories":[1588],"tags":[11,548,1777,674,908,12,267,473,1853,1851,1850,1852],"class_list":{"0":"post-277582","1":"post","2":"type-post","3":"status-publish","4":"format-standard","5":"has-post-thumbnail","7":"category-royaume-uni","8":"tag-actualites","9":"tag-article-simple","10":"tag-eu","11":"tag-europe","12":"tag-meghan-markle","13":"tag-news","14":"tag-prince-harry","15":"tag-royaume-uni","16":"tag-royaume-uni-de-grande-bretagne-et-dirlande-du-nord","17":"tag-uk","18":"tag-united-kingdom","19":"tag-united-kingdom-of-great-britain-and-northern-ireland"},"share_on_mastodon":{"url":"https:\/\/pubeurope.com\/@fr\/114925775358331883","error":""},"_links":{"self":[{"href":"https:\/\/www.europesays.com\/fr\/wp-json\/wp\/v2\/posts\/277582","targetHints":{"allow":["GET"]}}],"collection":[{"href":"https:\/\/www.europesays.com\/fr\/wp-json\/wp\/v2\/posts"}],"about":[{"href":"https:\/\/www.europesays.com\/fr\/wp-json\/wp\/v2\/types\/post"}],"author":[{"embeddable":true,"href":"https:\/\/www.europesays.com\/fr\/wp-json\/wp\/v2\/users\/2"}],"replies":[{"embeddable":true,"href":"https:\/\/www.europesays.com\/fr\/wp-json\/wp\/v2\/comments?post=277582"}],"version-history":[{"count":0,"href":"https:\/\/www.europesays.com\/fr\/wp-json\/wp\/v2\/posts\/277582\/revisions"}],"wp:featuredmedia":[{"embeddable":true,"href":"https:\/\/www.europesays.com\/fr\/wp-json\/wp\/v2\/media\/277583"}],"wp:attachment":[{"href":"https:\/\/www.europesays.com\/fr\/wp-json\/wp\/v2\/media?parent=277582"}],"wp:term":[{"taxonomy":"category","embeddable":true,"href":"https:\/\/www.europesays.com\/fr\/wp-json\/wp\/v2\/categories?post=277582"},{"taxonomy":"post_tag","embeddable":true,"href":"https:\/\/www.europesays.com\/fr\/wp-json\/wp\/v2\/tags?post=277582"}],"curies":[{"name":"wp","href":"https:\/\/api.w.org\/{rel}","templated":true}]}}