{"id":277592,"date":"2025-07-27T14:59:11","date_gmt":"2025-07-27T14:59:11","guid":{"rendered":"https:\/\/www.europesays.com\/fr\/277592\/"},"modified":"2025-07-27T14:59:11","modified_gmt":"2025-07-27T14:59:11","slug":"un-feu-de-caniers-se-declare-a-chateauneuf-les-martigues-7500-m2-parcourus-et-95-pompiers-mobilises","status":"publish","type":"post","link":"https:\/\/www.europesays.com\/fr\/277592\/","title":{"rendered":"Un feu de caniers se d\u00e9clare \u00e0 Ch\u00e2teauneuf-les-Martigues, 7500 m2 parcourus et 95 pompiers mobilis\u00e9s"},"content":{"rendered":"<p><a href=\"https:\/\/www.laprovence.com\/article\/region\/7875184034568214\/incendie-en-cours-dans-lenceinte-de-lusine-darcelormittal-a-fos-sur-mer-1km-parcouru-et-60-pompiers-mobilises\" target=\"_blank\" rel=\"nofollow noopener\">Un incendie<\/a> s&rsquo;est d\u00e9clar\u00e9 ce dimanche apr\u00e8s-midi sur la route de Farren \u00e0 Ch\u00e2teauneuf-les-Martigues. L&rsquo;alerte a \u00e9t\u00e9 donn\u00e9e \u00e0 15h13, d\u00e9clenchant une intervention massive des secours.<\/p>\n<p>\u00c0 16h45, le feu avait parcouru environ 1 hectare de v\u00e9g\u00e9tation, sans faire de bless\u00e9s ni menacer d&rsquo;habitations, selon les premi\u00e8res informations communiqu\u00e9es par les Pompiers 13.<\/p>\n<p>Sur place, 95 sapeurs-pompiers sont mobilis\u00e9s pour contenir les flammes, appuy\u00e9s par deux h\u00e9licopt\u00e8res bombardiers d&rsquo;eau (HBE). L&rsquo;intervention est toujours en cours en cette fin d&rsquo;apr\u00e8s-midi.<\/p>\n<p>Les autorit\u00e9s appellent les riverains \u00e0 \u00e9viter le secteur pour faciliter l&rsquo;acc\u00e8s des secours et maintenir la s\u00e9curit\u00e9 aux abords de la zone.<\/p>\n","protected":false},"excerpt":{"rendered":"Un incendie s&rsquo;est d\u00e9clar\u00e9 ce dimanche apr\u00e8s-midi sur la route de Farren \u00e0 Ch\u00e2teauneuf-les-Martigues. L&rsquo;alerte a \u00e9t\u00e9 donn\u00e9e&hellip;\n","protected":false},"author":2,"featured_media":277593,"comment_status":"","ping_status":"","sticky":false,"template":"","format":"standard","meta":{"footnotes":""},"categories":[2],"tags":[17,11,41685,41686,8293,1312,1011,27,41687,12,41688,1311,16,25],"class_list":{"0":"post-277592","1":"post","2":"type-post","3":"status-publish","4":"format-standard","5":"has-post-thumbnail","7":"category-actualites","8":"tag-17","9":"tag-actualites","10":"tag-caniers","11":"tag-chateauneuf-les-martigues","12":"tag-declare","13":"tag-feu","14":"tag-fr","15":"tag-france","16":"tag-hectare","17":"tag-news","18":"tag-parcouru","19":"tag-pompiers","20":"tag-region","21":"tag-republique-francaise"},"share_on_mastodon":{"url":"https:\/\/pubeurope.com\/@fr\/114925795084732182","error":""},"_links":{"self":[{"href":"https:\/\/www.europesays.com\/fr\/wp-json\/wp\/v2\/posts\/277592","targetHints":{"allow":["GET"]}}],"collection":[{"href":"https:\/\/www.europesays.com\/fr\/wp-json\/wp\/v2\/posts"}],"about":[{"href":"https:\/\/www.europesays.com\/fr\/wp-json\/wp\/v2\/types\/post"}],"author":[{"embeddable":true,"href":"https:\/\/www.europesays.com\/fr\/wp-json\/wp\/v2\/users\/2"}],"replies":[{"embeddable":true,"href":"https:\/\/www.europesays.com\/fr\/wp-json\/wp\/v2\/comments?post=277592"}],"version-history":[{"count":0,"href":"https:\/\/www.europesays.com\/fr\/wp-json\/wp\/v2\/posts\/277592\/revisions"}],"wp:featuredmedia":[{"embeddable":true,"href":"https:\/\/www.europesays.com\/fr\/wp-json\/wp\/v2\/media\/277593"}],"wp:attachment":[{"href":"https:\/\/www.europesays.com\/fr\/wp-json\/wp\/v2\/media?parent=277592"}],"wp:term":[{"taxonomy":"category","embeddable":true,"href":"https:\/\/www.europesays.com\/fr\/wp-json\/wp\/v2\/categories?post=277592"},{"taxonomy":"post_tag","embeddable":true,"href":"https:\/\/www.europesays.com\/fr\/wp-json\/wp\/v2\/tags?post=277592"}],"curies":[{"name":"wp","href":"https:\/\/api.w.org\/{rel}","templated":true}]}}