{"id":277596,"date":"2025-07-27T15:01:28","date_gmt":"2025-07-27T15:01:28","guid":{"rendered":"https:\/\/www.europesays.com\/fr\/277596\/"},"modified":"2025-07-27T15:01:28","modified_gmt":"2025-07-27T15:01:28","slug":"victor-dubuisson-arrache-la-biarritz-cup-en-play-off","status":"publish","type":"post","link":"https:\/\/www.europesays.com\/fr\/277596\/","title":{"rendered":"Victor Dubuisson arrache la Biarritz Cup en play-off\u00a0!"},"content":{"rendered":"<p>\t\t\t\t\t\t<img width=\"770\" height=\"556\" src=\"https:\/\/www.europesays.com\/fr\/wp-content\/uploads\/2025\/07\/dubuisson-alps-tour-770x556.jpeg\" class=\"img-responsive wp-post-image\" alt=\"\" decoding=\"async\" fetchpriority=\"high\"  \/>\t\t\t\t\t<\/p>\n<p>\t\t\t\t\t\t Partager cet article <\/p>\n<p class=\"screen-reader-text juiz_sps_maybe_hidden_text\">Partager la publication \u00ab\u00a0Victor Dubuisson arrache la Biarritz Cup en play-off\u00a0!\u00a0\u00bb<\/p>\n<p><strong>Victor Dubuisson s\u2019est impos\u00e9 au bout du suspense \u00e0 la Biarritz Cup by C&amp;S Partners apr\u00e8s deux trous de play-off face \u00e0 Jorge Maicas. Il avait \u00e9gal\u00e9 la marque de l\u2019Espagnole de -19 gr\u00e2ce \u00e0 un birdie au 18.<\/strong><\/p>\n<p>\t\t\t\t\t<a id=\"180479\" href=\"https:\/\/www.swing.fr\/voyage\/35-14eme-edition-des-doubles-gosset-by-beachcomber\" target=\"_blank\" rel=\"sponsorised nofollow noopener\"><img decoding=\"async\" src=\"data:image\/svg+xml,%3Csvg%20xmlns=\" http:=\"\" class=\"img-responsive\" alt=\"\" data-lazy-src=\"https:\/\/www.europesays.com\/fr\/wp-content\/uploads\/2025\/07\/beachcomber-e01-doubles-gosset-26-1170x275-1.jpg\"\/><\/a><\/p>\n<p>Il \u00e9tait venu en ami, il est reparti en seigneur. <strong>Victor Dubuisson<\/strong>, pr\u00e8s de deux ans apr\u00e8s son dernier tournoi professionnel, a remport\u00e9 au terme d\u2019une belle bataille la <strong>Biarritz Cup by C&amp;S Partners<\/strong>, sanctionn\u00e9e par l\u2019<strong>Alps Tour<\/strong>.<\/p>\n<p>Parti avec quatre coups de retard sur le leader \u00e0 l\u2019aube du dernier tour, le Cannois a mis huit trous et quatre birdies pour combler son retard. Il a poursuivi sa marche en avant avec des birdies aux 11, 12, 15 et 16, contre un bogey au 13. Mais celui qui vit \u00e0 Tenerife avait besoin d\u2019un dernier birdie au 18 pour \u00e9galer le -19 de <strong>Jorge Maicas<\/strong>. Chose que le vainqueur de la <strong>Ryder Cup 2014<\/strong> a r\u00e9ussie gr\u00e2ce \u00e0 un magnifique putt de huit m\u00e8tres.<\/p>\n<p>L\u2019Espagnol avait mis le feu au parcours plus t\u00f4t dans la journ\u00e9e gr\u00e2ce \u00e0 neuf birdies en 15 trous. Il a m\u00eame eu trois fois l\u2019occasion, sur les trois derniers trous, de passer sous la barre des 60, sans r\u00e9ussite. Pour la petite histoire, le golfeur de Saragosse avait d\u00e9j\u00e0 jou\u00e9 59 (-10) lors de cette m\u00eame comp\u00e9tition en 2017.<\/p>\n<p>C\u2019est au deuxi\u00e8me trou de play-off que <strong>Victor Dubuisson<\/strong> a fait la diff\u00e9rence. \u00c0 60 m\u00e8tres du green, le golfeur de 35 ans a d\u00e9pos\u00e9 sa balle \u00e0 quelques centim\u00e8tres du trou gr\u00e2ce \u00e0 un coup de wedge dont lui seul a le secret, ne laissant aucune chance \u00e0 son adversaire direct. Comme il l\u2019avait annonc\u00e9, celui qui avait atteint la 15\u1d49 place mondiale a laiss\u00e9 ses gains, qui ont \u00e9t\u00e9 redistribu\u00e9s aux joueurs suivants au classement.<\/p>\n<p>\u00ab Je suis tr\u00e8s content et tr\u00e8s heureux pour G\u00e9rald Bouhourd qui m\u2019a invit\u00e9 \u00e0 jouer le tournoi, a expliqu\u00e9 le Cannois. On s\u2019est rencontr\u00e9 lors d\u2019un de mes stages et on a cr\u00e9\u00e9 une grande amiti\u00e9. J\u2019aime beaucoup comment il aide les jeunes pros et les amateurs (il a cr\u00e9\u00e9 la C&amp;S Golf Team). Voil\u00e0 je gagne le tournoi, je pense que l\u2019on ne pouvait pas r\u00eaver mieux pour G\u00e9rald. \u00bb<\/p>\n<p>\t\t\t\t\t<a id=\"179385\" href=\"https:\/\/tickets.europeantour.com\/eut\/#\/c6906933-bb43-434b-a22d-0ae172a572d4\/shop\/custom-pack?fac=EUT&amp;locale=fr&amp;skin=pgaetodf&amp;utm_campaign=ODF&amp;utm_content=Ticketing&amp;utm_medium=Web&amp;utm_source=Partner&amp;utm_term=PavonGolfPlanete\" target=\"_blank\" rel=\"sponsorised nofollow noopener\"><img decoding=\"async\" src=\"data:image\/svg+xml,%3Csvg%20xmlns=\" http:=\"\" class=\"img-responsive\" alt=\"\" data-lazy-src=\"https:\/\/www.europesays.com\/fr\/wp-content\/uploads\/2025\/07\/opendefrance-e03-plateau-1407-1170x275-1.jpg\"\/><\/a><br \/>\nNouvelle belle performance de Quentin Debove<\/p>\n<p lang=\"fr-FR\">Leader apr\u00e8s 36 trous, <strong>Ronan Mullarney<\/strong> a finalement \u00e9chou\u00e9 \u00e0 un coup. Son bogey au 17 lui a co\u00fbt\u00e9 cher en fin de partie. <strong>Quentin Debove<\/strong>, partenaire de jeu de <strong>Victor Dubuisson<\/strong> et <strong>Augustin Hol\u00e9<\/strong> ce dimanche, a pris la quatri\u00e8me place. Il confirme sa place dans le top 5 du g\u00e9n\u00e9ral gr\u00e2ce \u00e0 ce cinqui\u00e8me top 5 de la saison.<\/p>\n<p lang=\"fr-FR\">Partageant durant les trois tours la partie de <strong>Victor Dubuisson<\/strong>, <strong>Augustin Hol\u00e9<\/strong> a tr\u00e8s bien g\u00e9r\u00e9 la pression \u00e0 domicile. Il a pris la cinqui\u00e8me place, en compagnie du Basque <strong>Asier Aguirre<\/strong>, \u00e0 quatre unit\u00e9s du play-off.<\/p>\n<p>\t\t\t\t\t<a id=\"180488\" href=\"https:\/\/golfplus.fr\/\" target=\"_blank\" rel=\"sponsorised nofollow noopener\"><img decoding=\"async\" src=\"data:image\/svg+xml,%3Csvg%20xmlns=\" http:=\"\" class=\"img-responsive\" alt=\"\" data-lazy-src=\"https:\/\/www.europesays.com\/fr\/wp-content\/uploads\/2025\/07\/golfplus-e19-livraison-lieu-vacances-1170x275-1.jpg\"\/><\/a><br \/>\nLe leaderboard<\/p>\n<p><img loading=\"lazy\" decoding=\"async\" class=\"alignnone wp-image-180985 size-image-largeur-770\" src=\"data:image\/svg+xml,%3Csvg%20xmlns=\" http:=\"\" alt=\"\" width=\"770\" height=\"374\" data-lazy- data-lazy- data-lazy-src=\"https:\/\/www.europesays.com\/fr\/wp-content\/uploads\/2025\/07\/capture-decran-2025-07-27-a-15.23.40-770x374.png\"\/><\/p>\n<p>\t\t\t\t\t<a id=\"178032\" href=\"https:\/\/www.golfy.fr\/landing\/golf-planete-decouvrez-les-golfs-collections-du-reseau-golfy?utm_source=golf_planete&amp;utm_medium=display&amp;utm_campaign=golfs_collection_2025\" target=\"_blank\" rel=\"sponsorised nofollow noopener\"><img fetchpriority=\"high\" decoding=\"async\" src=\"https:\/\/www.europesays.com\/fr\/wp-content\/uploads\/2025\/06\/golfy-e06-golfs-collection-france-ete-1170x275-1.jpg\" class=\"img-responsive\" alt=\"\"\/><\/a><\/p>\n<p>\u00a9Alps Tour\u00a0<\/p>\n","protected":false},"excerpt":{"rendered":"Partager cet article Partager la publication \u00ab\u00a0Victor Dubuisson arrache la Biarritz Cup en play-off\u00a0!\u00a0\u00bb Victor Dubuisson s\u2019est impos\u00e9&hellip;\n","protected":false},"author":2,"featured_media":277597,"comment_status":"","ping_status":"","sticky":false,"template":"","format":"standard","meta":{"footnotes":""},"categories":[1418],"tags":[1011,27,1472,60],"class_list":{"0":"post-277596","1":"post","2":"type-post","3":"status-publish","4":"format-standard","5":"has-post-thumbnail","7":"category-golf","8":"tag-fr","9":"tag-france","10":"tag-golf","11":"tag-sports"},"share_on_mastodon":{"url":"https:\/\/pubeurope.com\/@fr\/114925803076319408","error":""},"_links":{"self":[{"href":"https:\/\/www.europesays.com\/fr\/wp-json\/wp\/v2\/posts\/277596","targetHints":{"allow":["GET"]}}],"collection":[{"href":"https:\/\/www.europesays.com\/fr\/wp-json\/wp\/v2\/posts"}],"about":[{"href":"https:\/\/www.europesays.com\/fr\/wp-json\/wp\/v2\/types\/post"}],"author":[{"embeddable":true,"href":"https:\/\/www.europesays.com\/fr\/wp-json\/wp\/v2\/users\/2"}],"replies":[{"embeddable":true,"href":"https:\/\/www.europesays.com\/fr\/wp-json\/wp\/v2\/comments?post=277596"}],"version-history":[{"count":0,"href":"https:\/\/www.europesays.com\/fr\/wp-json\/wp\/v2\/posts\/277596\/revisions"}],"wp:featuredmedia":[{"embeddable":true,"href":"https:\/\/www.europesays.com\/fr\/wp-json\/wp\/v2\/media\/277597"}],"wp:attachment":[{"href":"https:\/\/www.europesays.com\/fr\/wp-json\/wp\/v2\/media?parent=277596"}],"wp:term":[{"taxonomy":"category","embeddable":true,"href":"https:\/\/www.europesays.com\/fr\/wp-json\/wp\/v2\/categories?post=277596"},{"taxonomy":"post_tag","embeddable":true,"href":"https:\/\/www.europesays.com\/fr\/wp-json\/wp\/v2\/tags?post=277596"}],"curies":[{"name":"wp","href":"https:\/\/api.w.org\/{rel}","templated":true}]}}