{"id":277600,"date":"2025-07-27T15:04:11","date_gmt":"2025-07-27T15:04:11","guid":{"rendered":"https:\/\/www.europesays.com\/fr\/277600\/"},"modified":"2025-07-27T15:04:11","modified_gmt":"2025-07-27T15:04:11","slug":"atp-toronto-arthur-fils-de-retour-de-blessure-ma-premiere-sensation-cetait-que-jetais-tres-excite-et-puis-au-bout-de-seulement-cinq-minutes-jetais-deja-enerve","status":"publish","type":"post","link":"https:\/\/www.europesays.com\/fr\/277600\/","title":{"rendered":"ATP &#8211; Toronto > Arthur Fils, de retour de blessure : \u00ab\u00a0Ma premi\u00e8re sensation, c&rsquo;\u00e9tait que j&rsquo;\u00e9tais tr\u00e8s excit\u00e9. Et puis au bout de seulement cinq minutes, j&rsquo;\u00e9tais d\u00e9j\u00e0 \u00e9nerv\u00e9\u00a0\u00bb"},"content":{"rendered":"<p>Alors qu\u2019il n\u2019a plus jou\u00e9 en comp\u00e9\u00adti\u00adtion offi\u00adcielle depuis le 2e tour de Roland\u2010Garros, Arthur Fils s\u2019ap\u00adpr\u00eate \u00e0 faire son retour \u00e0 l\u2019oc\u00adca\u00adsion du Masters 1000 de Toronto o\u00f9 il est t\u00eate de s\u00e9rie num\u00e9ro 15.\u00a0<\/p>\n<p>Lors de son passage en conf\u00e9\u00adrence de presse d\u2019avant tournoi, le joueur fran\u00ad\u00e7ais a reconnu qu\u2019il avait vite retrouv\u00e9 ses rep\u00e8res.\u00a0<\/p>\n<p><strong>\u00ab\u202fMa premi\u00e8re sensa\u00adtion, c\u2019\u00e9tait que j\u2019\u00e9tais tr\u00e8s excit\u00e9. Et puis au bout de seule\u00adment cinq minutes, j\u2019\u00e9tais d\u00e9j\u00e0 \u00e9nerv\u00e9\u00a0(rires). Plus s\u00e9rieu\u00adse\u00adment, je suis vrai\u00adment heureux de rejouer, je me sens de mieux en mieux chaque jour. J\u2019ai h\u00e2te d\u2019\u00eatre de retour sur un court, de faire de mon mieux et d\u2019en\u00adtendre les gens crier mon\u00a0nom.\u202f\u00bb<\/strong><\/p>\n<p class=\"post-published-date\" style=\"color: silver; font-size: 75%; text-align: left;\">Publi\u00e9 le dimanche 27 juillet 2025 \u00e0 15:45<\/p>\n","protected":false},"excerpt":{"rendered":"Alors qu\u2019il n\u2019a plus jou\u00e9 en comp\u00e9\u00adti\u00adtion offi\u00adcielle depuis le 2e tour de Roland\u2010Garros, Arthur Fils s\u2019ap\u00adpr\u00eate \u00e0&hellip;\n","protected":false},"author":2,"featured_media":277601,"comment_status":"","ping_status":"","sticky":false,"template":"","format":"standard","meta":{"footnotes":""},"categories":[1415],"tags":[3768,1011,27,60,1467],"class_list":{"0":"post-277600","1":"post","2":"type-post","3":"status-publish","4":"format-standard","5":"has-post-thumbnail","7":"category-tennis","8":"tag-arthur-fils","9":"tag-fr","10":"tag-france","11":"tag-sports","12":"tag-tennis"},"share_on_mastodon":{"url":"https:\/\/pubeurope.com\/@fr\/114925814659637701","error":""},"_links":{"self":[{"href":"https:\/\/www.europesays.com\/fr\/wp-json\/wp\/v2\/posts\/277600","targetHints":{"allow":["GET"]}}],"collection":[{"href":"https:\/\/www.europesays.com\/fr\/wp-json\/wp\/v2\/posts"}],"about":[{"href":"https:\/\/www.europesays.com\/fr\/wp-json\/wp\/v2\/types\/post"}],"author":[{"embeddable":true,"href":"https:\/\/www.europesays.com\/fr\/wp-json\/wp\/v2\/users\/2"}],"replies":[{"embeddable":true,"href":"https:\/\/www.europesays.com\/fr\/wp-json\/wp\/v2\/comments?post=277600"}],"version-history":[{"count":0,"href":"https:\/\/www.europesays.com\/fr\/wp-json\/wp\/v2\/posts\/277600\/revisions"}],"wp:featuredmedia":[{"embeddable":true,"href":"https:\/\/www.europesays.com\/fr\/wp-json\/wp\/v2\/media\/277601"}],"wp:attachment":[{"href":"https:\/\/www.europesays.com\/fr\/wp-json\/wp\/v2\/media?parent=277600"}],"wp:term":[{"taxonomy":"category","embeddable":true,"href":"https:\/\/www.europesays.com\/fr\/wp-json\/wp\/v2\/categories?post=277600"},{"taxonomy":"post_tag","embeddable":true,"href":"https:\/\/www.europesays.com\/fr\/wp-json\/wp\/v2\/tags?post=277600"}],"curies":[{"name":"wp","href":"https:\/\/api.w.org\/{rel}","templated":true}]}}