{"id":277602,"date":"2025-07-27T15:05:09","date_gmt":"2025-07-27T15:05:09","guid":{"rendered":"https:\/\/www.europesays.com\/fr\/277602\/"},"modified":"2025-07-27T15:05:09","modified_gmt":"2025-07-27T15:05:09","slug":"entretien-tgb-peut-etre-qua-la-federation-certains-en-ont-marre-du-tgb-laurent-cochain-president-delegue-se-livre-sur-la-situation-du-club","status":"publish","type":"post","link":"https:\/\/www.europesays.com\/fr\/277602\/","title":{"rendered":"ENTRETIEN. TGB\u00a0: \u00a0\u00bb Peut-\u00eatre qu\u2019\u00e0 la F\u00e9d\u00e9ration certains en ont marre du TGB \u00ab\u00a0, Laurent Cochain, pr\u00e9sident d\u00e9l\u00e9gu\u00e9, se livre sur la situation du club"},"content":{"rendered":"<p>\n                                                                Suite au communiqu\u00e9 de la FFBB sur la composition de la poule de la prochaine saison de Boulang\u00e8re Wonderligue et \u00e0 l\u2019interview de la pr\u00e9sidente du championnat chez nos confr\u00e8res de L\u2019\u00c9quipe, le TGB a chang\u00e9 de posture. Il est d\u00e9sormais pr\u00eat \u00e0 prendre la parole. Laurent Cochain, pr\u00e9sident d\u00e9l\u00e9gu\u00e9 du club, revient sur l\u2019\u00e9t\u00e9 mouvement\u00e9 du club, livre les zones d\u2019ombre du traitement du dossier du club bigourdan et se penche sur l\u2019avenir.\n                            <\/p>\n<p class=\"txt-question\" data-end=\"156\" data-start=\"23\">Apr\u00e8s avoir pass\u00e9 des semaines sans r\u00e9pondre aux sollicitations m\u00e9diatiques, vous \u00eates aujourd\u2019hui ouvert \u00e0 vous exprimer, pourquoi\u00a0?<\/p>\n<p data-end=\"653\" data-start=\"158\">Depuis le d\u00e9but de cette affaire, nous avons fait le choix de ne pas prendre la parole pour ne pas polluer les choix de la Commission de Contr\u00f4le de Gestion, de la Chambre d\u2019appel ou m\u00eame de la conciliation au CNOSF avec des communications qui auraient pu \u00eatre mal per\u00e7ues ou mal ma\u00eetris\u00e9es. Mais quand on a vu que la F\u00e9d\u00e9ration avait communiqu\u00e9 hier sur la composition de la poule sans nous avertir pr\u00e9alablement, on a fait le choix de changer notre fusil d\u2019\u00e9paule et de r\u00e9pondre aux questions.<\/p>\n<p class=\"std-elt__inline\">\n        <strong>\u00c0 lire aussi :<\/strong><br \/>\n        <a href=\"https:\/\/www.nrpyrenees.fr\/2025\/07\/25\/basket-ball-boulangere-wonderligue-cest-officiel-le-tgb-ne-jouera-pas-en-premiere-division-la-saison-prochaine-12845135.php\" rel=\"nofollow noopener\" target=\"_blank\">Basket-ball (Boulang\u00e8re Wonderligue)\u00a0: c\u2019est officiel, le TGB ne jouera pas en premi\u00e8re division la saison prochaine<\/a>\n    <\/p>\n<p class=\"txt-question\" data-end=\"780\" data-start=\"655\">N\u2019est-ce pas justement cette politique de l\u2019autruche et votre manque de transparence qui vous ont conduit \u00e0 cette situation\u00a0?<\/p>\n<p data-end=\"1242\" data-start=\"782\">Je ne sais pas ce qui vous am\u00e8ne \u00e0 porter ce jugement, chacun \u00e0 son avis sur la question. Nous, au club, on a suivi le calendrier de la CCG et de la Chambre d\u2019appel sans interf\u00e9rer dans les d\u00e9cisions. L\u2019absence de communication est anxiog\u00e8ne, je le reconnais, mais on ne voulait pas g\u00eaner les proc\u00e9dures en cours. La F\u00e9d\u00e9ration a pris la d\u00e9cision de communiquer, donc il fallait qu\u2019on r\u00e9agisse. Quand l\u2019absence de communication est unilat\u00e9rale, c\u2019est emb\u00eatant.<\/p>\n<p class=\"txt-question\" data-end=\"1293\" data-start=\"1244\">O\u00f9 en est le TGB aujourd\u2019hui dans ses d\u00e9marches\u00a0?<\/p>\n<p data-end=\"1796\" data-start=\"1295\">Comme vous le savez, nous avons pass\u00e9 la CCG et la Chambre d\u2019appel qui ont toutes les deux notifi\u00e9 notre rel\u00e9gation au niveau r\u00e9gional. Aujourd\u2019hui, nous avons re\u00e7u le rapport du conciliateur de la FFBB qui stipule qu\u2019il n\u2019y a pas eu de conciliation possible et qu\u2019il se tourne donc vers l\u2019avis de la CCG et de la Chambre d\u2019appel. Mais la fin de l\u2019histoire des proc\u00e9dures, elle n\u2019est pas termin\u00e9e. Apr\u00e8s la Chambre d\u2019appel, c\u2019est le Tribunal administratif, avec en point interm\u00e9diaire la conciliation.<\/p>\n<p class=\"std-elt__inline\">\n        <strong>\u00c0 lire aussi :<\/strong><br \/>\n        <a href=\"https:\/\/www.nrpyrenees.fr\/2025\/07\/23\/entretien-pour-le-moment-cest-le-vide-on-ne-sait-pas-du-tout-linquietude-regne-dans-les-rangs-des-joueuses-alors-que-le-tgb-est-toujours-dans-le-flou-12840556.php\" rel=\"nofollow noopener\" target=\"_blank\">ENTRETIEN. TGB\u00a0: \u00ab\u00a0Pour le moment, c\u2019est le vide, on ne sait pas du tout\u00a0\u00bb, \u00ab\u00a0silence radio\u00a0\u00bb\u2026 L\u2019inqui\u00e9tude r\u00e8gne dans les rangs des joueuses<\/a>\n    <\/p>\n<p class=\"txt-question\" data-end=\"1834\" data-start=\"1798\">O\u00f9 est donc le probl\u00e8me selon vous\u00a0?<\/p>\n<p data-end=\"2198\" data-start=\"1836\">Le probl\u00e8me, c\u2019est qu\u2019il est marqu\u00e9 noir sur blanc sur le rapport du conciliateur que les derniers \u00e9l\u00e9ments apport\u00e9s par le club n\u2019ont pas \u00e9t\u00e9 pris en compte parce que la F\u00e9d\u00e9ration n\u2019a pas souhait\u00e9 les prendre en compte. C\u2019est factuel, donc l\u00e9gitimement il y a un probl\u00e8me, d\u2019autant plus que ce n\u2019est pas le conciliateur qui d\u00e9cide, mais bien le bureau f\u00e9d\u00e9ral.<\/p>\n<p class=\"txt-question\" data-end=\"2368\" data-start=\"2200\">Mais \u00e9tant donn\u00e9 que le bureau f\u00e9d\u00e9ral est un organe de fonctionnement de la F\u00e9d\u00e9ration, le communiqu\u00e9 d\u2019hier soir prouve bien que le bureau f\u00e9d\u00e9ral a pris la d\u00e9cision.<\/p>\n<p data-end=\"2661\" data-start=\"2370\">On est d\u2019accord l\u00e0-dessus. Il n\u2019y a pas de contestation possible l\u00e0-dessus. Moi, la seule chose que je dis, c\u2019est que le bureau f\u00e9d\u00e9ral n\u2019a rien notifi\u00e9 directement au TGB et qu\u2019aujourd\u2019hui l\u2019avis du conciliateur peut \u00eatre contest\u00e9 par chacune des deux parties dans un d\u00e9lai de quinze jours.<\/p>\n<p class=\"txt-question\" data-end=\"2713\" data-start=\"2663\">\u00c7a veut dire que vous allez contester ce rapport\u00a0?<\/p>\n<p data-end=\"3155\" data-start=\"2715\">On peut le faire si on part du principe que tous les \u00e9l\u00e9ments qui ont particip\u00e9 \u00e0 son analyse n\u2019ont pas tous \u00e9t\u00e9 pris en compte. Quand on a pris en compte, vendredi, le rapport du conciliateur dit que le club a port\u00e9 des \u00e9l\u00e9ments compl\u00e9mentaires que la F\u00e9d\u00e9ration n\u2019a pas souhait\u00e9 prendre en compte. Avant de faire une contestation formalis\u00e9e, on a \u00e9crit \u00e0 la F\u00e9d\u00e9ration pour leur dire qu\u2019ils n\u2019ont pas pris les nouveaux \u00e9l\u00e9ments en compte.<\/p>\n<p class=\"txt-question\" data-end=\"3208\" data-start=\"3157\">Quels sont les nouveaux \u00e9l\u00e9ments dont vous parlez\u00a0?<\/p>\n<p data-end=\"3905\" data-start=\"3210\">Ce sont des \u00e9l\u00e9ments compl\u00e9mentaires. Notamment des engagements de partenaires. On a demand\u00e9 \u00e0 des partenaires, des anciens et des nouveaux, de formaliser des engagements, \u00e0 une \u00e9tape plus tardive que d\u2019habitude certes. Mais ce sont ces \u00e9l\u00e9ments-l\u00e0 qu\u2019on a apport\u00e9s apr\u00e8s la Chambre d\u2019appel, au moment du CNOSF. Ce que je vois, c\u2019est que nous, on a fait un budget comme tous les ans, on a apport\u00e9 une estimation de notre atterrissage financier \u00e0 la fin de la saison et la CCG a consid\u00e9r\u00e9 que les \u00e9l\u00e9ments apport\u00e9s n\u2019\u00e9taient pas fiables, que le club n\u2019apportait pas les garanties solides pour qu\u2019ils les prennent en compte et que la F\u00e9d\u00e9ration n\u2019a pas voulu tenir compte de ces nouveaux \u00e9l\u00e9ments.<\/p>\n<p class=\"txt-question\" data-end=\"4150\" data-start=\"3907\">Vous payez sans doute votre situation qui tra\u00eene depuis plusieurs saisons maintenant, d\u2019autant plus que votre pr\u00e9sidente Jeannie Cointre avait annonc\u00e9 lors de la derni\u00e8re assembl\u00e9e g\u00e9n\u00e9rale que les probl\u00e8mes financiers au TGB \u00e9taient termin\u00e9s.<\/p>\n<p data-end=\"4589\" data-start=\"4152\">Je n\u2019\u00e9tais pas \u00e0 cette assembl\u00e9e g\u00e9n\u00e9rale, mais de m\u00e9moire, en d\u00e9cembre\u00a02024, l\u2019assembl\u00e9e a constat\u00e9 un exc\u00e9dent financier de +\u00a067\u00a0000\u00a0euros. Cette ann\u00e9e, ce qu\u2019on est en train de dire, c\u2019est qu\u2019\u00e0 date de l\u2019arr\u00eat des comptes, on est de l\u2019ordre d\u2019une perte d\u2019environ 200\u00a0000\u00a0euros. Et si vous prenez en compte l\u2019engagement de certains partenaires, si jamais on est maintenus en Ligue \u00c9lite, nous sommes en capacit\u00e9 de combler cette perte.<\/p>\n<p class=\"txt-question\" data-end=\"4808\" data-start=\"4591\">Vous avez parl\u00e9 de l\u2019arriv\u00e9e de nouveaux partenaires depuis trois \u00e9t\u00e9s maintenant, mais force est de constater que vous n\u2019arrivez pas \u00e0 combler cette perte de 200\u00a0000\u00a0euros qui reste, voire augmente au fil des ann\u00e9es.<\/p>\n<p data-end=\"5220\" data-start=\"4810\">On a toujours eu des probl\u00e8mes de bouclage. Malheureusement, si une fois qu\u2019on avait un partenaire, il restait \u00e0 vie, l\u00e0 je serais d\u2019accord. Mais le partenariat, c\u2019est comme \u00e7a, il y a des allers-retours. Il y a deux ans, je trouve Jeannie Cointre qui prend des engagements qui sauvent le club. La CCG prend en compte ses engagements qui sont formalis\u00e9s. Et la premi\u00e8re ann\u00e9e, on ne termine pas avec une perte.<\/p>\n<p class=\"txt-question\" data-end=\"5380\" data-start=\"5222\">Mais quand vous ramenez Leclerc cette ann\u00e9e, vous l\u2019avez pr\u00e9sent\u00e9 comme un partenaire qui allait vous faire changer de dimension, chose qui n\u2019est pas arriv\u00e9e.<\/p>\n<p data-end=\"6168\" data-start=\"5382\">Qu\u2019il y ait du retard dans le plan imagin\u00e9 et communiqu\u00e9 il y a deux ans, oui je suis d\u2019accord l\u00e0-dessus. Je suis d\u2019accord qu\u2019il y a du retard dans la mise en \u0153uvre, mais de l\u00e0 \u00e0 ce qu\u2019on dise que le TGB raconte des cracks et n\u2019est pas honn\u00eate, c\u2019est chaud. Quand on remet en cause les attestations de notre commissaire aux comptes, sinc\u00e8rement, c\u2019est chaud. Moi, ce que je constate, c\u2019est que, bien que nous ayons eu des probl\u00e8mes structurels avec des retards de paiement de joueuses et de loyer, le Contr\u00f4le de Gestion, son boulot, ce n\u2019est pas de consid\u00e9rer si on s\u2019est bien comport\u00e9 avec un salari\u00e9 ou un prestataire. Je ne suis pas en train de dire qu\u2019on n\u2019a rien \u00e0 se reprocher et qu\u2019on est propre partout, mais ce n\u2019est pas parce qu\u2019il y a eu des retards qu\u2019il faut tuer un club.<\/p>\n<p class=\"txt-question\" data-end=\"6410\" data-start=\"6170\">Certes, mais quand la commission vous laisse passer l\u2019ann\u00e9e derni\u00e8re et qu\u2019on voit les probl\u00e8mes financiers que vous avez eus en d\u00e9but de saison avec les retards de paiement de joueuses ou de prestataires, c\u2019\u00e9tait peut-\u00eatre l\u2019ann\u00e9e de trop\u2026<\/p>\n<p data-end=\"6890\" data-start=\"6412\">C\u2019est votre appr\u00e9ciation. Peut-\u00eatre qu\u2019ils se disent \u00e7a, mais quand on dit qu\u2019on va cl\u00f4turer \u00e0 moins 200\u00a0000\u00a0euros et qu\u2019on a la possibilit\u00e9 de combler \u00e7a avec de l\u2019effort financier des partenaires, c\u2019est quand m\u00eame regrettable. \u00c7a veut bien dire, en tout cas, qu\u2019il y a des irritants qui se sont accentu\u00e9s cette ann\u00e9e et qui font qu\u2019aujourd\u2019hui, peut-\u00eatre, \u00e0 la F\u00e9d\u00e9ration, certains en ont marre. C\u2019est en tout cas ce que certaines personnes m\u2019ont dit au sein de la F\u00e9d\u00e9ration.<\/p>\n<p class=\"txt-question\" data-end=\"6996\" data-start=\"6892\">Aujourd\u2019hui, est-ce que le club a toujours l\u2019espoir d\u2019\u00e9voluer en premi\u00e8re division la saison prochaine\u00a0?<\/p>\n<p data-end=\"7283\" data-start=\"6998\">\u00c9videmment, sinon on ne se battrait pas de la sorte. Je discutais aujourd\u2019hui avec Fran\u00e7ois Gomez, qui a plus d\u2019exp\u00e9rience que moi dans ces situations-l\u00e0, et que lorsqu\u2019il \u00e9tait \u00e0 Perpignan, ils avaient saisi le tribunal administratif et le club avait \u00e9t\u00e9 r\u00e9int\u00e9gr\u00e9 en cours de saison.<\/p>\n<p class=\"txt-question\" data-end=\"7361\" data-start=\"7285\">Mais il ne faut pas oublier que Perpignan avait coul\u00e9 \u00e0 la fin de la saison\u2026<\/p>\n<p data-end=\"7571\" data-start=\"7363\">Je ne connais pas cette histoire sur le bout des doigts. Moi, je sais juste que Perpignan avait \u00e9t\u00e9 r\u00e9int\u00e9gr\u00e9 en milieu de saison, mais \u00e7a pousse \u00e0 l\u2019optimisme quand on sait que c\u2019est arriv\u00e9 \u00e0 d\u2019autres clubs.<\/p>\n","protected":false},"excerpt":{"rendered":"Suite au communiqu\u00e9 de la FFBB sur la composition de la poule de la prochaine saison de Boulang\u00e8re&hellip;\n","protected":false},"author":2,"featured_media":277603,"comment_status":"","ping_status":"","sticky":false,"template":"","format":"standard","meta":{"footnotes":""},"categories":[1414],"tags":[1465,1464,1011,27,60],"class_list":{"0":"post-277602","1":"post","2":"type-post","3":"status-publish","4":"format-standard","5":"has-post-thumbnail","7":"category-basket","8":"tag-basket","9":"tag-basketball","10":"tag-fr","11":"tag-france","12":"tag-sports"},"share_on_mastodon":{"url":"https:\/\/pubeurope.com\/@fr\/114925818623166237","error":""},"_links":{"self":[{"href":"https:\/\/www.europesays.com\/fr\/wp-json\/wp\/v2\/posts\/277602","targetHints":{"allow":["GET"]}}],"collection":[{"href":"https:\/\/www.europesays.com\/fr\/wp-json\/wp\/v2\/posts"}],"about":[{"href":"https:\/\/www.europesays.com\/fr\/wp-json\/wp\/v2\/types\/post"}],"author":[{"embeddable":true,"href":"https:\/\/www.europesays.com\/fr\/wp-json\/wp\/v2\/users\/2"}],"replies":[{"embeddable":true,"href":"https:\/\/www.europesays.com\/fr\/wp-json\/wp\/v2\/comments?post=277602"}],"version-history":[{"count":0,"href":"https:\/\/www.europesays.com\/fr\/wp-json\/wp\/v2\/posts\/277602\/revisions"}],"wp:featuredmedia":[{"embeddable":true,"href":"https:\/\/www.europesays.com\/fr\/wp-json\/wp\/v2\/media\/277603"}],"wp:attachment":[{"href":"https:\/\/www.europesays.com\/fr\/wp-json\/wp\/v2\/media?parent=277602"}],"wp:term":[{"taxonomy":"category","embeddable":true,"href":"https:\/\/www.europesays.com\/fr\/wp-json\/wp\/v2\/categories?post=277602"},{"taxonomy":"post_tag","embeddable":true,"href":"https:\/\/www.europesays.com\/fr\/wp-json\/wp\/v2\/tags?post=277602"}],"curies":[{"name":"wp","href":"https:\/\/api.w.org\/{rel}","templated":true}]}}