{"id":277606,"date":"2025-07-27T15:07:15","date_gmt":"2025-07-27T15:07:15","guid":{"rendered":"https:\/\/www.europesays.com\/fr\/277606\/"},"modified":"2025-07-27T15:07:15","modified_gmt":"2025-07-27T15:07:15","slug":"carlos-sainz-critique-le-fonctionnement-de-williams-a-spa","status":"publish","type":"post","link":"https:\/\/www.europesays.com\/fr\/277606\/","title":{"rendered":"Carlos Sainz critique le fonctionnement de Williams \u00e0 Spa"},"content":{"rendered":"<p>Apr\u00e8s plusieurs week-ends compliqu\u00e9s, Carlos Sainz a de nouveau exprim\u00e9 son agacement \u00e0 Spa-Francorchamps. \u00c0 ses yeux, Williams ne r\u00e9pond plus aux exigences d\u2019une \u00e9curie de Formule 1 comp\u00e9titive.<\/p>\n<blockquote>\n<p>\u201cNous ne fonctionnons pas au niveau que nous devrions atteindre en Formule 1. Plus que de la fiabilit\u00e9, ce sont des petits probl\u00e8mes, des petites erreurs que nous commettons tous un peu entre nous. Une fois, c\u2019est l\u2019un de nous, une autre fois, c\u2019est l\u2019autre.\u201d Explique Sainz, source : <a href=\"http:\/\/nextgen-auto.com\" rel=\"nofollow noopener\" target=\"_blank\">nextgen-auto.com<\/a>\u00a0<\/p>\n<\/blockquote>\n<p>Ce ne sont pas toujours de grandes failles techniques qui posent probl\u00e8me, mais une accumulation de d\u00e9tails. Petits dysfonctionnements, erreurs strat\u00e9giques, lenteur dans les d\u00e9cisions : tout semble freiner les ambitions du pilote espagnol, pourtant arriv\u00e9 avec l\u2019espoir d\u2019un nouveau souffle chez Williams.<\/p>\n<p><b>Des signes d\u2019espoir mais encore trop faibles<\/b><\/p>\n<p>Sainz ne nie pas que la monoplace a du potentiel. Certains week-ends, comme \u00e0 Imola ou Miami, ont montr\u00e9 des signes encourageants. De nouvelles \u00e9volutions ont m\u00eame \u00e9t\u00e9 apport\u00e9es \u00e0 Spa, notamment sur les flancs et le fond plat. Mais le manque de constance reste criant.<\/p>\n<blockquote>\n<p>\u201cAlex et moi avons toujours eu un sentiment positif avec la voiture. Nous savons que le rythme est l\u00e0 et que, m\u00eame en cas de probl\u00e8me, nous sommes rapides. C\u2019est toujours important. \u00c9videmment, nous sommes motiv\u00e9s par les r\u00e9sultats, et seuls les r\u00e9sultats comptent. Mais s\u2019il y a une chose que j\u2019ai constat\u00e9e cette ann\u00e9e, c\u2019est que je ne manque pas de rythme, et j\u2019ai juste besoin que ces choses stupides cessent de nous arriver.\u201d D\u00e9clare le pilote Williams, source : <a href=\"http:\/\/nextgen-auto.com\" rel=\"nofollow noopener\" target=\"_blank\">nextgen-auto.com<\/a>\u00a0<\/p>\n<\/blockquote>\n<p>Conscient que le court terme s\u2019annonce difficile, Carlos Sainz mise d\u00e9sormais sur le projet \u00e0 long terme : le virage r\u00e9glementaire de 2026. Il esp\u00e8re que Williams saura utiliser cette fen\u00eatre pour se restructurer en profondeur et enfin redevenir une \u00e9quipe de pointe.<\/p>\n<p>    Partagez cette info avec vos amis et vos proches en cliquant ici  <\/p>\n<p> Podcasts \u00e0 la une MEN LIFE <\/p>\n<p>    GP de Belgique : Sainz perd patience chez Williams et r\u00e9clame des changements<\/p>\n<p>Carlos Sainz ne cache plus son exasp\u00e9ration. Apr\u00e8s un nouveau week-end frustrant \u00e0 Spa, l\u2019Espagnol fustige le fonctionnement interne de Williams et appelle \u00e0 une remise en question avant la nouvelle r\u00e8glementation de 2026.<\/p>\n<p>R\u00e9dacteur<\/p>\n<p><img decoding=\"async\" width=\"76\" height=\"76\" loading=\"lazy\" src=\"https:\/\/www.europesays.com\/fr\/wp-content\/uploads\/2025\/04\/avatar-sport-am.png\" alt=\"Victor Teyssier\"\/><\/p>\n","protected":false},"excerpt":{"rendered":"Apr\u00e8s plusieurs week-ends compliqu\u00e9s, Carlos Sainz a de nouveau exprim\u00e9 son agacement \u00e0 Spa-Francorchamps. \u00c0 ses yeux, Williams&hellip;\n","protected":false},"author":2,"featured_media":277607,"comment_status":"","ping_status":"","sticky":false,"template":"","format":"standard","meta":{"footnotes":""},"categories":[1412],"tags":[1451,1452,1453,1454,1455,1011,27,60],"class_list":{"0":"post-277606","1":"post","2":"type-post","3":"status-publish","4":"format-standard","5":"has-post-thumbnail","7":"category-f1","8":"tag-f1","9":"tag-formula-1","10":"tag-formula1","11":"tag-formule-1","12":"tag-formule1","13":"tag-fr","14":"tag-france","15":"tag-sports"},"share_on_mastodon":{"url":"https:\/\/pubeurope.com\/@fr\/114925826479284329","error":""},"_links":{"self":[{"href":"https:\/\/www.europesays.com\/fr\/wp-json\/wp\/v2\/posts\/277606","targetHints":{"allow":["GET"]}}],"collection":[{"href":"https:\/\/www.europesays.com\/fr\/wp-json\/wp\/v2\/posts"}],"about":[{"href":"https:\/\/www.europesays.com\/fr\/wp-json\/wp\/v2\/types\/post"}],"author":[{"embeddable":true,"href":"https:\/\/www.europesays.com\/fr\/wp-json\/wp\/v2\/users\/2"}],"replies":[{"embeddable":true,"href":"https:\/\/www.europesays.com\/fr\/wp-json\/wp\/v2\/comments?post=277606"}],"version-history":[{"count":0,"href":"https:\/\/www.europesays.com\/fr\/wp-json\/wp\/v2\/posts\/277606\/revisions"}],"wp:featuredmedia":[{"embeddable":true,"href":"https:\/\/www.europesays.com\/fr\/wp-json\/wp\/v2\/media\/277607"}],"wp:attachment":[{"href":"https:\/\/www.europesays.com\/fr\/wp-json\/wp\/v2\/media?parent=277606"}],"wp:term":[{"taxonomy":"category","embeddable":true,"href":"https:\/\/www.europesays.com\/fr\/wp-json\/wp\/v2\/categories?post=277606"},{"taxonomy":"post_tag","embeddable":true,"href":"https:\/\/www.europesays.com\/fr\/wp-json\/wp\/v2\/tags?post=277606"}],"curies":[{"name":"wp","href":"https:\/\/api.w.org\/{rel}","templated":true}]}}