{"id":277614,"date":"2025-07-27T15:11:17","date_gmt":"2025-07-27T15:11:17","guid":{"rendered":"https:\/\/www.europesays.com\/fr\/277614\/"},"modified":"2025-07-27T15:11:17","modified_gmt":"2025-07-27T15:11:17","slug":"expo-carpentras-rend-hommage-au-peintre-j-s-duplessis-enfant-du-pays","status":"publish","type":"post","link":"https:\/\/www.europesays.com\/fr\/277614\/","title":{"rendered":"[EXPO] Carpentras rend hommage au peintre J.- S. Duplessis, enfant du pays"},"content":{"rendered":"<p>Joseph-Siffred Duplessis est un peintre natif de Carpentras \u00e0 qui sa ville rend hommage, cet \u00e9t\u00e9, \u00e0 l\u2019Inguimbertine H\u00f4tel-Dieu, <a href=\"https:\/\/inguimbertine.carpentras.fr\/preparer-ma-visite\/actualites\/detail\/duplessis-1725-1802-lart-de-peindre-la-vie\" target=\"_blank\" rel=\"noopener nofollow\">avec une belle exposition<\/a>. On f\u00eatera en septembre le tricentenaire de la naissance de ce peintre \u00ab\u00a0invisibilis\u00e9\u00a0\u00bb, comme disent les f\u00e9ministes pour parler d\u2019une artiste qui n\u2019a pas connu la post\u00e9rit\u00e9. Mais Duplessis est la preuve que ce n\u2019est pas le patriarcat qui est en cause, dans ces destins posthumes contrari\u00e9s.<\/p>\n<p>Portraitiste malheureux de Marie-Antoinette<\/p>\n<p>D\u2019abord form\u00e9 \u00e0 la peinture par un moine de Villeneuve-l\u00e8s-Avignon, le jeune Duplessis part pour Rome o\u00f9 il travaille dans l\u2019atelier de Pierre Subleyras. De retour dans sa ville natale quelques ann\u00e9es plus tard, il peint des tableaux pour la cath\u00e9drale Saint-Siffrein de Carpentras puis monte \u00e0 Paris. Acad\u00e9mie de Saint-Luc d\u2019abord, Acad\u00e9mie royale de peinture en 1769 : Duplessis s\u2019impose comme portraitiste. Diderot remarque son portrait de l\u2019abb\u00e9 Fran\u00e7ois Arnaud, \u00ab\u00a0une belle chose pour la ressemblance, le caract\u00e8re et la vigueur du pinceau \u00bb.<\/p>\n<p>Sa r\u00e9putation est assez \u00e9tablie pour qu\u2019en 1771, il re\u00e7oive la commande du portrait \u00e9questre de la dauphine Marie-Antoinette. Malgr\u00e9 toutes les s\u00e9ances de pose, malgr\u00e9 toutes ses esquisses, et peut-\u00eatre \u00e0 cause de la v\u00e9rit\u00e9 qu\u2019il y met, l\u2019\u00e9tude inachev\u00e9e est repouss\u00e9e. Et c\u2019est \u00e0 \u00c9lisabeth Vig\u00e9e-Lebrun qu\u2019il reviendra l\u2019honneur de portraiturer souventes fois Marie-Antoinette (le patriarcat syst\u00e9mique est un concept fragile). Duplessis a sa revanche au Salon de 1777, o\u00f9 il pr\u00e9sente le portrait de Louis XVI en tenue de sacre.<\/p>\n<p><img fetchpriority=\"high\" decoding=\"async\" aria-describedby=\"caption-attachment-847428\" class=\" wp-image-847428\" src=\"https:\/\/www.europesays.com\/fr\/wp-content\/uploads\/2025\/07\/duplessis-autoportrait.jpg\" alt=\"\" width=\"382\" height=\"461\"  \/><\/p>\n<p id=\"caption-attachment-847428\" class=\"wp-caption-text\">Joseph Siffred Duplessis, Autoportrait (d\u00e9tail), 1780. Huile sur toile | H. 59 ; L. 49 cm. Carpentras, Biblioth\u00e8que-mus\u00e9e Inguimbertine, inv. 2009.0.4<\/p>\n<p>Duplessis au c\u0153ur d\u2019une \u00ab fake news \u00bb<\/p>\n<p>Autre c\u00e9l\u00e9brit\u00e9 qu\u2019a portraitur\u00e9e Duplessis : Benjamin Franklin. Un pastel et une huile. C&rsquo;est d\u2019apr\u00e8s ces \u0153uvres qu\u2019a \u00e9t\u00e9 grav\u00e9 le portrait de Franklin sur les billets de cent dollars am\u00e9ricains. En 2021, les m\u00e9dias am\u00e9ricains se sont f\u00e9licit\u00e9s que Joe Biden ait accroch\u00e9 dans le Bureau ovale la peinture \u00e0 l\u2019huile, sign\u00e9e Duplessis, repr\u00e9sentant Franklin en veste grise. \u00ab Certains y voient une rupture avec l&rsquo;administration Trump, <a href=\"https:\/\/www.eenews.net\/articles\/biden-brings-science-back-to-the-oval-office\/\" target=\"_blank\" rel=\"noopener nofollow\">\u00e9crivait Politico<\/a>, qui a tent\u00e9 de r\u00e9duire au silence les climatologues du gouvernement, d&rsquo;affaiblir les protections de la sant\u00e9 publique et de l\u2019environnement \u00bb.<\/p>\n<p>Cela fut repris consciencieusement <a href=\"https:\/\/www.laprovence.com\/article\/edition-vaucluse\/6251270\/un-peu-de-carpentras-dans-le-bureau-ovale-de-joe-biden.html\" target=\"_blank\" rel=\"noopener nofollow\">par les m\u00e9dias fran\u00e7ais<\/a> et <a href=\"https:\/\/www.carpentras.fr\/actualites\/2021\/02-fevrier-2021\/un-artiste-carpentrassien-dans-le-bureau-ovale.html\" target=\"_blank\" rel=\"noopener nofollow\">le site de la ville de Carpentras<\/a>. Il s\u2019agissait d\u2019une \u00ab fake news \u00bb : le tableau avait \u00e9t\u00e9 accroch\u00e9 dans le Bureau ovale par\u2026 Donald Trump d\u00e8s 2019, comme <a href=\"https:\/\/news.artnet.com\/art-world-archives\/trump-takes-art-from-abassador-but-its-all-fake-1906759\" target=\"_blank\" rel=\"noopener nofollow\">des articles<\/a> et <a href=\"https:\/\/www.fox5dc.com\/news\/newly-acquired-photograph-of-former-president-trump-to-be-featured-at-national-portrait-gallery\" target=\"_blank\" rel=\"noopener nofollow\">des photos<\/a> en font foi. Biden n\u2019avait fait que changer le tableau de place dans la pi\u00e8ce, mais il fallait bien ancrer dans les esprits l\u2019image d\u2019un Trump inculte et obscurantiste ! Et voil\u00e0 comment Duplessis, homme des plus honn\u00eates, a \u00e9t\u00e9 embarqu\u00e9 dans une \u00ab fake news \u00bb.<\/p>\n<p><img loading=\"lazy\" decoding=\"async\" aria-describedby=\"caption-attachment-847429\" class=\" wp-image-847429\" src=\"https:\/\/www.europesays.com\/fr\/wp-content\/uploads\/2025\/07\/duplessis-benjamin-franklin-met.jpg\" alt=\"\" width=\"382\" height=\"509\"  \/><\/p>\n<p id=\"caption-attachment-847429\" class=\"wp-caption-text\">Joseph Siffred Duplessis, Benjamin Franklin (1706\u20131790). Huile sur toile | H. 72,4 ; L. 58,4 cm. New-York (\u00c9tats-Unis), The Metropolitan Museum of Art, 32.100.132.<\/p>\n<p>Un peintre du tiers \u00e9tat<\/p>\n<p>Parmi les autres c\u00e9l\u00e9brit\u00e9s pass\u00e9es dans son atelier, le compositeur Gluck (au clavecin), les Necker, le peintre Vien\u2026 Bernard Dorival jugeait Duplessis \u00ab\u00a0scrupuleux \u00e0 l\u2019exc\u00e8s et intimid\u00e9\u00a0\u00bb dans ses portraits de cour, mais donnant toute la mesure de son talent \u00ab\u00a0dans ses probes portraits du Tiers\u00a0\u00bb (La Peinture fran\u00e7aise, Larousse, 1946). Il en a peint en effet de remarquables. Outre celui de Benjamin Franklin, celui de Marie-Th\u00e9r\u00e8se Heurtin-Ducis, celui de son confr\u00e8re peintre carpentrassien Joseph P\u00e9ru &#8211; et, c\u00f4t\u00e9 noblesse, la m\u00e2le effigie d\u2019\u00c9tienne de Leuctres de Canillac.<\/p>\n<p>La fin de sa carri\u00e8re sera triste &#8211; comme bien d\u2019autres peintres qui ne survivront pas, professionnellement, \u00e0 la R\u00e9volution. Lorsqu\u2019elle \u00e9clate, il est dans sa 64e ann\u00e9e. Il est d\u2019abord charg\u00e9 de l\u2019inventaire des objets d\u2019art dans le district de Carpentras puis, en 1796, est nomm\u00e9 conservateur au ch\u00e2teau de Versailles. Une place pay\u00e9e tous les 36 du mois, dans des appartements mal chauff\u00e9s et sans budget pour restaurer les tableaux et les sculptures\u2026 Qui plus est, Duplessis se pique alors de sciences, <a href=\"https:\/\/www.retronews.fr\/journal\/le-temps\/09-juin-1913\/2\/f8491dba-1332-4ce0-a0cf-a31e482db3c6\" target=\"_blank\" rel=\"noopener nofollow\">s\u2019int\u00e9ressant aux propri\u00e9t\u00e9s du caoutchouc<\/a>. Importun aux administrations, il meurt \u00ab\u00a0un peu g\u00e2teux, semble-t-il, en 1802, non sans avoir \u00e9pous\u00e9 sur le tard sa fid\u00e8le servante\u00a0\u00bb, <a href=\"https:\/\/www.retronews.fr\/journal\/lecho-de-paris\/05-novembre-1925\/4\/b74c369d-c0f7-4d05-9c43-ec1117ccdeb4\" target=\"_blank\" rel=\"noopener nofollow\">\u00e9crivait l\u2019historien d\u2019art Jean-Louis Vaudoyer<\/a>. Une mort pas \u00e0 la hauteur de celui qu\u2019on avait, trente ans plus t\u00f4t, surnomm\u00e9 le \u00ab Van Dyck de la France \u00bb. Van Dyck, il ne l\u2019\u00e9tait pas, assur\u00e9ment. Mais il avait d\u2019autres qualit\u00e9s, mises en \u00e9vidence dans cette exposition \u00e0 Carpentras.<\/p>\n<p>\u00a0<\/p>\n<p><strong>\u2022 Jusqu&rsquo;au 28 septembre 2025, Inguimbertine H\u00f4tel-Dieu, Carpentras. De 10h \u00e0 18h, ferm\u00e9e le lundi. Visites guid\u00e9es de l\u2019exposition : en juin et septembre, tous les dimanches \u00e0 11\u2009h. En juillet et ao\u00fbt : tous les mardis \u00e0 16\u2009h.\u00a0Visite en famille (r\u00e9serv\u00e9e aux enfants accompagn\u00e9s d\u2019un adulte) : pendant les vacances scolaires : tous les vendredis \u00e0 16\u2009h.<\/strong><\/p>\n<p>\u00a0<\/p>\n<p><img loading=\"lazy\" decoding=\"async\" aria-describedby=\"caption-attachment-847451\" class=\" wp-image-847451\" src=\"https:\/\/www.europesays.com\/fr\/wp-content\/uploads\/2025\/07\/duplessis-portraitofmadamefreretde-ricour-nelson-atkins-digital.jpg\" alt=\"\" width=\"382\" height=\"481\"  \/><\/p>\n<p id=\"caption-attachment-847451\" class=\"wp-caption-text\">Elisabeth Fr\u00e9ret d\u2019H\u00e9ricourt,<br \/>n\u00e9e Gonnet.<br \/>Huile sur toile.<br \/>Kansas City, Nelson Atkins Museum<\/p>\n<p>                    <a href=\"#\" rel=\"nofollow\" onclick=\"window.print(); pfTrackEvent('[EXPO] Carpentras rend hommage au peintre J.- S. Duplessis, enfant du pays'); return false;\" title=\"Printer Friendly, PDF &amp; Email\"><br \/>\n                    <img decoding=\"async\" src=\"https:\/\/www.europesays.com\/fr\/wp-content\/uploads\/2025\/04\/printfriendly-icon-sm.png\" alt=\"Print Friendly, PDF &amp; Email\" class=\"pf-button-img\" style=\"width: 17px;height: 17px;\"\/>Imprimer, enregistrer en PDF cet article<br \/>\n                    <\/a><\/p>\n","protected":false},"excerpt":{"rendered":"Joseph-Siffred Duplessis est un peintre natif de Carpentras \u00e0 qui sa ville rend hommage, cet \u00e9t\u00e9, \u00e0 l\u2019Inguimbertine&hellip;\n","protected":false},"author":2,"featured_media":277615,"comment_status":"","ping_status":"","sticky":false,"template":"","format":"standard","meta":{"footnotes":""},"categories":[1358],"tags":[1348,1384,1385,1386,58,59,1011,27],"class_list":{"0":"post-277614","1":"post","2":"type-post","3":"status-publish","4":"format-standard","5":"has-post-thumbnail","7":"category-arts-et-design","8":"tag-arts","9":"tag-arts-and-design","10":"tag-arts-et-design","11":"tag-design","12":"tag-divertissement","13":"tag-entertainment","14":"tag-fr","15":"tag-france"},"share_on_mastodon":{"url":"https:\/\/pubeurope.com\/@fr\/114925842323747143","error":""},"_links":{"self":[{"href":"https:\/\/www.europesays.com\/fr\/wp-json\/wp\/v2\/posts\/277614","targetHints":{"allow":["GET"]}}],"collection":[{"href":"https:\/\/www.europesays.com\/fr\/wp-json\/wp\/v2\/posts"}],"about":[{"href":"https:\/\/www.europesays.com\/fr\/wp-json\/wp\/v2\/types\/post"}],"author":[{"embeddable":true,"href":"https:\/\/www.europesays.com\/fr\/wp-json\/wp\/v2\/users\/2"}],"replies":[{"embeddable":true,"href":"https:\/\/www.europesays.com\/fr\/wp-json\/wp\/v2\/comments?post=277614"}],"version-history":[{"count":0,"href":"https:\/\/www.europesays.com\/fr\/wp-json\/wp\/v2\/posts\/277614\/revisions"}],"wp:featuredmedia":[{"embeddable":true,"href":"https:\/\/www.europesays.com\/fr\/wp-json\/wp\/v2\/media\/277615"}],"wp:attachment":[{"href":"https:\/\/www.europesays.com\/fr\/wp-json\/wp\/v2\/media?parent=277614"}],"wp:term":[{"taxonomy":"category","embeddable":true,"href":"https:\/\/www.europesays.com\/fr\/wp-json\/wp\/v2\/categories?post=277614"},{"taxonomy":"post_tag","embeddable":true,"href":"https:\/\/www.europesays.com\/fr\/wp-json\/wp\/v2\/tags?post=277614"}],"curies":[{"name":"wp","href":"https:\/\/api.w.org\/{rel}","templated":true}]}}