{"id":277620,"date":"2025-07-27T15:14:10","date_gmt":"2025-07-27T15:14:10","guid":{"rendered":"https:\/\/www.europesays.com\/fr\/277620\/"},"modified":"2025-07-27T15:14:10","modified_gmt":"2025-07-27T15:14:10","slug":"michel-sardou-piscine-interieure-jardin-dhiver-son-ancienne-maison-de-luxe-est-a-vendre-a-un-prix-exorbitant","status":"publish","type":"post","link":"https:\/\/www.europesays.com\/fr\/277620\/","title":{"rendered":"Michel Sardou : piscine int\u00e9rieure, jardin d\u2019hiver\u2026 Son ancienne maison de luxe est \u00e0 vendre \u00e0 un prix exorbitant"},"content":{"rendered":"<p><strong>L\u00e9gende vivante de la chanson fran\u00e7aise<\/strong>.<br \/>\n<a href=\"https:\/\/www.closermag.fr\/people\/michel-sardou-sa-fille-cynthia-fait-cracher-une-info-de-taille-a-cyril-hanouna-et-cetait-meme-pas-voulu-3557977\" target=\"_blank\" rel=\"noopener\"><br \/>\nMichel Sardou<\/a> a d\u00e9cid\u00e9 de prendre sa retraite. Afin de jouir<br \/>\nd&rsquo;un repos bien m\u00e9rit\u00e9. Install\u00e9 avec sa compagne dans le sud de la<br \/>\nFrance. Le chanteur a longtemps v\u00e9cu dans une immense demeure<br \/>\nsitu\u00e9e \u00e0 <a href=\"https:\/\/www.closermag.fr\/vecu\/neuilly-sur-seine-au-niveau-de-la-culotte-une-maitresse-decole-suspectee-dattouchements-sur-ses-petits-eleves-3519282\" target=\"_blank\" rel=\"noopener\"><br \/>\nNeuilly-sur-Seine<\/a>. Cette fameuse b\u00e2tisse est aujourd&rsquo;hui en<br \/>\nvente pour la modique somme de <a href=\"https:\/\/www.closermag.fr\/people\/michel-sardou-700-m2-sauna-piscine-sa-somptueuse-demeure-de-neuilly-sur-seine-en-vente-a-un-prix-dementiel-photos-3555993\" target=\"_blank\" rel=\"noopener\"><br \/>\n18,8 millions d\u2019euros<\/a>. Comme l&rsquo;a rapport\u00e9 <a href=\"https:\/\/www.leparisien.fr\/immobilier\/piscine-jardin-xxl-au-coeur-de-neuilly-la-luxueuse-demeure-ou-a-vecu-michel-sardou-en-vente-pour-18-millions-deuros-27-07-2025-5VCQINXZNRGDRIQWNAN2HMJBEQ.php\" target=\"_blank\" rel=\"noopener\"><br \/>\nLe Parisien<\/a>.<\/p>\n<p>Situ\u00e9 en plein c\u0153ur du quartier Saint-James. Ce <a href=\"https:\/\/www.telestar.fr\/actu-tv\/recherche-appartement-maison\" target=\"_blank\" rel=\"noopener\">bien<br \/>\nimmobilier<\/a> dispose de <strong>pr\u00e8s de 700 m2 de surface<br \/>\nhabitable<\/strong>. L&rsquo;ancienne maison de Michel Sardou s\u2019\u00e9tend sur<br \/>\ntrois \u00e9tages. Et dispose \u00e9galement d&rsquo;un sous-sol enti\u00e8rement<br \/>\nam\u00e9nag\u00e9. Un jardin de 1 750 m2 compl\u00e8te \u00e9galement cette propri\u00e9t\u00e9<br \/>\nunique en son genre. Comme l&rsquo;a soulign\u00e9 Alexandre Cointet, le<br \/>\ndirecteur de l\u2019agence \u00c9mile Garcin Neuilly, charg\u00e9 de la vente de<br \/>\ncette r\u00e9sidence.<\/p>\n<p>Michel Sardou : son ancienne maison de Neuilly-sur-Seine<br \/>\nposs\u00e8de un immense jardin<\/p>\n<p>\u00ab\u00a0On ne peut plus parler d\u2019h\u00f4tel particulier \u00e0 ce niveau-l\u00e0.<br \/>\nC\u2019est une propri\u00e9t\u00e9. Des biens comme cela avec un si grand espace<br \/>\next\u00e9rieur, <strong>il n\u2019y en a que cinq ou six \u00e0<br \/>\nNeuilly<\/strong>\u00ab\u00a0, a-t-il ainsi d\u00e9clar\u00e9. \u00ab\u00a0L\u2019effet waouh,<br \/>\nc\u2019est vraiment que tout l\u2019espace de r\u00e9ception soit au m\u00eame endroit,<br \/>\nau rez-de-chauss\u00e9e. Avec un acc\u00e8s direct au jardin\u00a0\u00bb, a par<br \/>\nailleurs ajout\u00e9 Alexandre Cointet au sujet de l&rsquo;ancienne demeure de<br \/>\nMichel Sardou.\u00a0<\/p>\n<p>En fait, la porte d&rsquo;entr\u00e9e donne directement sur une grande<br \/>\nsalle de s\u00e9jour. Celle-ci est ouverte sur la cuisine et<br \/>\nl\u2019ext\u00e9rieur. \u00ab\u00a0On n\u2019entend que le bruit des feuilles des arbres.<br \/>\n<strong>On est davantage sur une maison de campagne que sur une<br \/>\nmaison de ville<\/strong>\u00ab\u00a0, a notamment soulign\u00e9 Alexandre<br \/>\nCointet. L&rsquo;ancienne maison de Michel Sardou poss\u00e8de toutefois un<br \/>\nl\u00e9ger vis-\u00e0-vis.<\/p>\n<p>L&rsquo;agent immobilier charg\u00e9 de la vente<br \/>\npr\u00e9cise que \u00ab\u00a0les propri\u00e9taires actuels ont beaucoup r\u00e9nov\u00e9 les<br \/>\nlieux\u00a0\u00bb<\/p>\n<p>\u00ab\u00a0C\u2019est quasiment in\u00e9vitable \u00e0 Paris et ses alentours. Mais<br \/>\n<strong>la plupart des propri\u00e9taires voisins viennent du<br \/>\nMoyen-Orient<\/strong> et sont tr\u00e8s peu pr\u00e9sents\u00a0\u00bb, a ainsi<br \/>\npr\u00e9cis\u00e9 l&rsquo;agent immobilier charg\u00e9 de la vente de cette maison. O\u00f9<br \/>\nl&rsquo;ancien <a href=\"https:\/\/www.closermag.fr\/people\/le-mysterieux-projet-d-ilona-smet-en-studio-791238\" target=\"_blank\" rel=\"noopener\"><br \/>\nstudio d&rsquo;enregistrement<\/a> de Michel Sardou se trouvait au<br \/>\nrez-de-chauss\u00e9. \u00ab\u00a0Les propri\u00e9taires actuels ont beaucoup r\u00e9nov\u00e9<br \/>\nles lieux quand ils sont arriv\u00e9s en 2011. Pour s\u2019en impr\u00e9gner et<br \/>\nles modeler comme ils le souhaitaient\u00a0\u00bb, a par ailleurs indiqu\u00e9<br \/>\nAlexandre Cointet.<\/p>\n<p>L&rsquo;ancienne propri\u00e9t\u00e9 de Michel Sardou dispose en plus d&rsquo;un atout<br \/>\nde choix. <strong>Une splendide piscine int\u00e9rieure<\/strong>,<br \/>\nsurplomb\u00e9e d\u2019une verri\u00e8re qui s\u2019ouvre pour rejoindre le jardin. Au<br \/>\ntotal, cette b\u00e2tisse poss\u00e8de pas moins de quatre chambres, qui<br \/>\ndisposent toutes de leurs propres salle de bains. Avec au moins une<br \/>\ndouche et des toilettes.\u00a0<\/p>\n","protected":false},"excerpt":{"rendered":"L\u00e9gende vivante de la chanson fran\u00e7aise. Michel Sardou a d\u00e9cid\u00e9 de prendre sa retraite. Afin de jouir d&rsquo;un&hellip;\n","protected":false},"author":2,"featured_media":277621,"comment_status":"","ping_status":"","sticky":false,"template":"","format":"standard","meta":{"footnotes":""},"categories":[1355],"tags":[548,58,59,1011,27,30040,1361,873],"class_list":{"0":"post-277620","1":"post","2":"type-post","3":"status-publish","4":"format-standard","5":"has-post-thumbnail","7":"category-musique","8":"tag-article-simple","9":"tag-divertissement","10":"tag-entertainment","11":"tag-fr","12":"tag-france","13":"tag-michel-sardou","14":"tag-music","15":"tag-musique"},"share_on_mastodon":{"url":"https:\/\/pubeurope.com\/@fr\/114925854141632437","error":""},"_links":{"self":[{"href":"https:\/\/www.europesays.com\/fr\/wp-json\/wp\/v2\/posts\/277620","targetHints":{"allow":["GET"]}}],"collection":[{"href":"https:\/\/www.europesays.com\/fr\/wp-json\/wp\/v2\/posts"}],"about":[{"href":"https:\/\/www.europesays.com\/fr\/wp-json\/wp\/v2\/types\/post"}],"author":[{"embeddable":true,"href":"https:\/\/www.europesays.com\/fr\/wp-json\/wp\/v2\/users\/2"}],"replies":[{"embeddable":true,"href":"https:\/\/www.europesays.com\/fr\/wp-json\/wp\/v2\/comments?post=277620"}],"version-history":[{"count":0,"href":"https:\/\/www.europesays.com\/fr\/wp-json\/wp\/v2\/posts\/277620\/revisions"}],"wp:featuredmedia":[{"embeddable":true,"href":"https:\/\/www.europesays.com\/fr\/wp-json\/wp\/v2\/media\/277621"}],"wp:attachment":[{"href":"https:\/\/www.europesays.com\/fr\/wp-json\/wp\/v2\/media?parent=277620"}],"wp:term":[{"taxonomy":"category","embeddable":true,"href":"https:\/\/www.europesays.com\/fr\/wp-json\/wp\/v2\/categories?post=277620"},{"taxonomy":"post_tag","embeddable":true,"href":"https:\/\/www.europesays.com\/fr\/wp-json\/wp\/v2\/tags?post=277620"}],"curies":[{"name":"wp","href":"https:\/\/api.w.org\/{rel}","templated":true}]}}