{"id":277625,"date":"2025-07-27T15:18:11","date_gmt":"2025-07-27T15:18:11","guid":{"rendered":"https:\/\/www.europesays.com\/fr\/277625\/"},"modified":"2025-07-27T15:18:11","modified_gmt":"2025-07-27T15:18:11","slug":"javais-trop-peur-quil-y-ait-des-blesses-le-concert-de-tiakola-a-la-courneuve-vire-au-chaos","status":"publish","type":"post","link":"https:\/\/www.europesays.com\/fr\/277625\/","title":{"rendered":"\u00ab\u00a0J\u2019avais trop peur qu\u2019il y ait des bless\u00e9s\u00a0\u00bb : le concert de Tiakola \u00e0 La Courneuve vire au chaos"},"content":{"rendered":"<p>      R\u00e9sum\u00e9<\/p>\n<p>Le concert gratuit de Tiakola \u00e0 La Courneuve a \u00e9t\u00e9 marqu\u00e9 par une foule d\u00e9passant la capacit\u00e9, entra\u00eenant tensions, malaises et une interruption pr\u00e9matur\u00e9e du spectacle.<\/p>\n<p>        Sommaire<\/p>\n<p><strong>C&rsquo;\u00e9tait l&rsquo;\u00e9v\u00e8nement \u00e0 ne pas rater<\/strong>. Ce samedi 26 juillet, le rappeur Tiakola sacr\u00e9 lors de <a href=\"https:\/\/www.public.fr\/les-flammes-2025-artistes-nommes-diffusion-performances-le-point-sur-la-3e-edition-de-la-ceremonie\" target=\"_blank\" rel=\"noopener\">la derni\u00e8re c\u00e9r\u00e9monie des Flammes<\/a>, \u00e9tait attendu au parc Georges-Valbon de La Courneuve (Seine-Saint-Denis) pour un concert g\u00e9ant et gratuit. L&rsquo;\u00e9v\u00e8nement venait cl\u00f4turer le Bel \u00e9t\u00e9, un programme de festivit\u00e9s organis\u00e9 par le d\u00e9partement , et auquel ont particip\u00e9 de nombreuses personnalit\u00e9s. Ce concert \u00e9tait tr\u00e8s attendu par <a href=\"https:\/\/vsd.fr\/70152-le-rappeur-tiakola-recoit-la-visite-inattendue-dune-star-hollywoodienne-a-son-concert\/\" target=\"_blank\" rel=\"noopener\">le jeune artiste<\/a>, qui effectuait une prestation en direct depuis sa ville natale.<\/p>\n<p>Malheureusement, tout ne s&rsquo;est pas pass\u00e9 comme pr\u00e9vu pour Tiakola. <strong>Si au d\u00e9part, 24 000 personnes sont venues l&rsquo;acclamer<\/strong> au lieu des 12 000 autoris\u00e9es au d\u00e9part (la jauge a \u00e9t\u00e9 doubl\u00e9e par le d\u00e9partement pour l&rsquo;occasion), le ton est tr\u00e8s vite mont\u00e9 entre les festivaliers. Entre mouvements de foule et bousculades, les esprits se sont rapidement \u00e9chauff\u00e9s, et ce, avant m\u00eame l&rsquo;arriv\u00e9e de Tiakola sur sc\u00e8ne.<\/p>\n<p>Des malaises et des gens \u00e0 terre et pi\u00e9tin\u00e9s<\/p>\n<p>Le chauffeur de salle a \u00e9t\u00e9 le premier \u00e0 intervenir, et a tent\u00e9 de calmer la foule. Mais rien ne s&rsquo;est pass\u00e9 comme aurait pu l&rsquo;esp\u00e9rer Tiakola&#8230;<strong> \u00ab\u00a0Il y a des enfants avec nous, des familles. Dites-moi si on est contraint d\u2019annuler\u00a0\u00bb<\/strong> s&rsquo;est interrog\u00e9e l&rsquo;\u00e9quipe de production avant m\u00eame le d\u00e9but du concert.<\/p>\n<p>Malgr\u00e9 la tension, Tiakola tente de monter sur sc\u00e8ne et d\u00e9marre le show. Mais ce dernier est tr\u00e8s vite interrompu. A la deuxi\u00e8me chanson seulement, le jeune homme stoppe tout et demande aux festivaliers de se calmer : \u00ab\u00a0On ne va pas g\u00e2cher \u00e7a. Faites doucement devant. Il y a des familles, des fr\u00e8res et s\u0153urs. <strong>Sinon je ne pourrai pas continuer. Faites \u00e9vacuer les gens s\u2019il vous pla\u00eet<\/strong>\u00ab\u00a0.<\/p>\n<blockquote class=\"twitter-tweet\">\n<p>Triste images de Tiakola inquiet sur sc\u00e8ne pour son public dans la fosse \u00e0 la Courneuve \ud83d\udc94<\/p>\n<p>Il a du interrompre le concert 3 fois..<a href=\"https:\/\/t.co\/thzsMzoBf4\">pic.twitter.com\/thzsMzoBf4<\/a><\/p>\n<p>\u2014 La M\u00e9lo de Tiakola (@LmdTiakola) <a href=\"https:\/\/twitter.com\/LmdTiakola\/status\/1949361177940676790?ref_src=twsrc%5Etfw\" target=\"_blank\" rel=\"noopener\">July 27, 2025<\/a><\/p><\/blockquote>\n<p>Mais le public ne l&rsquo;\u00e9coutera pas. Au bout de quelques minutes, les tensions, plus vives encore, reprennent de plus belle. <strong>Tiakola rappelle de nouveau \u00e0 l&rsquo;ordre son public, mais rien n&rsquo;y fait<\/strong>. Le concert se conclue dans une atmosph\u00e8re tr\u00e8s lourde. Les vid\u00e9os, rapidement devenues virales X, montrent un Tiakola d\u00e9pit\u00e9. Le jeune homme esp\u00e9rait mieux pour un concert dans sa ville natale&#8230; <\/p>\n<p>Tiakola ou le visage d\u00e9pit\u00e9 sur sc\u00e8ne<\/p>\n<p>Mais \u00e0 la sortie, Tiakola et son entourage ont pris conscience que l&rsquo;enjeu \u00e9tait trop gros&#8230; \u00ab\u00a0<strong>On a \u00e9t\u00e9 trop na\u00effs de croire qu\u2019un concert gratuit \u00e0 La Courneuve pouvait \u00eatre bien organis\u00e9<\/strong>. Il faut les remercier, car \u00e7a partait d\u2019une bonne intention, mais on \u00e9tait trop sur le site les gars\u00a0\u00bb a expliqu\u00e9 un jeune homme sur TikTok dans une vid\u00e9o massivement relay\u00e9e.<\/p>\n<p>\u00ab\u00a0On se faisait pousser de tous les c\u00f4t\u00e9s, il y avait des petits \u00e0 c\u00f4t\u00e9 de moi qui se faisaient marcher dessus. <strong>J\u2019avais trop peur qu\u2019il y ait des bless\u00e9s ou des morts<\/strong>\u00a0\u00bb a ainsi poursuivi le t\u00e9moin. Ce dernier a affirm\u00e9 avoir \u00e9t\u00e9 le t\u00e9moin de plusieurs malaises, et \u00ab\u00a0des gens par terre, qui se faisaient pi\u00e9tiner\u00a0\u00bb. <strong>Choqu\u00e9 par la soir\u00e9e qu&rsquo;il a v\u00e9cue<\/strong>, il a toutefois pris conscience de l&rsquo;enjeu des jauges de s\u00e9curit\u00e9 impos\u00e9es, et que la pr\u00e9fecture a lev\u00e9es pour le concert de Tiakola. Une erreur selon lui&#8230;<\/p>\n<p>      Mentionn\u00e9s dans cet article<\/p>\n<p>\u00c0 lire aussi<\/p>\n<p><script async src=\"https:\/\/platform.twitter.com\/widgets.js\" charset=\"utf-8\"><\/script><\/p>\n","protected":false},"excerpt":{"rendered":"R\u00e9sum\u00e9 Le concert gratuit de Tiakola \u00e0 La Courneuve a \u00e9t\u00e9 marqu\u00e9 par une foule d\u00e9passant la capacit\u00e9,&hellip;\n","protected":false},"author":2,"featured_media":277626,"comment_status":"","ping_status":"","sticky":false,"template":"","format":"standard","meta":{"footnotes":""},"categories":[8],"tags":[1697,58,59,1011,27,1062,6198,1747,809],"class_list":{"0":"post-277625","1":"post","2":"type-post","3":"status-publish","4":"format-standard","5":"has-post-thumbnail","7":"category-divertissement","8":"tag-concert","9":"tag-divertissement","10":"tag-entertainment","11":"tag-fr","12":"tag-france","13":"tag-polemique","14":"tag-rappeur","15":"tag-scandale","16":"tag-violence"},"share_on_mastodon":{"url":"https:\/\/pubeurope.com\/@fr\/114925869788834467","error":""},"_links":{"self":[{"href":"https:\/\/www.europesays.com\/fr\/wp-json\/wp\/v2\/posts\/277625","targetHints":{"allow":["GET"]}}],"collection":[{"href":"https:\/\/www.europesays.com\/fr\/wp-json\/wp\/v2\/posts"}],"about":[{"href":"https:\/\/www.europesays.com\/fr\/wp-json\/wp\/v2\/types\/post"}],"author":[{"embeddable":true,"href":"https:\/\/www.europesays.com\/fr\/wp-json\/wp\/v2\/users\/2"}],"replies":[{"embeddable":true,"href":"https:\/\/www.europesays.com\/fr\/wp-json\/wp\/v2\/comments?post=277625"}],"version-history":[{"count":0,"href":"https:\/\/www.europesays.com\/fr\/wp-json\/wp\/v2\/posts\/277625\/revisions"}],"wp:featuredmedia":[{"embeddable":true,"href":"https:\/\/www.europesays.com\/fr\/wp-json\/wp\/v2\/media\/277626"}],"wp:attachment":[{"href":"https:\/\/www.europesays.com\/fr\/wp-json\/wp\/v2\/media?parent=277625"}],"wp:term":[{"taxonomy":"category","embeddable":true,"href":"https:\/\/www.europesays.com\/fr\/wp-json\/wp\/v2\/categories?post=277625"},{"taxonomy":"post_tag","embeddable":true,"href":"https:\/\/www.europesays.com\/fr\/wp-json\/wp\/v2\/tags?post=277625"}],"curies":[{"name":"wp","href":"https:\/\/api.w.org\/{rel}","templated":true}]}}