{"id":277638,"date":"2025-07-27T15:26:32","date_gmt":"2025-07-27T15:26:32","guid":{"rendered":"https:\/\/www.europesays.com\/fr\/277638\/"},"modified":"2025-07-27T15:26:32","modified_gmt":"2025-07-27T15:26:32","slug":"neuf-infirmieres-accusent-un-chirurgien","status":"publish","type":"post","link":"https:\/\/www.europesays.com\/fr\/277638\/","title":{"rendered":"neuf infirmi\u00e8res accusent un chirurgien"},"content":{"rendered":"<p>L\u2019affaire pourrait \u00eatre symbolique voire symptomatique des rapports de travail entre m\u00e9decins et infirmi\u00e8res dans les blocs op\u00e9ratoires. On sait que certains praticiens, aur\u00e9ol\u00e9s de leur savoir, de l\u2019importance de leur t\u00e2che et de leur talent plus ou moins grand, ne mettent pas toujours les formes lorsqu\u2019ils s\u2019adressent au reste du personnel. Un chirurgien de la clinique Saint-Andr\u00e9, \u00e0 Vand\u0153uvre-l\u00e8s-Nancy, aurait franchi la ligne blanche pour basculer du c\u00f4t\u00e9 du harc\u00e8lement moral.<\/p>\n<p>Signe d\u2019une \u00e9poque o\u00f9 la parole se lib\u00e8re, des infirmi\u00e8res du bloc op\u00e9ratoire ont bris\u00e9 la loi du silence pour se plaindre \u00e0 la direction. Elles sont neuf \u00e0 avoir dit stop. Certaines sont toutes jeunes. D\u2019autres sont tr\u00e8s exp\u00e9riment\u00e9es et ont c\u00f4toy\u00e9 le m\u00e9decin durant une bonne vingtaine d\u2019ann\u00e9es.\ufeff<\/p>\n<p>\u00ab\u00a0Il est extr\u00eamement dur. Il est connu pour avoir une attitude autoritaire et col\u00e9rique qu\u2019il justifie par le stress des op\u00e9rations. Cela va de propos humiliants \u00e0 des jets d\u2019objets par terre dans la salle&#8230;<\/p>\n","protected":false},"excerpt":{"rendered":"L\u2019affaire pourrait \u00eatre symbolique voire symptomatique des rapports de travail entre m\u00e9decins et infirmi\u00e8res dans les blocs op\u00e9ratoires.&hellip;\n","protected":false},"author":2,"featured_media":277639,"comment_status":"","ping_status":"","sticky":false,"template":"","format":"standard","meta":{"footnotes":""},"categories":[9635],"tags":[1111,11,271,272,1707,1704,1706,1705,1777,674,274,1011,27,775,3457,1702,1703,12,25,71],"class_list":{"0":"post-277638","1":"post","2":"type-post","3":"status-publish","4":"format-standard","5":"has-post-thumbnail","7":"category-nancy","8":"tag-actu","9":"tag-actualites","10":"tag-crime","11":"tag-delit-et-contravention","12":"tag-edition-luneville","13":"tag-edition-nancy-et-agglomeration","14":"tag-edition-pont-a-mousson","15":"tag-edition-toul","16":"tag-eu","17":"tag-europe","18":"tag-faits-divers-justice","19":"tag-fr","20":"tag-france","21":"tag-grand-est","22":"tag-meurthe-et-moselle","23":"tag-nancy","24":"tag-nancy-ville-54b","25":"tag-news","26":"tag-republique-francaise","27":"tag-sante"},"share_on_mastodon":{"url":"https:\/\/pubeurope.com\/@fr\/114925901209205166","error":""},"_links":{"self":[{"href":"https:\/\/www.europesays.com\/fr\/wp-json\/wp\/v2\/posts\/277638","targetHints":{"allow":["GET"]}}],"collection":[{"href":"https:\/\/www.europesays.com\/fr\/wp-json\/wp\/v2\/posts"}],"about":[{"href":"https:\/\/www.europesays.com\/fr\/wp-json\/wp\/v2\/types\/post"}],"author":[{"embeddable":true,"href":"https:\/\/www.europesays.com\/fr\/wp-json\/wp\/v2\/users\/2"}],"replies":[{"embeddable":true,"href":"https:\/\/www.europesays.com\/fr\/wp-json\/wp\/v2\/comments?post=277638"}],"version-history":[{"count":0,"href":"https:\/\/www.europesays.com\/fr\/wp-json\/wp\/v2\/posts\/277638\/revisions"}],"wp:featuredmedia":[{"embeddable":true,"href":"https:\/\/www.europesays.com\/fr\/wp-json\/wp\/v2\/media\/277639"}],"wp:attachment":[{"href":"https:\/\/www.europesays.com\/fr\/wp-json\/wp\/v2\/media?parent=277638"}],"wp:term":[{"taxonomy":"category","embeddable":true,"href":"https:\/\/www.europesays.com\/fr\/wp-json\/wp\/v2\/categories?post=277638"},{"taxonomy":"post_tag","embeddable":true,"href":"https:\/\/www.europesays.com\/fr\/wp-json\/wp\/v2\/tags?post=277638"}],"curies":[{"name":"wp","href":"https:\/\/api.w.org\/{rel}","templated":true}]}}