{"id":27764,"date":"2025-04-15T22:40:19","date_gmt":"2025-04-15T22:40:19","guid":{"rendered":"https:\/\/www.europesays.com\/fr\/27764\/"},"modified":"2025-04-15T22:40:19","modified_gmt":"2025-04-15T22:40:19","slug":"festival-paroles-et-musiques-a-saint-etienne-zoom-sur-sylvain-duthu","status":"publish","type":"post","link":"https:\/\/www.europesays.com\/fr\/27764\/","title":{"rendered":"FESTIVAL PAROLES ET MUSIQUES \u00c0 SAINT-\u00c9TIENNE : ZOOM SUR SYLVAIN DUTHU"},"content":{"rendered":"<p>                <a href=\"https:\/\/42info.fr\/gagnez-vos-places-pour-le-concert-de-la-star-academy-au-zenith-de-saint-etienne\/\" target=\"_blank\" aria-label=\"JEU STAR AC\" rel=\"nofollow noopener\"><img loading=\"lazy\" decoding=\"async\" src=\"https:\/\/www.europesays.com\/fr\/wp-content\/uploads\/2025\/04\/JEU-STAR-AC-scaled.jpg\" alt=\"\"   width=\"2560\" height=\"1440\"\/><\/a><\/p>\n<p>Ce talent pr\u00e9coce l\u2019a rapidement men\u00e9 \u00e0 former en 2000 un groupe de reprises baptis\u00e9 Oxymore avec son camarade Laurent Garnier, rencontr\u00e9 \u00e0 l\u2019\u00e9cole de musique de son village pyr\u00e9n\u00e9en. Il arrive dans la programmation du <strong>Festival Paroles et Musiques \u00e0 Saint-Etienne<\/strong>.<\/p>\n<p>L\u2019histoire prend un tournant d\u00e9cisif quatre ans plus tard avec l\u2019arriv\u00e9e de Florent Dasque, marquant le d\u00e9but de l\u2019aventure <strong>Boulevard des Airs<\/strong>. Le groupe conna\u00eet sa r\u00e9v\u00e9lation en 2011 avec l\u2019album \u00ab\u00a0Paris, Buenos Aires\u00a0\u00bb et atteint son apog\u00e9e en 2019 en remportant la Victoire de la musique de la chanson originale pour leur tube \u00ab\u00a0Je me dis que toi aussi\u00a0\u00bb.<\/p>\n<p>L\u2019homme aux multiples casquettes artistiques<\/p>\n<p>Au-del\u00e0 de son r\u00f4le de chanteur principal de Boulevard des Airs, Sylvain Duthu s\u2019est illustr\u00e9 dans diverses collaborations avec des artistes comme Aldebert, Babylon Circus ou Tryo. Son talent d\u2019auteur-compositeur a \u00e9galement profit\u00e9 \u00e0 Claudio Cap\u00e9o, Yannick Noah, Les Frangines, Zaz et Tibz.<\/p>\n<p>Mais l\u2019artiste ne s\u2019arr\u00eate pas \u00e0 la musique : r\u00e9alisateur de clips, photographe exposant occasionnellement ses \u0153uvres, il est aussi l\u2019auteur d\u2019une pi\u00e8ce de th\u00e9\u00e2tre pour la jeunesse intitul\u00e9e \u00ab\u00a0Quand j\u2019\u00e9tais petit, j\u2019\u00e9tais une limace\u00a0\u00bb (2018).<\/p>\n<\/p>\n<p>Cap sur le Pays Basque et nouvelle aventure en solo<\/p>\n<p>Apr\u00e8s vingt ans de carri\u00e8re avec Boulevard des Airs, 500 000 albums vendus et une impressionnante tourn\u00e9e des Z\u00e9niths, Sylvain Duthu prend un nouveau virage en septembre 2024 avec la sortie de son premier album solo. Un album qu\u2019il va d\u00e9fendre aussi en 2025 au <strong>Festival Paroles et Musiques \u00e0 Saint-Etienne<\/strong>.<\/p>\n<p>Son \u00ab\u00a0Prologue\u00a0\u00bb, d\u00e9voil\u00e9 il y a quelques semaines, m\u00eale habilement chanson traditionnelle et slam dans un style puissant et intimiste. Les deux clips accompagnant ces premiers titres ont \u00e9t\u00e9 tourn\u00e9s au Pays Basque, r\u00e9gion o\u00f9 l\u2019artiste a pos\u00e9 ses valises depuis quelques ann\u00e9es, t\u00e9moignant de son attachement \u00e0 ce territoire entre mer et montagne.<\/p>\n<p><strong>Le 21 mai 2025, en concert \u00e0 la Com\u00e8te \u00e0 20h30 dans le cadre du Festival Paroles et Musiques \u00e0 Sait-Etienne.<\/strong><\/p>\n","protected":false},"excerpt":{"rendered":"Ce talent pr\u00e9coce l\u2019a rapidement men\u00e9 \u00e0 former en 2000 un groupe de reprises baptis\u00e9 Oxymore avec son&hellip;\n","protected":false},"author":2,"featured_media":27765,"comment_status":"","ping_status":"","sticky":false,"template":"","format":"standard","meta":{"footnotes":""},"categories":[9653],"tags":[1111,11,2430,1777,674,849,1011,27,3367,12,9767,25,4001],"class_list":{"0":"post-27764","1":"post","2":"type-post","3":"status-publish","4":"format-standard","5":"has-post-thumbnail","7":"category-saint-etienne","8":"tag-actu","9":"tag-actualites","10":"tag-auvergne-rhone-alpes","11":"tag-eu","12":"tag-europe","13":"tag-festival","14":"tag-fr","15":"tag-france","16":"tag-loire","17":"tag-news","18":"tag-paroles-musique","19":"tag-republique-francaise","20":"tag-saint-etienne"},"share_on_mastodon":{"url":"https:\/\/pubeurope.com\/@fr\/114344389714104320","error":""},"_links":{"self":[{"href":"https:\/\/www.europesays.com\/fr\/wp-json\/wp\/v2\/posts\/27764","targetHints":{"allow":["GET"]}}],"collection":[{"href":"https:\/\/www.europesays.com\/fr\/wp-json\/wp\/v2\/posts"}],"about":[{"href":"https:\/\/www.europesays.com\/fr\/wp-json\/wp\/v2\/types\/post"}],"author":[{"embeddable":true,"href":"https:\/\/www.europesays.com\/fr\/wp-json\/wp\/v2\/users\/2"}],"replies":[{"embeddable":true,"href":"https:\/\/www.europesays.com\/fr\/wp-json\/wp\/v2\/comments?post=27764"}],"version-history":[{"count":0,"href":"https:\/\/www.europesays.com\/fr\/wp-json\/wp\/v2\/posts\/27764\/revisions"}],"wp:featuredmedia":[{"embeddable":true,"href":"https:\/\/www.europesays.com\/fr\/wp-json\/wp\/v2\/media\/27765"}],"wp:attachment":[{"href":"https:\/\/www.europesays.com\/fr\/wp-json\/wp\/v2\/media?parent=27764"}],"wp:term":[{"taxonomy":"category","embeddable":true,"href":"https:\/\/www.europesays.com\/fr\/wp-json\/wp\/v2\/categories?post=27764"},{"taxonomy":"post_tag","embeddable":true,"href":"https:\/\/www.europesays.com\/fr\/wp-json\/wp\/v2\/tags?post=27764"}],"curies":[{"name":"wp","href":"https:\/\/api.w.org\/{rel}","templated":true}]}}