{"id":277640,"date":"2025-07-27T15:27:16","date_gmt":"2025-07-27T15:27:16","guid":{"rendered":"https:\/\/www.europesays.com\/fr\/277640\/"},"modified":"2025-07-27T15:27:16","modified_gmt":"2025-07-27T15:27:16","slug":"volley-le-documentaire-sur-vandoeuvre-nancy-en-prime-time-a-la-television","status":"publish","type":"post","link":"https:\/\/www.europesays.com\/fr\/277640\/","title":{"rendered":"Volley. Le documentaire sur Vandoeuvre Nancy en \u00ab prime time \u00bb \u00e0 la t\u00e9l\u00e9vision"},"content":{"rendered":"<p>Avis aux fans du VNVB et plus g\u00e9n\u00e9ralement aux amateurs de volley ! Avis, surtout, \u00e0 ceux qui n\u2019avaient pas eu l\u2019occasion de voir le film sur grand \u00e9cran, le 13 mai dernier, au Kin\u00e9polis de Nancy !<\/p>\n<p>La cha\u00eene \u00ab Sport en France \u00bb propose une s\u00e9ance de rattrapage, en \u00ab prime time \u00bb. Ce lundi 28 juillet, \u00e0 partir de 21h, elle diffusera <a href=\"https:\/\/www.estrepublicain.fr\/sport\/2025\/05\/13\/la-saison-du-vnvb-en-documentaire-sylvain-krantz-veut-montrer-la-realite-de-ce-sport-sous-mediatise\" target=\"_blank\" rel=\"noopener\">le documentaire r\u00e9alis\u00e9 par Sylvain Krantz<\/a>. Rappelons que le film retrace l\u2019\u00e9pop\u00e9e du VNVB, lors de la saison 2024-2025.<\/p>\n<p>Ce contenu est bloqu\u00e9 car vous n&rsquo;avez pas accept\u00e9 les cookies et autres traceurs.<\/p>\n<p>En cliquant sur \u00ab J\u2019accepte \u00bb, les cookies et autres traceurs seront d\u00e9pos\u00e9s et vous pourrez visualiser les contenus  (<a href=\"\" class=\"consentModule_policy\" target=\"_blank\" title=\"Consulter la politique de protection des donn\u00e9es du fournisseur\">plus d&rsquo;informations<\/a>).<\/p>\n<p>En cliquant sur \u00ab J\u2019accepte tous les cookies \u00bb, vous autorisez des d\u00e9p\u00f4ts de cookies et autres traceurs pour le stockage de vos donn\u00e9es sur nos sites et applications \u00e0 des fins de personnalisation et de ciblage publicitaire.<\/p>\n<p class=\"consentModule_secondaryText\">Vous gardez la possibilit\u00e9 de retirer votre consentement \u00e0 tout moment en consultant notre <a href=\"https:\/\/www.estrepublicain.fr\/protection-des-donnees\" target=\"_blank\" title=\"Consulter notre politique de protection des donn\u00e9es\" rel=\"noopener\">politique de protection des donn\u00e9es<\/a>. <br \/>&#13;<br \/>\n            <a href=\"https:\/\/www.estrepublicain.fr\/sport\/2025\/07\/27\/javascript:Didomi.notice.show()\" class=\"consentModule_cmp\" target=\"_blank\" rel=\"noopener\">G\u00e9rer mes choix<\/a>&#13;\n        <\/p>\n<p>&#13;<br \/>\n                        J&rsquo;accepte&#13;<br \/>\n            J&rsquo;accepte tous les cookies&#13;\n        <\/p>\n<p>Une derni\u00e8re plong\u00e9e dans les coulisses de cette belle aventure, avant de se projeter d\u00e9finitivement vers la prochaine saison, avec un effectif enti\u00e8rement renouvel\u00e9 et d\u00e9sormais au complet. <\/p>\n","protected":false},"excerpt":{"rendered":"Avis aux fans du VNVB et plus g\u00e9n\u00e9ralement aux amateurs de volley ! Avis, surtout, \u00e0 ceux qui&hellip;\n","protected":false},"author":2,"featured_media":277641,"comment_status":"","ping_status":"","sticky":false,"template":"","format":"standard","meta":{"footnotes":""},"categories":[9635],"tags":[1111,11,1704,1777,674,1701,1011,27,775,6364,1702,12,25,517,1700,5711,1750,1632],"class_list":{"0":"post-277640","1":"post","2":"type-post","3":"status-publish","4":"format-standard","5":"has-post-thumbnail","7":"category-nancy","8":"tag-actu","9":"tag-actualites","10":"tag-edition-nancy-et-agglomeration","11":"tag-eu","12":"tag-europe","13":"tag-fil-info-sport","14":"tag-fr","15":"tag-france","16":"tag-grand-est","17":"tag-metropole-du-grand-nancy-54b1","18":"tag-nancy","19":"tag-news","20":"tag-republique-francaise","21":"tag-sport","22":"tag-sport-lorrain","23":"tag-vandoeuvre-les-nancy","24":"tag-vnvb","25":"tag-volley-ball"},"share_on_mastodon":{"url":"https:\/\/pubeurope.com\/@fr\/114925905027474564","error":""},"_links":{"self":[{"href":"https:\/\/www.europesays.com\/fr\/wp-json\/wp\/v2\/posts\/277640","targetHints":{"allow":["GET"]}}],"collection":[{"href":"https:\/\/www.europesays.com\/fr\/wp-json\/wp\/v2\/posts"}],"about":[{"href":"https:\/\/www.europesays.com\/fr\/wp-json\/wp\/v2\/types\/post"}],"author":[{"embeddable":true,"href":"https:\/\/www.europesays.com\/fr\/wp-json\/wp\/v2\/users\/2"}],"replies":[{"embeddable":true,"href":"https:\/\/www.europesays.com\/fr\/wp-json\/wp\/v2\/comments?post=277640"}],"version-history":[{"count":0,"href":"https:\/\/www.europesays.com\/fr\/wp-json\/wp\/v2\/posts\/277640\/revisions"}],"wp:featuredmedia":[{"embeddable":true,"href":"https:\/\/www.europesays.com\/fr\/wp-json\/wp\/v2\/media\/277641"}],"wp:attachment":[{"href":"https:\/\/www.europesays.com\/fr\/wp-json\/wp\/v2\/media?parent=277640"}],"wp:term":[{"taxonomy":"category","embeddable":true,"href":"https:\/\/www.europesays.com\/fr\/wp-json\/wp\/v2\/categories?post=277640"},{"taxonomy":"post_tag","embeddable":true,"href":"https:\/\/www.europesays.com\/fr\/wp-json\/wp\/v2\/tags?post=277640"}],"curies":[{"name":"wp","href":"https:\/\/api.w.org\/{rel}","templated":true}]}}