{"id":277646,"date":"2025-07-27T15:32:09","date_gmt":"2025-07-27T15:32:09","guid":{"rendered":"https:\/\/www.europesays.com\/fr\/277646\/"},"modified":"2025-07-27T15:32:09","modified_gmt":"2025-07-27T15:32:09","slug":"voici-les-principales-infos-de-la-semaine-a-rouen","status":"publish","type":"post","link":"https:\/\/www.europesays.com\/fr\/277646\/","title":{"rendered":"voici les principales infos de la semaine \u00e0 Rouen"},"content":{"rendered":"<p>            Par<br \/>\n        <strong><br \/>\n            <a href=\"https:\/\/actu.fr\/auteur\/eaube\" title=\"Consulter tous les articles de Elo\u00efse Aub\u00e9\" rel=\"nofollow noopener\" target=\"_blank\">Elo\u00efse Aub\u00e9<\/a><br \/>\n        <\/strong><\/p>\n<p>        Publi\u00e9 le<\/p>\n<p>            27 juil. 2025 \u00e0 17h14        <\/p>\n<p>La semaine s\u2019ach\u00e8ve \u00e0 <a href=\"https:\/\/actu.fr\/normandie\/rouen_76540\" rel=\"nofollow noopener\" target=\"_blank\">Rouen<\/a>. L\u2019occasion de replonger dans les actualit\u00e9s qui ont marqu\u00e9 la ville aux cent clochers cette semaine. Pour \u00e7a, on vous r\u00e9sume les principales informations entre le 21 et le 27\u00a0juillet 2025<\/p>\n<p>Les infos de la semaine<\/p>\n<p class=\"expresso-item wall-content\"><a title=\"Lire l&#039;article\" href=\"https:\/\/actu.fr\/normandie\/rouen_76540\/comment-se-porte-le-commerce-rue-de-la-republique-a-rouen-cette-rue-mal-aimee-de-la-rive-droite_62949148.html\" rel=\"nofollow noopener\" target=\"_blank\"><strong>Comment se porte le commerce rue de la R\u00e9publique \u00e0 Rouen, cette rue mal-aim\u00e9e de la rive droite\u2009?<\/strong><\/a><br \/>La rue de la R\u00e9publique \u00e0 Rouen (Seine-Maritime) est une art\u00e8re du centre-ville qui comprend de nombreuses cases vides, mais aussi des enseignes int\u00e9ressantes.<\/p>\n<p class=\"expresso-item wall-content\"><a title=\"Lire l&#039;article\" href=\"https:\/\/actu.fr\/normandie\/saint-etienne-du-rouvray_76575\/neuf-ans-apres-l-attentat-de-saint-etienne-du-rouvray-des-medailles-pour-les-religieux-victimes-du-terrorisme_62943434.html\" rel=\"nofollow noopener\" target=\"_blank\"><strong>Neuf ans apr\u00e8s l\u2019attentat de Saint-\u00c9tienne-du-Rouvray, des m\u00e9dailles pour les religieux victimes du terrorisme<\/strong><\/a><br \/>Cinq religieux, dont le P\u00e8re Hamel, tu\u00e9 lors de l\u2019attentat de l\u2019\u00e9glise Saint-\u00c9tienne-du-Rouvray en 2016, vont recevoir une m\u00e9daille de reconnaissance aux victimes du terrorisme.<\/p>\n<p class=\"expresso-item wall-content\"><a title=\"Lire l&#039;article\" href=\"https:\/\/actu.fr\/normandie\/rouen_76540\/brillant-humble-et-passionne-un-chercheur-en-informatique-de-rouen-tue-en-syrie_62938390.html\" rel=\"nofollow noopener\" target=\"_blank\"><strong>\u00ab\u2009Brillant, humble et passionn\u00e9\u2009\u00bb\u2009: un chercheur en informatique de Rouen tu\u00e9 en Syrie<\/strong><\/a><br \/>Firas Abou Latif, chercheur \u00e0 Rouen (Seine-Maritime) a \u00e9t\u00e9 tu\u00e9 en Syrie jeudi 17\u00a0juillet 2025. Un drame qui a eu lieu en marge des violences perp\u00e9tr\u00e9es contre les Druzes en Syrie.<\/p>\n<p class=\"expresso-item wall-content\"><a title=\"Lire l&#039;article\" href=\"https:\/\/actu.fr\/normandie\/rouen_76540\/rouen-le-pont-guillaume-en-travaux-apres-l-accident-de-grue-combien-ca-coute-et-qui-va-payer_62949117.html\" rel=\"nofollow noopener\" target=\"_blank\"><strong>Rouen. Le pont Guillaume en travaux apr\u00e8s l\u2019accident de grue\u2009: combien \u00e7a co\u00fbte et qui va payer\u2009?<\/strong><\/a><br \/>Le 28\u00a0juillet 2025, les travaux de r\u00e9habilitation du Guillaume-le-Conqu\u00e9rant, \u00e0 Rouen (Seine-Maritime), vont d\u00e9buter. Un chantier estim\u00e9 \u00e0 1\u00a0million d\u2019euros. Mais qui va payer\u2009?<\/p>\n<p class=\"expresso-item wall-content\"><a title=\"Lire l&#039;article\" href=\"https:\/\/actu.fr\/normandie\/saint-pierre-les-elbeuf_76640\/je-voulais-juste-discuter-avec-elle-un-homme-fait-vivre-un-calvaire-a-son-ex-conjointe-pres-de-rouen_62942367.html\" rel=\"nofollow noopener\" target=\"_blank\"><strong>\u00ab\u2009C\u2019est \u00e9norme ce qui m\u2019est reproch\u00e9\u2009\u00bb\u2009: un homme fait vivre un calvaire \u00e0 son ex pr\u00e8s de Rouen<\/strong><\/a><br \/>Un homme a \u00e9t\u00e9 jug\u00e9 ce lundi 21\u00a0juillet au tribunal judiciaire de Rouen, pour des faits de violence sur son ex-conjointe chez elle, le 20\u00a0juillet, \u00e0 Saint-Pierre-l\u00e8s-Elbeuf.<\/p>\n<p>Bon \u00e0 savoir<\/p>\n<p class=\"expresso-item wall-content\"><a title=\"Lire l&#039;article\" href=\"https:\/\/actu.fr\/normandie\/rouen_76540\/envie-de-devenir-chauffeur-de-taxi-ou-de-vtc-une-nouvelle-ecole-ouvre-ses-portes-a-rouen_62947875.html\" rel=\"nofollow noopener\" target=\"_blank\"><strong>Envie de devenir chauffeur de taxi ou de VTC\u2009? Une nouvelle \u00e9cole ouvre ses portes \u00e0 Rouen<\/strong><\/a><br \/>Horizon Transports Formations vient d\u2019ouvrir ses portes dans l\u2019agglo de Rouen. L\u2019\u00e9cole propose des formations dans le transport de personnes et de marchandises. Pr\u00e9sentation.<\/p>\n<p class=\"expresso-item wall-content\"><a title=\"Lire l&#039;article\" href=\"https:\/\/actu.fr\/normandie\/rouen_76540\/pas-de-monnaie-sur-vous-dans-ce-bar-de-rouen-vous-pouvez-regler-l-addition-en-bitcoin_62928857.html\" rel=\"nofollow noopener\" target=\"_blank\"><strong>Pas de monnaie sur vous\u2009? Dans ce bar de Rouen, vous pouvez r\u00e9gler l\u2019addition en Bitcoin<\/strong><\/a><br \/>Depuis janvier\u00a02025, le Bar des Fleurs \u00e0 Rouen propose \u00e0 ses clients de payer en Bitcoin, symbole de l\u2019ouverture naissante \u00e0 la cryptomonnaie chez les commer\u00e7ants rouennais.<\/p>\n<p class=\"expresso-item wall-content\"><a title=\"Lire l&#039;article\" href=\"https:\/\/actu.fr\/normandie\/rouen_76540\/on-sait-ce-qui-va-remplacer-pitaya-rue-du-gros-horloge-a-rouen-et-ca-recrute_62935079.html\" rel=\"nofollow noopener\" target=\"_blank\"><strong>On sait ce qui va remplacer Pitaya, rue du Gros Horloge \u00e0 Rouen (et \u00e7a recrute)<\/strong><\/a><br \/>Subitement ferm\u00e9 en d\u00e9but d\u2019ann\u00e9e 2025, le restaurant Pitaya de la rue du Gros Horloge \u00e0 Rouen va prochainement \u00eatre remplac\u00e9 par une nouvelle enseigne.<\/p>\n<p class=\"expresso-item wall-content\"><a title=\"Lire l&#039;article\" href=\"https:\/\/actu.fr\/normandie\/rouen_76540\/carte-secteurs-a-eviter-chantiers-ou-sont-les-travaux-a-rouen-cet-ete_62916901.html\" rel=\"nofollow noopener\" target=\"_blank\"><strong>CARTE. Secteurs \u00e0 \u00e9viter, chantiers\u2026 O\u00f9 sont les travaux \u00e0 Rouen cet \u00e9t\u00e9\u2009?<\/strong><\/a><br \/>Les travaux de l\u2019\u00e9t\u00e9 d\u00e9marrent un peu partout dans Rouen. Secteurs \u00e0 \u00e9viter en voiture, type de chantiers, etc. On fait le point avec une carte d\u00e9taill\u00e9e entre les deux rives.<\/p>\n<p class=\"expresso-item wall-content\"><a title=\"Lire l&#039;article\" href=\"https:\/\/actu.fr\/normandie\/rouen_76540\/kayak-paddle-voile-a-rouen-des-activites-pour-profiter-du-nouveau-canal-de-la-seine-pendant-l-ete_62942861.html\" rel=\"nofollow noopener\" target=\"_blank\"><strong>Kayak, paddle, voile\u2026 \u00c0 Rouen, des activit\u00e9s pour profiter du nouveau canal de la Seine pendant l\u2019\u00e9t\u00e9<\/strong><\/a><br \/>Des loisirs en tout genre sont propos\u00e9s chaque dimanche du 20\u00a0juillet au 24\u00a0ao\u00fbt 2025 \u00e0 Rouen (Seine-Maritime) au canal Camille-Claudel. Pr\u00e9sentation.<\/p>\n<p>Suivez l\u2019actualit\u00e9 de Rouen sur notre <a href=\"https:\/\/www.whatsapp.com\/channel\/0029VaKfnf99hXF2ddApFB1D\" rel=\"nofollow noopener\" target=\"_blank\">cha\u00eene WhatsApp<\/a> et sur notre <a href=\"https:\/\/www.tiktok.com\/@76actu.fr?lang=fr\" rel=\"nofollow noopener\" target=\"_blank\">compte TikTok<\/a><\/p>\n<p class=\" wall-content\">Suivez toute l\u2019actualit\u00e9 de vos villes et m\u00e9dias favoris en vous inscrivant \u00e0 <a href=\"https:\/\/moncompte.actu.fr\" title=\"D\u00e9couvez Mon Actu\" rel=\"nofollow noopener\" data-trk=\"{&quot;cta&quot;:{&quot;action&quot;:&quot;https:\\\/\\\/moncompte.actu.fr&quot;,&quot;category&quot;:&quot;mon compte&quot;,&quot;from&quot;:&quot;article footer&quot;,&quot;name&quot;:&quot;Mon actu&quot;,&quot;type&quot;:&quot;cta&quot;}}\" target=\"_blank\">Mon Actu<\/a>.<\/p>\n<p>                    <script async src=\"\/\/www.tiktok.com\/embed.js\"><\/script><\/p>\n","protected":false},"excerpt":{"rendered":"Par Elo\u00efse Aub\u00e9 Publi\u00e9 le 27 juil. 2025 \u00e0 17h14 La semaine s\u2019ach\u00e8ve \u00e0 Rouen. L\u2019occasion de replonger&hellip;\n","protected":false},"author":2,"featured_media":277647,"comment_status":"","ping_status":"","sticky":false,"template":"","format":"standard","meta":{"footnotes":""},"categories":[9587],"tags":[1111,11,9086,215,1777,674,1011,27,12,5161,25,9590,104,2086],"class_list":{"0":"post-277646","1":"post","2":"type-post","3":"status-publish","4":"format-standard","5":"has-post-thumbnail","7":"category-rouen","8":"tag-actu","9":"tag-actualites","10":"tag-bon-plan-a-rouen","11":"tag-commerce","12":"tag-eu","13":"tag-europe","14":"tag-fr","15":"tag-france","16":"tag-news","17":"tag-normandie","18":"tag-republique-francaise","19":"tag-rouen","20":"tag-societe","21":"tag-travaux"},"share_on_mastodon":{"url":"https:\/\/pubeurope.com\/@fr\/114925924755369053","error":""},"_links":{"self":[{"href":"https:\/\/www.europesays.com\/fr\/wp-json\/wp\/v2\/posts\/277646","targetHints":{"allow":["GET"]}}],"collection":[{"href":"https:\/\/www.europesays.com\/fr\/wp-json\/wp\/v2\/posts"}],"about":[{"href":"https:\/\/www.europesays.com\/fr\/wp-json\/wp\/v2\/types\/post"}],"author":[{"embeddable":true,"href":"https:\/\/www.europesays.com\/fr\/wp-json\/wp\/v2\/users\/2"}],"replies":[{"embeddable":true,"href":"https:\/\/www.europesays.com\/fr\/wp-json\/wp\/v2\/comments?post=277646"}],"version-history":[{"count":0,"href":"https:\/\/www.europesays.com\/fr\/wp-json\/wp\/v2\/posts\/277646\/revisions"}],"wp:featuredmedia":[{"embeddable":true,"href":"https:\/\/www.europesays.com\/fr\/wp-json\/wp\/v2\/media\/277647"}],"wp:attachment":[{"href":"https:\/\/www.europesays.com\/fr\/wp-json\/wp\/v2\/media?parent=277646"}],"wp:term":[{"taxonomy":"category","embeddable":true,"href":"https:\/\/www.europesays.com\/fr\/wp-json\/wp\/v2\/categories?post=277646"},{"taxonomy":"post_tag","embeddable":true,"href":"https:\/\/www.europesays.com\/fr\/wp-json\/wp\/v2\/tags?post=277646"}],"curies":[{"name":"wp","href":"https:\/\/api.w.org\/{rel}","templated":true}]}}