{"id":277650,"date":"2025-07-27T15:37:09","date_gmt":"2025-07-27T15:37:09","guid":{"rendered":"https:\/\/www.europesays.com\/fr\/277650\/"},"modified":"2025-07-27T15:37:09","modified_gmt":"2025-07-27T15:37:09","slug":"cette-femme-se-mobilise-pour-laider","status":"publish","type":"post","link":"https:\/\/www.europesays.com\/fr\/277650\/","title":{"rendered":"cette femme se mobilise pour l&rsquo;aider"},"content":{"rendered":"<p>            Par<br \/>\n        <strong><br \/>\n            <a href=\"https:\/\/actu.fr\/auteur\/lou-batteux\" title=\"Consulter tous les articles de Lou Batteux\" target=\"_blank\" rel=\"noopener\">Lou Batteux<\/a><br \/>\n        <\/strong><\/p>\n<p>        Publi\u00e9 le<\/p>\n<p>            27 juil. 2025 \u00e0 16h42        <\/p>\n<p>C\u2019est <strong>un des nombreux exemples des vies bris\u00e9es<\/strong> par la <a href=\"https:\/\/actu.fr\/tag\/guerre-israel-hamas\" target=\"_blank\" rel=\"noopener\">guerre men\u00e9e dans la bande de Gaza entre Isra\u00ebl et le Hamas<\/a>. <strong>Bashar Al Belbesy, 25\u00a0ans,<\/strong> a vu son destin boulevers\u00e9 alors qu\u2019il arrivait au bout de ses \u00e9tudes. Depuis le d\u00e9but du conflit, le jeune homme s\u2019est consacr\u00e9 \u00e0 aider les autres \u00e0 travers sa passion pour la danse. Mais, aujourd\u2019hui, son \u00e9tat n\u00e9cessiterait son transfert en France. Cela est <strong>rendu compliqu\u00e9 par le conflit<\/strong>. Pour autant, \u00e0 <a href=\"https:\/\/actu.fr\/rennes\/\" target=\"_blank\" rel=\"noopener\">Rennes<\/a>, une m\u00e9decin et des \u00e9lus se mobilisent pour y arriver.<\/p>\n<p class=\" wall-content\">Avant l\u2019attaque du Hamas, Bashar Al Belbesy finissait ses \u00e9tudes \u00e0 Gaza <strong>pour devenir pharmacien<\/strong>. En m\u00eame temps, il montait des spectacles avec sa <strong>troupe de danse Al-Fursan<\/strong>, dont il est le directeur. En 2023, le collectif a r\u00e9alis\u00e9 une tourn\u00e9e dans <strong>une dizaine de\u00a0villes fran\u00e7aises<\/strong>.<\/p>\n<p>Des liens \u00e9troits avec la Bretagne<\/p>\n<p class=\" wall-content\">C\u2019est lors d\u2019une repr\u00e9sentation \u00e0 Morlaix, \u00e0 l\u2019occasion de la diffusion du documentaire <strong>Yallah Gaza<\/strong>, que Bashar fait la rencontre de <strong>Catherine Le Scolan<\/strong>, m\u00e9decin g\u00e9n\u00e9raliste et photographe. Les deux artistes deviennent rapidement amis et <strong>restent en contact<\/strong>. En novembre\u00a02024, Catherine r\u00e9alise une mission \u00e0 l\u2019h\u00f4pital Nasser, \u00e0 Gaza, et elle en profite pour le revoir.<\/p>\n<p class=\" wall-content\">Avec le d\u00e9clenchement du conflit, il n\u2019a pas pu obtenir son dipl\u00f4me de pharmacien. Malgr\u00e9 cela,<strong> il travaille b\u00e9n\u00e9volement dans une tente m\u00e9dicale<\/strong>. La guerre se poursuivant, il se tourne vers sa passion. \u00ab\u2009Il d\u00e9cide alors d\u2019<strong>utiliser la danse comme une th\u00e9rapie pour les enfants,<\/strong> en leur apprenant \u00e0 danser le dabkeh\u2009\u00bb, une danse traditionnelle palestinienne, mais aussi en leur donnant \u00ab\u2009des cours de yoga tous les jours sous les bombes\u2009\u00bb.<\/p>\n<blockquote class=\"ac-article-quote wall-content\">\n<p>Lorsque je l&rsquo;appelais, il ne me parlait jamais de la guerre, mais seulement de ses projets artistiques.<\/p>\n<p>    <strong>Catherine Le Scolan<\/strong><br \/>\n        M\u00e9decin et photographe rennaise sensible \u00e0 la cause palestinienne    <\/p><\/blockquote>\n<p>\u00ab\u2009Il risque de perdre sa jambe\u2009\u00bb<\/p>\n<p class=\" wall-content\"><strong>Lundi 30\u00a0juin 2025, \u00e0 16h<\/strong>, Catherine Le Scolan re\u00e7oit un appel de Manar, la maman de Bashar Al Belbesy. Au bout du fil, des cris et des pleurs. La Rennaise comprend qu\u2019<strong>un drame est arriv\u00e9<\/strong>. Le caf\u00e9 dans lequel se trouvait Bashar Al Belbesy a \u00e9t\u00e9 bombard\u00e9 par l\u2019arm\u00e9e isra\u00e9lienne et 80\u2009% de ses amis sont morts. S\u2019il fait partie des rares survivants, <strong>le jeune danseur a \u00e9t\u00e9 gri\u00e8vement bless\u00e9 \u00e0 la jambe<\/strong>. Transf\u00e9r\u00e9 \u00e0 l\u2019h\u00f4pital d\u2019Al-Shifa, dans la ville de Gaza, il est \u00ab\u2009compl\u00e8tement algique\u2009\u00bb, apprend Manar \u00e0 Catherine.<\/p>\n<blockquote class=\"ac-article-quote wall-content\">\n<p>Au vu des d\u00e9g\u00e2ts, la blessure aurait d\u00fb \u00eatre trait\u00e9e dans les sept jours. \u00c0 Al-Shifa, les docteurs sont comp\u00e9tents, mais trop d\u00e9bord\u00e9s pour le soigner correctement. Il risque de perdre sa jambe.<\/p>\n<p>    <strong>Catherine Le Scolan<\/strong><br \/>\n        M\u00e9decin et photographe rennaise sensible \u00e0 la cause palestinienne    <\/p><\/blockquote>\n<p class=\" wall-content\">Son \u00e9tat n\u00e9cessite une <strong>\u00e9vacuation sanitaire urgente.<\/strong> Catherine Le Scolan a alors sonn\u00e9 l\u2019alerte \u00e0 Rennes. Le jour m\u00eame, elle a t\u00e9moign\u00e9 du cas de Bashar lors d\u2019un <a href=\"https:\/\/actu.fr\/bretagne\/rennes_35238\/narcotrafic-a-rennes-les-bailleurs-sociaux-trop-peu-impliques-l-intervention-piquante-du-prefet_62850648.html\" target=\"_blank\" rel=\"noopener\">conseil municipal<\/a>. Depuis,<strong> des \u00e9lus bretons se mobilisent \u00e0 ses c\u00f4t\u00e9s<\/strong> pour venir en aide au jeune palestinien et \u00e0 sa famille.<\/p>\n<p>Des soutiens engag\u00e9s<\/p>\n<p class=\" wall-content\"><strong>Nathalie App\u00e9r\u00e9<\/strong>, maire de Rennes, a d\u2019abord saisi le conseiller diplomatique du Pr\u00e9fet \u00e0 ce sujet. Le dimanche 6\u00a0juillet, Lo\u00efg Chesnais-Girard, pr\u00e9sident du conseil r\u00e9gional de Bretagne, a transmis <strong>une lettre au ministre des Affaires \u00e9trang\u00e8res de passage \u00e0 Rennes<\/strong>, r\u00e9sumant la gravit\u00e9 de la situation.<\/p>\n<p class=\" wall-content\">La <strong>Maison Internationale de Rennes<\/strong> (MIR), qui a d\u00e9j\u00e0 accueilli Bashar par le pass\u00e9, a pr\u00e9par\u00e9 une salle de danse \u00e0 sa disposition pour qu\u2019il puisse continuer de s\u2019entra\u00eener. \u00ab\u2009\u00c0 <strong>Pontchaillou<\/strong>, une \u00e9quipe d\u2019orthop\u00e9die se tient pr\u00eate \u00e0 le prendre en charge d\u00e8s son arriv\u00e9e.\u2009\u00bb<\/p>\n<blockquote class=\"ac-article-quote wall-content\">\n<p>Le pays de c\u0153ur de Bashar est pr\u00eat \u00e0 l&rsquo;accueillir. On a r\u00e9ussi \u00e0 l&rsquo;inscrire en licence Arts du spectacle, \u00e0 Rennes 2, pour la rentr\u00e9e 2025. M\u00eame si on est sur la bonne voie actuellement, on n&rsquo;est pas s\u00fbr qu&rsquo;il puisse arriver \u00e0 temps \u00e0 Rennes, ni m\u00eame qu&rsquo;il soit en capacit\u00e9 de continuer \u00e0 danser.<\/p>\n<p>    <strong>Catherine Le Scolan<\/strong><br \/>\n        M\u00e9decin et photographe rennaise sensible \u00e0 la cause palestinienne    <\/p><\/blockquote>\n<p class=\" wall-content\">Dans sa lettre adress\u00e9e \u00e0 Jean-No\u00ebl Barrot, le pr\u00e9sident du conseil r\u00e9gional de Bretagne soutient que \u00ab\u2009Monsieur Al Belbesy incarne, au c\u0153ur d\u2019un territoire martyris\u00e9, <strong>un combat pour la culture, la transmission et l\u2019humanit\u00e9<\/strong>.\u2009\u00bb<\/p>\n<p class=\" wall-content\">Tous travaillent intens\u00e9ment pour que le transfert ait lieu d\u00e8s que possible. Si vous souhaitez <strong>t\u00e9moigner de votre soutien \u00e0 Bashar<\/strong> aupr\u00e8s de ses amis qui se battent pour le sauver, rendez-vous sur <a href=\"https:\/\/www.change.org\/p\/save-bashar-save-al-foursan\" target=\"_blank\" rel=\"noopener\">ce site pour signer la p\u00e9tition<\/a> \u00ab\u00a0Save Bashar! Save Al-Foursan!\u00a0\u00bb.<\/p>\n<p class=\" wall-content\">Suivez toute l\u2019actualit\u00e9 de vos villes et m\u00e9dias favoris en vous inscrivant \u00e0 <a href=\"https:\/\/moncompte.actu.fr\" title=\"D\u00e9couvez Mon Actu\" rel=\"nofollow noopener\" data-trk=\"{&quot;cta&quot;:{&quot;action&quot;:&quot;https:\\\/\\\/moncompte.actu.fr&quot;,&quot;category&quot;:&quot;mon compte&quot;,&quot;from&quot;:&quot;article footer&quot;,&quot;name&quot;:&quot;Mon actu&quot;,&quot;type&quot;:&quot;cta&quot;}}\" target=\"_blank\">Mon Actu<\/a>.<\/p>\n","protected":false},"excerpt":{"rendered":"Par Lou Batteux Publi\u00e9 le 27 juil. 2025 \u00e0 16h42 C\u2019est un des nombreux exemples des vies bris\u00e9es&hellip;\n","protected":false},"author":2,"featured_media":277651,"comment_status":"","ping_status":"","sticky":false,"template":"","format":"standard","meta":{"footnotes":""},"categories":[2821],"tags":[1111,11,829,1777,674,1011,27,665,5643,12,584,3538,25,104],"class_list":{"0":"post-277650","1":"post","2":"type-post","3":"status-publish","4":"format-standard","5":"has-post-thumbnail","7":"category-rennes","8":"tag-actu","9":"tag-actualites","10":"tag-bretagne","11":"tag-eu","12":"tag-europe","13":"tag-fr","14":"tag-france","15":"tag-gaza","16":"tag-guerre-israel-hamas","17":"tag-news","18":"tag-rennes","19":"tag-rennes-2","20":"tag-republique-francaise","21":"tag-societe"},"share_on_mastodon":{"url":"https:\/\/pubeurope.com\/@fr\/114925944439068976","error":""},"_links":{"self":[{"href":"https:\/\/www.europesays.com\/fr\/wp-json\/wp\/v2\/posts\/277650","targetHints":{"allow":["GET"]}}],"collection":[{"href":"https:\/\/www.europesays.com\/fr\/wp-json\/wp\/v2\/posts"}],"about":[{"href":"https:\/\/www.europesays.com\/fr\/wp-json\/wp\/v2\/types\/post"}],"author":[{"embeddable":true,"href":"https:\/\/www.europesays.com\/fr\/wp-json\/wp\/v2\/users\/2"}],"replies":[{"embeddable":true,"href":"https:\/\/www.europesays.com\/fr\/wp-json\/wp\/v2\/comments?post=277650"}],"version-history":[{"count":0,"href":"https:\/\/www.europesays.com\/fr\/wp-json\/wp\/v2\/posts\/277650\/revisions"}],"wp:featuredmedia":[{"embeddable":true,"href":"https:\/\/www.europesays.com\/fr\/wp-json\/wp\/v2\/media\/277651"}],"wp:attachment":[{"href":"https:\/\/www.europesays.com\/fr\/wp-json\/wp\/v2\/media?parent=277650"}],"wp:term":[{"taxonomy":"category","embeddable":true,"href":"https:\/\/www.europesays.com\/fr\/wp-json\/wp\/v2\/categories?post=277650"},{"taxonomy":"post_tag","embeddable":true,"href":"https:\/\/www.europesays.com\/fr\/wp-json\/wp\/v2\/tags?post=277650"}],"curies":[{"name":"wp","href":"https:\/\/api.w.org\/{rel}","templated":true}]}}