{"id":277654,"date":"2025-07-27T15:40:25","date_gmt":"2025-07-27T15:40:25","guid":{"rendered":"https:\/\/www.europesays.com\/fr\/277654\/"},"modified":"2025-07-27T15:40:25","modified_gmt":"2025-07-27T15:40:25","slug":"le-rc-strasbourg-investit-20-millions-sur-la-revelation-de-d2-espagnole-france-rc-strasbourg","status":"publish","type":"post","link":"https:\/\/www.europesays.com\/fr\/277654\/","title":{"rendered":"Le RC Strasbourg investit 20 millions sur la r\u00e9v\u00e9lation de D2 espagnole &#8211; France &#8211; RC Strasbourg"},"content":{"rendered":"<p>Paniche-buy.<\/p>\n<p>C\u2019est officiel : Chelsea <strong>Strasbourg<\/strong> a d\u00e9cid\u00e9 de claquer <strong>20 millions d\u2019euros (16,5 plus 3,5 de bonus)<\/strong>\u00a0sur un joueur de deuxi\u00e8me division espagnole. Mais pas n\u2019importe lequel : il s\u2019agit de <strong>Joaqu\u00edn Panichelli<\/strong>, attaquant argentin de 22 ans, <strong>pr\u00eat\u00e9 cette saison au CD Mirand\u00e9s<\/strong> par le Deportivo Alav\u00e9s, et qui y a fait des \u00e9tincelles : 44 matchs, 21 buts, mais aussi 8 passes d\u00e9 (dont 3 lors de la demi-finale aller des barrages de promotion, face au Racing Santander). <a target=\"_blank\" href=\"https:\/\/www.sofoot.com\/articles\/chelsea-pourquoi-le-club-fait-signer-des-contrats-longue-duree-angleterre\" rel=\"noopener nofollow\">Comme le veut la tradition<\/a> avec Chelsea le groupe BlueCo, il s\u2019engage pour cinq saisons.<\/p>\n<blockquote class=\"twitter-tweet-lazy\">\n<p dir=\"ltr\" lang=\"fr\">48\u00b042\u203224\u2033N, 7\u00b019\u203229\u2033E \ud83e\udded<\/p>\n<p>\ud835\udc0d\ud835\udc28\ud835\udc2e\ud835\udc2c, au coeur du massif vosgien. <a target=\"_blank\" href=\"https:\/\/t.co\/urB3fobsMz\" rel=\"nofollow\">pic.twitter.com\/urB3fobsMz<\/a><\/p>\n<p>\u2014 Racing Club de Strasbourg Alsace (@RCSA) <a target=\"_blank\" href=\"https:\/\/twitter.com\/RCSA\/status\/1949394335310721355?ref_src=twsrc%5Etfw\" rel=\"nofollow noopener\">July 27, 2025<\/a><\/p>\n<\/blockquote>\n<p>Gr\u00e2ce \u00e0 Panichelli, Mirand\u00e9s a \u00e9t\u00e9 tout proche d\u2019aller chercher la mont\u00e9e, ne s\u2019inclinant qu\u2019en finale des playoffs <a target=\"_blank\" href=\"https:\/\/www.sofoot.com\/articles\/santi-cazorla-et-le-real-oviedo-destins-lies-pour-revenir-en-liga-24-ans-apres-la-derniere-saison-du-club-dans-lelite\" rel=\"noopener nofollow\">contre le Real Oviedo de Santi Cazorla<\/a> (1-0, 1-3 apr\u00e8s prolongation). Arriv\u00e9 libre \u00e0 Alav\u00e9s en janvier 2023 en provenance de River Plate, l\u2019avant-centre y a disput\u00e9 seulement 8 matchs de Liga (2 titularisations, aucun but).<\/p>\n<p>La naissance d\u2019une doublette avec Emanuel Emegha ?<\/p>\n<p>\t\t\t\t\t\t\t\t\t\t<a class=\"lien-connexe\" href=\"https:\/\/www.sofoot.com\/breves\/arsenal-se-paye-les-magpies\" rel=\"nofollow noopener\" target=\"_blank\">Arsenal se paye les Magpies<\/a>\t\t\t\t\t<script async src=\"https:\/\/platform.twitter.com\/widgets.js\" charset=\"utf-8\"><\/script><\/p>\n","protected":false},"excerpt":{"rendered":"Paniche-buy. C\u2019est officiel : Chelsea Strasbourg a d\u00e9cid\u00e9 de claquer 20 millions d\u2019euros (16,5 plus 3,5 de bonus)\u00a0sur&hellip;\n","protected":false},"author":2,"featured_media":277655,"comment_status":"","ping_status":"","sticky":false,"template":"","format":"standard","meta":{"footnotes":""},"categories":[2820],"tags":[1111,47,11,61,69,65,64,1777,674,63,1011,27,775,68,66,12,62,70,25,67,640],"class_list":{"0":"post-277654","1":"post","2":"type-post","3":"status-publish","4":"format-standard","5":"has-post-thumbnail","7":"category-strasbourg","8":"tag-actu","9":"tag-actualite","10":"tag-actualites","11":"tag-actus-football","12":"tag-bundesliga","13":"tag-championnats-europeens","14":"tag-equipe-de-france","15":"tag-eu","16":"tag-europe","17":"tag-football","18":"tag-fr","19":"tag-france","20":"tag-grand-est","21":"tag-ligua","22":"tag-ligue-1","23":"tag-news","24":"tag-news-foot","25":"tag-premier-league","26":"tag-republique-francaise","27":"tag-serie-a","28":"tag-strasbourg"},"share_on_mastodon":{"url":"https:\/\/pubeurope.com\/@fr\/114925956210981322","error":""},"_links":{"self":[{"href":"https:\/\/www.europesays.com\/fr\/wp-json\/wp\/v2\/posts\/277654","targetHints":{"allow":["GET"]}}],"collection":[{"href":"https:\/\/www.europesays.com\/fr\/wp-json\/wp\/v2\/posts"}],"about":[{"href":"https:\/\/www.europesays.com\/fr\/wp-json\/wp\/v2\/types\/post"}],"author":[{"embeddable":true,"href":"https:\/\/www.europesays.com\/fr\/wp-json\/wp\/v2\/users\/2"}],"replies":[{"embeddable":true,"href":"https:\/\/www.europesays.com\/fr\/wp-json\/wp\/v2\/comments?post=277654"}],"version-history":[{"count":0,"href":"https:\/\/www.europesays.com\/fr\/wp-json\/wp\/v2\/posts\/277654\/revisions"}],"wp:featuredmedia":[{"embeddable":true,"href":"https:\/\/www.europesays.com\/fr\/wp-json\/wp\/v2\/media\/277655"}],"wp:attachment":[{"href":"https:\/\/www.europesays.com\/fr\/wp-json\/wp\/v2\/media?parent=277654"}],"wp:term":[{"taxonomy":"category","embeddable":true,"href":"https:\/\/www.europesays.com\/fr\/wp-json\/wp\/v2\/categories?post=277654"},{"taxonomy":"post_tag","embeddable":true,"href":"https:\/\/www.europesays.com\/fr\/wp-json\/wp\/v2\/tags?post=277654"}],"curies":[{"name":"wp","href":"https:\/\/api.w.org\/{rel}","templated":true}]}}