{"id":277659,"date":"2025-07-27T15:43:18","date_gmt":"2025-07-27T15:43:18","guid":{"rendered":"https:\/\/www.europesays.com\/fr\/277659\/"},"modified":"2025-07-27T15:43:18","modified_gmt":"2025-07-27T15:43:18","slug":"que-faire-ce-dimanche-27-juillet-2025-en-loire-atlantique-2","status":"publish","type":"post","link":"https:\/\/www.europesays.com\/fr\/277659\/","title":{"rendered":"Que faire ce dimanche 27\u00a0juillet 2025 en Loire-Atlantique\u00a0?"},"content":{"rendered":"<p>Journ\u00e9e m\u00e9di\u00e9vale \u00e0 La Turballe<\/p>\n<p>Une journ\u00e9e m\u00e9di\u00e9vale a lieu au Manoir de Br\u00e9het ce dimanche 27\u00a0juillet, de 10\u00a0h \u00e0 18\u00a0h, \u00e0 l\u2019initiative de la compagnie de Pontcastel \u00e0 La Turballe.<\/p>\n<p>52e F\u00eate des Battages \u00e0 La Chevallerais<\/p>\n<p>La 52e \u00e9dition de la F\u00eate des battages se tiendra ce dimanche \u00e0 La Chevallerais, \u00e0 partir de 10\u00a0h. Un programme riche en animations est pr\u00e9vu tout au long de la journ\u00e9e. \u00c0 lire <a href=\"https:\/\/nantes.maville.com\/actu\/actudet_-52e-fete-des-battages-a-la-chevallerais-ce-dimanche-27-juillet-_8-6913980_actu.Htm\" target=\"_self\" rel=\"noopener\">ici.<\/a><\/p>\n<p>Les Escales \u00e0 Saint-Nazaire<\/p>\n<p>Une \u00eele, trois sc\u00e8nes, un club, des restos et une sono mondiale. Les Escales continuent jusqu\u2019\u00e0 ce dimanche. Billetterie <a href=\"https:\/\/www.festival-les-escales.com\/programmation\/\" target=\"_self\" rel=\"noopener\">sur le web<\/a> ou sur place.<\/p>\n<p>Le festival Aux heures d\u2019\u00e9t\u00e9 \u00e0 Nantes<\/p>\n<p>Le festival Aux Heures d\u2019\u00e9t\u00e9 c\u2019est maintenant et jusqu\u2019au 8\u00a0ao\u00fbt \u00e0 Nantes, dans les douves du ch\u00e2teau et ailleurs. Au programme\u00a0: 5\u00a0destinations \u00e0 d\u00e9couvrir en musique, pour voyager sans quitter la ville.<\/p>\n<p>Un salon de l\u2019illustration \u00e0 Batz-sur-Mer<\/p>\n<p>Les deux premi\u00e8res \u00e9ditions du salon de l\u2019illustration ont rencontr\u00e9 un vif succ\u00e8s, tant aupr\u00e8s des artistes que du public\u00a0: pour cette troisi\u00e8me \u00e9dition, il sera encore plus grand, en accueillant plus d\u2019artistes et en ouvrant un nouvel espace contigu \u00e0 la salle des F\u00eates, derri\u00e8re la m\u00e9diath\u00e8que. Cet \u00e9v\u00e8nement, sous forme d\u2019un march\u00e9 de cr\u00e9ateurs, a pour vocation de mettre en valeur le design graphique, que le proc\u00e9d\u00e9 soit artisanal ou num\u00e9rique. \u00c0 lire<a href=\"https:\/\/labaule.maville.com\/actu\/actudet_-batz-sur-mer.-le-salon-de-l-illustration-est-de-retour-_8-6910338_actu.Htm\" target=\"_self\" rel=\"noopener\"> ici.<\/a><\/p>\n<p>Hippisme\u00a0: la 69e \u00e9dition des \u00ab\u00a0courses de Pless\u00e9\u00a0\u00bb<\/p>\n<p>La Soci\u00e9t\u00e9 hippique de Pless\u00e9 organise deux journ\u00e9es de courses les 27 et 28\u00a0juillet 2025 sur l\u2019hippodrome de Fresnay. Le dimanche 27\u00a0juillet sera marqu\u00e9 par des animations pour toute la famille\u00a0: bapt\u00eames de poney, maquillage, structure gonflable g\u00e9ante, jeux et barbe \u00e0 papa. La journ\u00e9e du 28\u00a0juillet sera d\u00e9di\u00e9e aux courses de Trot-Obstacle, dont le Prix de la Ville de Pless\u00e9, associ\u00e9 \u00e0 l\u2019association \u00ab\u00a0Race and Care\u00a0\u00bb qui \u0153uvre pour le bien-\u00eatre \u00e9quin. \u00c0 lire <a href=\"https:\/\/saint-nazaire.maville.com\/sport\/detail_-hippisme-la-69e-edition-des-courses-de-plesse-se-prepare-en-loire-atlantique-_8-6903476_actu.Htm\" target=\"_self\" rel=\"noopener\">ici.<\/a><\/p>\n<p>Une course d\u2019auto-sprint \u00e0 Savenay<\/p>\n<p>L\u2019auto-sprint fait son retour sur le circuit de Touchelais \u00e0 Savenay, le dimanche 27\u00a0juillet. Pr\u00e8s de 200\u00a0pilotes prendront le d\u00e9part dans les diff\u00e9rentes cat\u00e9gories.\u00a0L\u2019auto-sprint est de nouveau \u00e0 l\u2019affiche sur l\u2019hippodrome de Touchelais le dimanche 27\u00a0juillet. Il est \u00e0 la fois organis\u00e9 par l\u2019Auto-sprint Gu\u00e9men\u00e9en et le comit\u00e9 des f\u00eates de Campbon. Ce sont environ 180\u00a0pilotes qui sont attendus, venant de tout l\u2019ouest et repr\u00e9sentant 15\u00a0cat\u00e9gories\u00a0: voiture, buggy et kart-cross. Les pilotes locaux seront bien \u00e9videmment pr\u00e9sents. Parmi eux, Laura et Cindy Lemari\u00e9, Arthur Jourde, Loly et Mya Judic, Nathan Moreau et S\u00e9bastien Petit, qui est aussi membre du comit\u00e9 des f\u00eates organisateur. <a href=\"https:\/\/saint-nazaire.maville.com\/sport\/detail_-180-pilotes-sont-attendus-pour-cette-course-d-auto-sprint-au-nord-de-nantes-_8-6911163_actu.Htm\" target=\"_self\" rel=\"noopener\">L\u2019article \u00e0 lire ici.<\/a><\/p>\n<p>\u00a0<\/p>\n","protected":false},"excerpt":{"rendered":"Journ\u00e9e m\u00e9di\u00e9vale \u00e0 La Turballe Une journ\u00e9e m\u00e9di\u00e9vale a lieu au Manoir de Br\u00e9het ce dimanche 27\u00a0juillet, de&hellip;\n","protected":false},"author":2,"featured_media":277548,"comment_status":"","ping_status":"","sticky":false,"template":"","format":"standard","meta":{"footnotes":""},"categories":[2818],"tags":[17,14016,1111,11,6664,1777,674,4560,1011,27,2868,3047,766,12,2636,25],"class_list":{"0":"post-277659","1":"post","2":"type-post","3":"status-publish","4":"format-standard","5":"has-post-thumbnail","7":"category-nantes","8":"tag-17","9":"tag-14016","10":"tag-actu","11":"tag-actualites","12":"tag-dimanche","13":"tag-eu","14":"tag-europe","15":"tag-faire","16":"tag-fr","17":"tag-france","18":"tag-juillet","19":"tag-loire-atlantique","20":"tag-nantes","21":"tag-news","22":"tag-pays-de-la-loire","23":"tag-republique-francaise"},"share_on_mastodon":{"url":"https:\/\/pubeurope.com\/@fr\/114925968044787174","error":""},"_links":{"self":[{"href":"https:\/\/www.europesays.com\/fr\/wp-json\/wp\/v2\/posts\/277659","targetHints":{"allow":["GET"]}}],"collection":[{"href":"https:\/\/www.europesays.com\/fr\/wp-json\/wp\/v2\/posts"}],"about":[{"href":"https:\/\/www.europesays.com\/fr\/wp-json\/wp\/v2\/types\/post"}],"author":[{"embeddable":true,"href":"https:\/\/www.europesays.com\/fr\/wp-json\/wp\/v2\/users\/2"}],"replies":[{"embeddable":true,"href":"https:\/\/www.europesays.com\/fr\/wp-json\/wp\/v2\/comments?post=277659"}],"version-history":[{"count":0,"href":"https:\/\/www.europesays.com\/fr\/wp-json\/wp\/v2\/posts\/277659\/revisions"}],"wp:featuredmedia":[{"embeddable":true,"href":"https:\/\/www.europesays.com\/fr\/wp-json\/wp\/v2\/media\/277548"}],"wp:attachment":[{"href":"https:\/\/www.europesays.com\/fr\/wp-json\/wp\/v2\/media?parent=277659"}],"wp:term":[{"taxonomy":"category","embeddable":true,"href":"https:\/\/www.europesays.com\/fr\/wp-json\/wp\/v2\/categories?post=277659"},{"taxonomy":"post_tag","embeddable":true,"href":"https:\/\/www.europesays.com\/fr\/wp-json\/wp\/v2\/tags?post=277659"}],"curies":[{"name":"wp","href":"https:\/\/api.w.org\/{rel}","templated":true}]}}