{"id":277666,"date":"2025-07-27T15:47:21","date_gmt":"2025-07-27T15:47:21","guid":{"rendered":"https:\/\/www.europesays.com\/fr\/277666\/"},"modified":"2025-07-27T15:47:21","modified_gmt":"2025-07-27T15:47:21","slug":"les-bonnes-adresses-de-laure-barthet-conservatrice-de-musee","status":"publish","type":"post","link":"https:\/\/www.europesays.com\/fr\/277666\/","title":{"rendered":"les bonnes adresses de Laure Barthet, conservatrice de mus\u00e9e"},"content":{"rendered":"<p>            Par<br \/>\n        <strong><br \/>\n            <a href=\"https:\/\/actu.fr\/auteur\/mareva-laville-actu-fr\" title=\"Consulter tous les articles de Mar\u00e9va Laville\" target=\"_blank\" rel=\"noopener\">Mar\u00e9va Laville<\/a><br \/>\n        <\/strong><\/p>\n<p>        Publi\u00e9 le<\/p>\n<p>            27 juil. 2025 \u00e0 15h51        <\/p>\n<p>Elle est celle qui \u2014 en partie \u2014 fait vivre le<strong> Mus\u00e9e Saint-Raymond de Toulouse.<\/strong> Depuis 2018, <strong>Laure Barthet<\/strong> en est la conservatrice. Un r\u00f4le qu\u2019elle prend \u00e0 c\u0153ur et qui d\u00e9passe les fronti\u00e8res du <a href=\"https:\/\/actu.fr\/occitanie\/toulouse_31555\/comment-le-musee-saint-raymond-est-devenu-le-coffre-aux-tresors-archeologiques-de-toulouse_46178577.html\" target=\"_blank\" rel=\"noopener\">mus\u00e9e d\u2019arch\u00e9ologie toulousain<\/a> situ\u00e9 sur la place Saint-Sernin. Aux quatre coins de la Ville rose, cette passionn\u00e9e d\u2019histoire et cavali\u00e8re n\u2019h\u00e9site pas \u00e0 monter \u00e0 cheval, armure sur le dos, pour se glisser dans la peau d\u2019un chevalier d\u2019autrefois\u2026 Objectif, toujours\u2009: transmettre la v\u00e9ritable histoire de <a href=\"http:\/\/www.actu.fr\/toulouse\" target=\"_blank\" rel=\"noopener\">Toulouse<\/a>. Pour Actu Toulouse, elle r\u00e9v\u00e8le m\u00eame quelques anecdotes via ses adresses pr\u00e9f\u00e9r\u00e9es\u2026<\/p>\n<p>#1. Un monument \u00e0 Toulouse<br \/>\n    <img   decoding=\"async\" loading=\"lazy\" src=\"https:\/\/www.europesays.com\/fr\/wp-content\/uploads\/2025\/07\/arenes-romaines-960x640.jpeg\" alt=\"Les ar\u00e8nes romaines se trouvent dans le quartier de Purpan-Ancely\" width=\"960\" height=\"640\"\/><br \/>\n    Les ar\u00e8nes romaines se trouvent dans le quartier de Purpan-Ancely. (\u00a9Mar\u00e9va Laville \/ Actu Toulouse)<\/p>\n<p class=\" wall-content\">Gros coup de c\u0153ur pour un bel inconnu\u2009:<a href=\"https:\/\/actu.fr\/occitanie\/toulouse_31555\/patrimoine-amphitheatre-romain-purpan-ancely-toulouse_11833117.html\" target=\"_blank\" rel=\"noopener\"> l\u2019amphith\u00e9\u00e2tre romain de Purpan-Ancely<\/a>, unique monument romain de cette ampleur encore conserv\u00e9 \u00e0 Toulouse. Ce lieu assez po\u00e9tique, entre ville et nature, fera bient\u00f4t l\u2019objet de travaux de restauration pour le rendre plus accessible aux Toulousains.<\/p>\n<p>#2. Un mus\u00e9e, autre que celui de Saint-Raymond, qui vaut vraiment le coup d\u2019\u00eatre vu<br \/>\n    <img   decoding=\"async\" loading=\"lazy\" src=\"https:\/\/www.europesays.com\/fr\/wp-content\/uploads\/2025\/07\/musee-toulouse-cathares-exposition-saint-raymond-960x640.png\" alt=\"L\u2019exposition \u00ab Cathares. Toulouse dans la Croisade \u00bb, est \u00e0 d\u00e9couvrir pendant neuf mois au Mus\u00e9e Saint-Raymond et aux Jacobins.\" width=\"960\" height=\"640\"\/><br \/>\n    Le Mus\u00e9e Saint-Raymond de Toulouse se trouve en plein centre-ville, \u00e0 c\u00f4t\u00e9 de la place Saint-Sernin. (\u00a9Gabriel Kenedi \/ Actu Toulouse)<\/p>\n<p class=\" wall-content\">Je vais \u00eatre oblig\u00e9e de tricher et de vous r\u00e9pondre<strong> Saint-Raymond,<\/strong> car ce mus\u00e9e repr\u00e9sente bien plus qu\u2019un job pour moi\u2009: quand on est passionn\u00e9 par l\u2019histoire ancienne de Toulouse, antique et m\u00e9di\u00e9vale, ses grands \u00e9pisodes et ses h\u00e9ros, c\u2019est l\u00e0 qu\u2019il faut aller. Y travailler \u00e9tait un r\u00eave de gosse.<\/p>\n<p>Vid\u00e9os : en ce moment sur Actu#3. Le lieu de Toulouse avec la plus belle histoire, ou la plus marquante<br \/>\n    <img   decoding=\"async\" loading=\"lazy\" src=\"https:\/\/www.europesays.com\/fr\/wp-content\/uploads\/2025\/07\/Crypte-palais-justice-768x512.jpg\" alt=\"Dans le palais de Justice de Toulouse se cache une crypte.\" width=\"768\" height=\"512\"\/><br \/>\n    Dans le palais de Justice de Toulouse se cache une crypte.<\/p>\n<p class=\" wall-content\">Depuis gamine, j\u2019ai toujours des frissons en passant \u00e0 c\u00f4t\u00e9 du <strong>Palais de justice,<\/strong> car son sous-sol rec\u00e8le<a href=\"http:\/\/actu.fr\/occitanie\/toulouse_31555\/a-toulouse-ce-chateau-enfoui-se-devoile-grace-a-une-spectaculaire-mise-en-scene-en-3d_62045928.html\" target=\"_blank\" rel=\"noopener\"> les vestiges de l\u2019ancien ch\u00e2teau des comtes de Toulouse<\/a>. C\u2019est l\u00e0, dans ses foss\u00e9s, dans ses lices, qu\u2019eurent lieu des combats d\u00e9cisifs lors de la croisade contre les Albigeois, avec la mort du redoutable et tristement c\u00e9l\u00e8bre Simon de Montfort, en 1218.<\/p>\n<p>#4. Le plus beau \u00ab\u2009secret\u2009\u00bb de Toulouse<br \/>\n    <img   decoding=\"async\" loading=\"lazy\" src=\"https:\/\/www.europesays.com\/fr\/wp-content\/uploads\/2025\/07\/bar-basque-toulouse-ouverture-terrasse-960x640.jpg\" alt=\"Apr\u00e8s quatre mois de travaux, le Bar Basque de Toulouse a rouvert ses portes, avec un nouveau g\u00e9rant, en juin 2024.\" width=\"960\" height=\"640\"\/><br \/>\n    Des vestiges des Wisigoths existent pr\u00e8s de la place Saint-Pierre (\u00a9Marie Lamarque \/ Actu Toulouse)<\/p>\n<p class=\" wall-content\">Toulouse a eu des rois\u2009! <strong>Les Wisigoths, aux Ve et VIe si\u00e8cles<\/strong>. Lorsque vous marchez <strong>place Saint-Pierre<\/strong>, vous passez \u00e0 proximit\u00e9 de leur ancien complexe palatial et peut-\u00eatre, de leurs s\u00e9pultures, que l\u2019arch\u00e9ologie n\u2019a pas encore permis de retrouver\u2026<\/p>\n<p>#5. Un quartier<br \/>\n    <img   decoding=\"async\" loading=\"lazy\" src=\"https:\/\/www.europesays.com\/fr\/wp-content\/uploads\/2025\/07\/vue-toulouse-saint-aubin-960x640.jpeg\" alt=\"Le quartier Saint-Aubin \u00e0 Toulouse.\" width=\"960\" height=\"640\"\/><br \/>\n    Le quartier Saint-Aubin \u00e0 Toulouse. (\u00a9Mar\u00e9va Laville \/ Actu Toulouse)<\/p>\n<p class=\" wall-content\"><strong>Saint-Aubin,<\/strong> autour de la rue d\u2019Aubuisson. J\u2019y ai encore de la famille et de nombreux souvenirs d\u2019enfance\u2009! Par ailleurs, le quartier s\u2019est couvert d\u2019adresses sympas pour manger et boire un verre.<\/p>\n<p class=\" wall-content\">Suivez toute l\u2019actualit\u00e9 de vos villes et m\u00e9dias favoris en vous inscrivant \u00e0 <a href=\"https:\/\/moncompte.actu.fr\" title=\"D\u00e9couvez Mon Actu\" rel=\"nofollow noopener\" data-trk=\"{&quot;cta&quot;:{&quot;action&quot;:&quot;https:\\\/\\\/moncompte.actu.fr&quot;,&quot;category&quot;:&quot;mon compte&quot;,&quot;from&quot;:&quot;article footer&quot;,&quot;name&quot;:&quot;Mon actu&quot;,&quot;type&quot;:&quot;cta&quot;}}\" target=\"_blank\">Mon Actu<\/a>.<\/p>\n","protected":false},"excerpt":{"rendered":"Par Mar\u00e9va Laville Publi\u00e9 le 27 juil. 2025 \u00e0 15h51 Elle est celle qui \u2014 en partie \u2014&hellip;\n","protected":false},"author":2,"featured_media":277667,"comment_status":"","ping_status":"","sticky":false,"template":"","format":"standard","meta":{"footnotes":""},"categories":[2816],"tags":[1111,11,1777,674,1011,27,1652,12,2680,25,1341,2312],"class_list":{"0":"post-277666","1":"post","2":"type-post","3":"status-publish","4":"format-standard","5":"has-post-thumbnail","7":"category-toulouse","8":"tag-actu","9":"tag-actualites","10":"tag-eu","11":"tag-europe","12":"tag-fr","13":"tag-france","14":"tag-loisirs-culture","15":"tag-news","16":"tag-occitanie","17":"tag-republique-francaise","18":"tag-sortir-a-toulouse","19":"tag-toulouse"},"share_on_mastodon":{"url":"https:\/\/pubeurope.com\/@fr\/114925983937803090","error":""},"_links":{"self":[{"href":"https:\/\/www.europesays.com\/fr\/wp-json\/wp\/v2\/posts\/277666","targetHints":{"allow":["GET"]}}],"collection":[{"href":"https:\/\/www.europesays.com\/fr\/wp-json\/wp\/v2\/posts"}],"about":[{"href":"https:\/\/www.europesays.com\/fr\/wp-json\/wp\/v2\/types\/post"}],"author":[{"embeddable":true,"href":"https:\/\/www.europesays.com\/fr\/wp-json\/wp\/v2\/users\/2"}],"replies":[{"embeddable":true,"href":"https:\/\/www.europesays.com\/fr\/wp-json\/wp\/v2\/comments?post=277666"}],"version-history":[{"count":0,"href":"https:\/\/www.europesays.com\/fr\/wp-json\/wp\/v2\/posts\/277666\/revisions"}],"wp:featuredmedia":[{"embeddable":true,"href":"https:\/\/www.europesays.com\/fr\/wp-json\/wp\/v2\/media\/277667"}],"wp:attachment":[{"href":"https:\/\/www.europesays.com\/fr\/wp-json\/wp\/v2\/media?parent=277666"}],"wp:term":[{"taxonomy":"category","embeddable":true,"href":"https:\/\/www.europesays.com\/fr\/wp-json\/wp\/v2\/categories?post=277666"},{"taxonomy":"post_tag","embeddable":true,"href":"https:\/\/www.europesays.com\/fr\/wp-json\/wp\/v2\/tags?post=277666"}],"curies":[{"name":"wp","href":"https:\/\/api.w.org\/{rel}","templated":true}]}}