{"id":277670,"date":"2025-07-27T15:49:09","date_gmt":"2025-07-27T15:49:09","guid":{"rendered":"https:\/\/www.europesays.com\/fr\/277670\/"},"modified":"2025-07-27T15:49:09","modified_gmt":"2025-07-27T15:49:09","slug":"lille-passionnee-de-voyages-pauline-a-cree-paulidays-qui-propose-des-vacances-sur-mesure","status":"publish","type":"post","link":"https:\/\/www.europesays.com\/fr\/277670\/","title":{"rendered":"Lille. Passionn\u00e9e de voyages, Pauline a cr\u00e9\u00e9 Paulidays qui propose des vacances sur mesure"},"content":{"rendered":"<p>            Par<br \/>\n        <strong><br \/>\n            <a href=\"https:\/\/actu.fr\/auteur\/bastien-grossin\" title=\"Consulter tous les articles de Bastien Grossin\" rel=\"nofollow noopener\" target=\"_blank\">Bastien Grossin<\/a><br \/>\n        <\/strong><\/p>\n<p>        Publi\u00e9 le<\/p>\n<p>            27 juil. 2025 \u00e0 17h06        <\/p>\n<p>\u00ab\u2009<b>Je voulais un travail qui soit li\u00e9 \u00e0 ma passion. <\/b>\u00bb Pauline Patalas, 32 ans, a lanc\u00e9 son entreprise, Paulidays, au printemps 2025 \u00e0\u00a0<a href=\"https:\/\/actu.fr\/tag\/lille\" rel=\"nofollow noopener\" target=\"_blank\">Lille<\/a> (Nord). Passionn\u00e9e de voyages, elle accompagne ses clients pour leur concocter des s\u00e9jours sur mesure. \u00ab\u2009L\u2019objectif, c\u2019est que les gens se laissent porter pendant leurs vacances.\u2009\u00bb Plusieurs formules sont propos\u00e9es, de la plus simple \u00e0 la plus compl\u00e8te. D\u00e9tails.<\/p>\n<p class=\" wall-content\">L\u2019ann\u00e9e derni\u00e8re encore, Pauline travaillait en tant qu\u2019acheteuse pour un grand groupe de bricolage. \u00c0 ce moment l\u00e0, un doute s\u2019installe et persiste. \u00ab\u2009\u00c7a manquait de sens, je voulais faire quelque chose qui soit plus en ad\u00e9quation avec mes valeurs.\u2009\u00bb \u00c0 c\u00f4t\u00e9 de son travail, <b>Pauline est passionn\u00e9e de voyages<\/b> et a notamment v\u00e9cu aux \u00c9tats-Unis. Alors en toute logique, quand elle passe le cap et r\u00e9alise un bilan de comp\u00e9tences, le secteur du tourisme appara\u00eet comme une \u00e9vidence.<\/p>\n<p>Trois formules propos\u00e9es<\/p>\n<p class=\" wall-content\">Depuis le <b>1er avril 2025<\/b>, Pauline a chang\u00e9 de rythme. Elle a officiellement lanc\u00e9 Paulidays, son entreprise de conseil en voyage sur mesure. Le principe : accompagner ses clients \u00e9tape par \u00e9tape dans la cr\u00e9ation de leurs vacances id\u00e9ales. Pour \u00e7a, trois formules sont propos\u00e9es, avec notamment celle \u00ab\u00a0<b>tout inclus<\/b>\u00a0\u00bb o\u00f9 elle planifie chaque d\u00e9tail du voyage. \u00c0 savoir l\u2019h\u00e9bergement, les transports, les activit\u00e9s sur place, les itin\u00e9raires, le programme au jour le jour, les adresses incontournables\u2026<\/p>\n<p class=\" wall-content\">Autre option : la formule \u00ab\u00a0<b>\u00e0 la carte<\/b>\u00ab\u00a0, qui permet de choisir uniquement les \u00e9l\u00e9ments souhait\u00e9s parmi les prestations propos\u00e9es. Enfin, la formule \u00ab\u00a0<b>SOS Paulidays<\/b>\u00a0\u00bb donne droit \u00e0 un appel d\u2019une heure, suivi d\u2019un compte rendu personnalis\u00e9 pour r\u00e9pondre \u00e0 des questions pr\u00e9cises.<\/p>\n<p class=\" wall-content\">\u00c0 noter : Pauline ne r\u00e9alise aucune r\u00e9servation \u00e0 la place du client. Elle fournit un livret complet avec tous les liens et conseils, mais c\u2019est au voyageur de finaliser les d\u00e9marches.<\/p>\n<p>Des conseils bas\u00e9s un maximum sur l\u2019exp\u00e9rience personnelle<\/p>\n<p class=\" wall-content\">Pour peaufiner ces voyages, Pauline s\u2019appuie principalement sur ses <b>exp\u00e9riences personnelles<\/b>. \u00ab\u2009Je pr\u00e9f\u00e8re les organiser dans des endroits o\u00f9 je suis d\u00e9j\u00e0 all\u00e9e, que je connais, pour pouvoir conseiller au mieux.\u2009\u00bb Sur son site, elle explique\u2009: \u00ab\u2009Je peux vous aider \u00e0 voyager dans de nombreux pays, mais j\u2019ai cependant quelques coups de c\u0153ur que je connais sur le bout des doigts.\u2009\u00bb Parmi eux, les \u00c9tats-Unis, la Cr\u00e8te, la Croatie, ou encore la Tha\u00eflande et la Turquie.<\/p>\n<p class=\" wall-content\">Pauline d\u00e9fend son concept, notamment pour faire face \u00e0 un potentiel concurrent de taille\u2009: <b>l\u2019intelligence artificielle.<\/b> Mais l\u2019entrepreneure n\u2019est pas inqui\u00e8te. \u00ab\u2009Lors des premiers appels, des clients me disent avoir utilis\u00e9 l\u2019IA mais de ne pas lui faire confiance. C\u2019est normal, Chat GPT ne sera jamais all\u00e9 r\u00e9ellement aux \u00c9tats-Unis, ni n\u2019aura fait de safari en Afrique du Sud.\u2009\u00bb<\/p>\n<p>Environ 40 \u00e0\u00a060\u00a0euros par jour de voyage<\/p>\n<p class=\" wall-content\">Pour profiter d\u2019un accompagnement personnalis\u00e9, selon les options choisies, il faut pr\u00e9voir un budget de<b> 40 \u00e0 60 euros par jour de voyage,<\/b> soit <b>entre 600 et 900 euros pour deux semaines de vacances<\/b>. Ce forfait inclut <b>un carnet de voyage complet,<\/b> parfois long de 100 pages, d\u00e9taillant chaque \u00e9tape du s\u00e9jour. \u00ab\u2009Le but, c\u2019est de pouvoir se laisser porter sans avoir \u00e0 penser \u00e0 l\u2019organisation\u2009\u00bb, explique Pauline. L\u2019entrepreneuse reste par ailleurs disponible tout au long du s\u00e9jour en cas d\u2019impr\u00e9vu.<\/p>\n<p class=\" wall-content\">Pauline donne <b>deux conseils<\/b> qui lui semblent les plus importants pour passer de bonnes vacances. D\u2019abord, <b>bien se renseigner sur la saison id\u00e9ale <\/b>avant de choisir une destination, surtout si celle-ci se trouve dans l\u2019h\u00e9misph\u00e8re sud. \u00ab\u2009En Tha\u00eflande par exemple, c\u2019est mieux d\u2019y aller l\u2019hiver.\u2009\u00bb Le second point concerne le programme du voyage : <b>attention \u00e0 ne pas vouloir trop en faire<\/b>. \u00ab\u2009Quand on se renseigne un maximum, on a envie de faire plein de choses, mais le risque, c\u2019est au final de passer \u00e0 c\u00f4t\u00e9 de son voyage.\u2009\u00bb<\/p>\n<p class=\" wall-content\">Pour plus d\u2019informations sur les diff\u00e9rentes offres propos\u00e9es par Paulidays, <a href=\"https:\/\/www.paulidays.fr\/\" rel=\"nofollow noopener\" target=\"_blank\">rendez-vous sur le site internet de l\u2019entreprise<\/a> ou sur Instagram (<a href=\"https:\/\/www.instagram.com\/paulidays.fr\/\" rel=\"nofollow noopener\" target=\"_blank\">@paulidays.fr<\/a>)<\/p>\n<p class=\" wall-content\">Suivez toute l\u2019actualit\u00e9 de vos villes et m\u00e9dias favoris en vous inscrivant \u00e0 <a href=\"https:\/\/moncompte.actu.fr\" title=\"D\u00e9couvez Mon Actu\" rel=\"nofollow noopener\" data-trk=\"{&quot;cta&quot;:{&quot;action&quot;:&quot;https:\\\/\\\/moncompte.actu.fr&quot;,&quot;category&quot;:&quot;mon compte&quot;,&quot;from&quot;:&quot;article footer&quot;,&quot;name&quot;:&quot;Mon actu&quot;,&quot;type&quot;:&quot;cta&quot;}}\" target=\"_blank\">Mon Actu<\/a>.<\/p>\n<p>                    <script async src=\"\/\/www.instagram.com\/embed.js\"><\/script><\/p>\n","protected":false},"excerpt":{"rendered":"Par Bastien Grossin Publi\u00e9 le 27 juil. 2025 \u00e0 17h06 \u00ab\u2009Je voulais un travail qui soit li\u00e9 \u00e0&hellip;\n","protected":false},"author":2,"featured_media":277671,"comment_status":"","ping_status":"","sticky":false,"template":"","format":"standard","meta":{"footnotes":""},"categories":[2815],"tags":[1111,11,33,1777,674,1011,27,811,1307,12,25,586],"class_list":{"0":"post-277670","1":"post","2":"type-post","3":"status-publish","4":"format-standard","5":"has-post-thumbnail","7":"category-lille","8":"tag-actu","9":"tag-actualites","10":"tag-economie","11":"tag-eu","12":"tag-europe","13":"tag-fr","14":"tag-france","15":"tag-hauts-de-france","16":"tag-lille","17":"tag-news","18":"tag-republique-francaise","19":"tag-voyage"},"share_on_mastodon":{"url":"https:\/\/pubeurope.com\/@fr\/114925991709546545","error":""},"_links":{"self":[{"href":"https:\/\/www.europesays.com\/fr\/wp-json\/wp\/v2\/posts\/277670","targetHints":{"allow":["GET"]}}],"collection":[{"href":"https:\/\/www.europesays.com\/fr\/wp-json\/wp\/v2\/posts"}],"about":[{"href":"https:\/\/www.europesays.com\/fr\/wp-json\/wp\/v2\/types\/post"}],"author":[{"embeddable":true,"href":"https:\/\/www.europesays.com\/fr\/wp-json\/wp\/v2\/users\/2"}],"replies":[{"embeddable":true,"href":"https:\/\/www.europesays.com\/fr\/wp-json\/wp\/v2\/comments?post=277670"}],"version-history":[{"count":0,"href":"https:\/\/www.europesays.com\/fr\/wp-json\/wp\/v2\/posts\/277670\/revisions"}],"wp:featuredmedia":[{"embeddable":true,"href":"https:\/\/www.europesays.com\/fr\/wp-json\/wp\/v2\/media\/277671"}],"wp:attachment":[{"href":"https:\/\/www.europesays.com\/fr\/wp-json\/wp\/v2\/media?parent=277670"}],"wp:term":[{"taxonomy":"category","embeddable":true,"href":"https:\/\/www.europesays.com\/fr\/wp-json\/wp\/v2\/categories?post=277670"},{"taxonomy":"post_tag","embeddable":true,"href":"https:\/\/www.europesays.com\/fr\/wp-json\/wp\/v2\/tags?post=277670"}],"curies":[{"name":"wp","href":"https:\/\/api.w.org\/{rel}","templated":true}]}}