{"id":277672,"date":"2025-07-27T15:50:10","date_gmt":"2025-07-27T15:50:10","guid":{"rendered":"https:\/\/www.europesays.com\/fr\/277672\/"},"modified":"2025-07-27T15:50:10","modified_gmt":"2025-07-27T15:50:10","slug":"les-infos-qui-ont-marque-la-semaine","status":"publish","type":"post","link":"https:\/\/www.europesays.com\/fr\/277672\/","title":{"rendered":"les infos qui ont marqu\u00e9 la semaine"},"content":{"rendered":"<p>            Par<br \/>\n        <strong><br \/>\n            <a href=\"https:\/\/actu.fr\/auteur\/margot-nicodeme\" title=\"Consulter tous les articles de Margot Nicod\u00e8me\" rel=\"nofollow noopener\" target=\"_blank\">Margot Nicod\u00e8me<\/a><br \/>\n        <\/strong><\/p>\n<p>        Publi\u00e9 le<\/p>\n<p>            27 juil. 2025 \u00e0 17h40        <\/p>\n<p>L\u2019actualit\u00e9 fut riche, cette semaine du 21 juillet 2025, \u00e0 <a href=\"https:\/\/actu.fr\/hauts-de-france\/lille_59350\" rel=\"nofollow noopener\" target=\"_blank\">Lille<\/a> et dans le Nord. Vous n\u2019avez pas tout suivi, parce que vous prenez un repos estival bien m\u00e9rit\u00e9 ? Le r\u00e9cap\u2019 du dimanche propose une s\u00e9ance de rattrapage. Voici les infos qu\u2019il ne fallait pas louper ces derniers jours : futur visage de l\u2019avenue du Peuple belge, transform\u00e9e en parc g\u00e9ant, chef \u00e9toil\u00e9 qui s\u2019installe dans le Vieux-Lille, nouveau centre de thalasso\u2026 C\u2019est parti !<\/p>\n<p class=\" wall-content\"><a href=\"https:\/\/actu.fr\/hauts-de-france\/lille_59350\/lille-la-voiture-naura-plus-sa-place-avenue-du-peuple-belge-voici-a-quoi-ressemblera-le-futur-parc_62952308.html\" rel=\"nofollow noopener\" target=\"_blank\">Lille. La voiture n\u2019aura plus sa place avenue du Peuple belge : voici \u00e0 quoi ressemblera le futur parc<\/a><\/p>\n<p class=\" wall-content\">L\u2019avenue du Peuple belge \u00e0 Lille va devenir un gigantesque parc, avec \u00eelots de fraicheur, pistes cyclables, point d\u2019eau\u2026 et dans lequel la voiture n\u2019aura plus sa place.<\/p>\n<p class=\" wall-content\"><a href=\"https:\/\/actu.fr\/hauts-de-france\/lille_59350\/vieux-lille-le-chef-le-plus-etoile-au-monde-va-bientot-ouvrir-sa-boutique-de-chocolats-de-luxe_62938356.html\" rel=\"nofollow noopener\" target=\"_blank\">Pendant 15 ans, ses vitrines f\u00e9\u00e9riques ont \u00e9merveill\u00e9 le Vieux-Lille : cette boutique a ferm\u00e9 sans crier gare<\/a><\/p>\n<p class=\" wall-content\">C\u2019\u00e9tait l\u2019une des plus belles boutiques du Vieux-Lille, avec ses vitrines incroyables que l\u2019on adorait admirer. Malheureusement, mi-juin, cette marque iconique a ferm\u00e9 sa boutique.<\/p>\n<p class=\" wall-content\"><a href=\"https:\/\/actu.fr\/hauts-de-france\/marcq-en-baroeul_59378\/marcq-en-baroeul-bassins-a-34c-grotte-de-sel-sauna-infrarouge-visite-du-tout-nouveau-centre-caliceo_62958598.html\" rel=\"nofollow noopener\" target=\"_blank\">Marcq-en-Bar\u0153ul. Bassins \u00e0 34\u00b0C, grotte de sel, sauna infrarouge\u2026 Visite du tout nouveau centre Calic\u00e9o<\/a><\/p>\n<p class=\" wall-content\">Il fait d\u00e9j\u00e0 des \u00e9mules : le centre de thalasso Calic\u00e9o, fraichement ouvert \u00e0 Marcq-en-Bar\u0153ul, propose des services \u00ab\u00a0premium\u00a0\u00bb et accessibles \u00e0 tous sur 5000 m\u00b2. Visite.<\/p>\n<p class=\" wall-content\"><a href=\"https:\/\/actu.fr\/hauts-de-france\/lille_59350\/vieux-lille-le-chef-le-plus-etoile-au-monde-va-bientot-ouvrir-sa-boutique-de-chocolats-de-luxe_62938356.html\" rel=\"nofollow noopener\" target=\"_blank\">Vieux-Lille. Le chef le plus \u00e9toil\u00e9 au monde va bient\u00f4t ouvrir sa boutique de chocolats de luxe<\/a><\/p>\n<p class=\" wall-content\">C\u2019est une info Lille actu ! Bient\u00f4t dans le Vieux-Lille, il sera possible de s\u2019offrir du chocolat haut de gamme, d\u2019une marque cr\u00e9\u00e9e par l\u2019un des plus grands chefs cuisiniers du monde. Tous les d\u00e9tails.<\/p>\n<p class=\" wall-content\"><a href=\"https:\/\/actu.fr\/hauts-de-france\/dunkerque_59183\/immobilier-investir-dans-ces-deux-villes-du-nord-et-du-pas-de-calais-peut-rapporter-gros_62942512.html\" rel=\"nofollow noopener\" target=\"_blank\">Immobilier. Investir dans ces deux villes du Nord et du Pas-de-Calais peut rapporter gros<\/a><\/p>\n<p class=\" wall-content\">Deux villes du littoral dans le Nord et le Pas-de-Calais font partie des plus int\u00e9ressantes pour investir dans l\u2019immobilier, selon une \u00e9tude de l\u2019observatoire Guy Hoquet.<\/p>\n<p class=\" wall-content\"><a href=\"https:\/\/actu.fr\/faits-divers\/lhorreur-en-belgique-des-dizaines-danimaux-morts-retrouves-dans-un-elevage-a-la-frontiere-avec-le-nord_62937971.html\" rel=\"nofollow noopener\" target=\"_blank\">L\u2019horreur en Belgique : des dizaines d\u2019animaux morts retrouv\u00e9s dans un \u00e9levage \u00e0 la fronti\u00e8re avec le Nord<\/a><\/p>\n<p class=\" wall-content\">Mardi15 juillet 2025, la police a d\u00e9couvert l\u2019horreur dans un \u00e9levage abandonn\u00e9 en Belgique, \u00e0 la fronti\u00e8re avec le Nord. Des dizaines d\u2019animaux n\u00e9glig\u00e9s sont morts dans une ferme.<\/p>\n<p class=\" wall-content\"><a href=\"https:\/\/actu.fr\/hauts-de-france\/ronchin_59507\/lautoroute-a1-fermee-cet-ete-au-sud-de-lille-limmense-chantier-avance-dans-les-temps_62939436.html\" rel=\"nofollow noopener\" target=\"_blank\">L\u2019autoroute A1 ferm\u00e9e cet \u00e9t\u00e9 au sud de Lille : l\u2019immense chantier avance, dans les temps<\/a><\/p>\n<p class=\" wall-content\">Du 9 juillet au 19 ao\u00fbt 2025, l\u2019autoroute A1 est ferm\u00e9e \u00e0 la circulation au sud de Lille, pour travaux. Point d\u2019\u00e9tape sur le chantier.<\/p>\n<p class=\" wall-content\"><a href=\"https:\/\/actu.fr\/hauts-de-france\/lille_59350\/avenue-du-peuple-belge-a-lille-le-projet-de-parc-geant-deja-obsolete-selon-les-ecologistes_62961474.html\" rel=\"nofollow noopener\" target=\"_blank\">Avenue du Peuple belge \u00e0 Lille : le projet de parc g\u00e9ant \u00ab\u00a0d\u00e9j\u00e0 obsol\u00e8te\u00a0\u00bb selon les \u00c9cologistes<\/a><\/p>\n<p class=\" wall-content\">Les \u00e9lus \u00e9cologistes de Lille ont exprim\u00e9, par voie de communiqu\u00e9, leur insatisfaction suite au d\u00e9voilement du projet de parc g\u00e9ant avenue du Peuple belge. D\u00e9tails.<\/p>\n<p class=\" wall-content\"><a href=\"https:\/\/actu.fr\/faits-divers\/belgique-un-pere-recherche-par-la-police-pour-avoir-tente-dassassiner-lagresseur-suppose-de-son-fils_62962800.html\" rel=\"nofollow noopener\" target=\"_blank\">Belgique. Un p\u00e8re recherch\u00e9 par la police pour avoir tent\u00e9 d\u2019assassiner l\u2019agresseur suppos\u00e9 de son fils<\/a><\/p>\n<p class=\" wall-content\">L\u2019histoire secoue la Belgique, et l\u2019opinion publique : un homme de 48 ans est recherch\u00e9 pour avoir tent\u00e9 d\u2019assassiner l\u2019homme qu\u2019il dit \u00eatre l\u2019agresseur sexuel de son fils de 7 ans.<\/p>\n<p class=\" wall-content\"><a href=\"https:\/\/actu.fr\/hauts-de-france\/lallaing_59327\/nord-grosse-frayeur-dans-un-bus-un-jeune-homme-sort-un-couteau-pour-menacer-une-ado-de-16-ans_62941587.html\" rel=\"nofollow noopener\" target=\"_blank\">Nord. Grosse frayeur dans un bus : un jeune homme sort un couteau pour menacer une ado de 16 ans<\/a><\/p>\n<p class=\" wall-content\">Lundi 21 juillet 2025 \u00e0 Lallaing, les policiers ont interpell\u00e9 un jeune homme apr\u00e8s des menaces avec un couteau \u00e0 l\u2019encontre d\u2019une adolescente de 16 ans.<\/p>\n<p class=\" wall-content\">Suivez toute l\u2019actualit\u00e9 de vos villes et m\u00e9dias favoris en vous inscrivant \u00e0 <a href=\"https:\/\/moncompte.actu.fr\" title=\"D\u00e9couvez Mon Actu\" rel=\"nofollow noopener\" data-trk=\"{&quot;cta&quot;:{&quot;action&quot;:&quot;https:\\\/\\\/moncompte.actu.fr&quot;,&quot;category&quot;:&quot;mon compte&quot;,&quot;from&quot;:&quot;article footer&quot;,&quot;name&quot;:&quot;Mon actu&quot;,&quot;type&quot;:&quot;cta&quot;}}\" target=\"_blank\">Mon Actu<\/a>.<\/p>\n","protected":false},"excerpt":{"rendered":"Par Margot Nicod\u00e8me Publi\u00e9 le 27 juil. 2025 \u00e0 17h40 L\u2019actualit\u00e9 fut riche, cette semaine du 21 juillet&hellip;\n","protected":false},"author":2,"featured_media":277673,"comment_status":"","ping_status":"","sticky":false,"template":"","format":"standard","meta":{"footnotes":""},"categories":[2815],"tags":[1111,11,215,1777,674,1011,27,811,1307,12,25,104],"class_list":{"0":"post-277672","1":"post","2":"type-post","3":"status-publish","4":"format-standard","5":"has-post-thumbnail","7":"category-lille","8":"tag-actu","9":"tag-actualites","10":"tag-commerce","11":"tag-eu","12":"tag-europe","13":"tag-fr","14":"tag-france","15":"tag-hauts-de-france","16":"tag-lille","17":"tag-news","18":"tag-republique-francaise","19":"tag-societe"},"share_on_mastodon":{"url":"https:\/\/pubeurope.com\/@fr\/114925995505173260","error":""},"_links":{"self":[{"href":"https:\/\/www.europesays.com\/fr\/wp-json\/wp\/v2\/posts\/277672","targetHints":{"allow":["GET"]}}],"collection":[{"href":"https:\/\/www.europesays.com\/fr\/wp-json\/wp\/v2\/posts"}],"about":[{"href":"https:\/\/www.europesays.com\/fr\/wp-json\/wp\/v2\/types\/post"}],"author":[{"embeddable":true,"href":"https:\/\/www.europesays.com\/fr\/wp-json\/wp\/v2\/users\/2"}],"replies":[{"embeddable":true,"href":"https:\/\/www.europesays.com\/fr\/wp-json\/wp\/v2\/comments?post=277672"}],"version-history":[{"count":0,"href":"https:\/\/www.europesays.com\/fr\/wp-json\/wp\/v2\/posts\/277672\/revisions"}],"wp:featuredmedia":[{"embeddable":true,"href":"https:\/\/www.europesays.com\/fr\/wp-json\/wp\/v2\/media\/277673"}],"wp:attachment":[{"href":"https:\/\/www.europesays.com\/fr\/wp-json\/wp\/v2\/media?parent=277672"}],"wp:term":[{"taxonomy":"category","embeddable":true,"href":"https:\/\/www.europesays.com\/fr\/wp-json\/wp\/v2\/categories?post=277672"},{"taxonomy":"post_tag","embeddable":true,"href":"https:\/\/www.europesays.com\/fr\/wp-json\/wp\/v2\/tags?post=277672"}],"curies":[{"name":"wp","href":"https:\/\/api.w.org\/{rel}","templated":true}]}}