{"id":277679,"date":"2025-07-27T15:54:10","date_gmt":"2025-07-27T15:54:10","guid":{"rendered":"https:\/\/www.europesays.com\/fr\/277679\/"},"modified":"2025-07-27T15:54:10","modified_gmt":"2025-07-27T15:54:10","slug":"lyon-tissage-urbain-cette-oeuvre-sur-la-place-bellecour-qui-peine-a-convaincre-les-lyonnais-2","status":"publish","type":"post","link":"https:\/\/www.europesays.com\/fr\/277679\/","title":{"rendered":"Lyon : \u00ab\u00a0Tissage urbain\u00a0\u00bb, cette \u0153uvre sur la place Bellecour qui peine \u00e0 convaincre les Lyonnais"},"content":{"rendered":"<p>Inaugur\u00e9e samedi 5 juillet sur la place Bellecour, l&rsquo;\u0153uvre \u00ab\u00a0Tissage urbain\u00a0\u00bb ne passe pas inaper\u00e7ue dans le 2e arrondissement de Lyon. Imagin\u00e9e par la mairie \u00e9cologiste de Lyon, cette installation color\u00e9e attire les regards\u2026 mais pas toujours les compliments. Ou alors \u00e0 moiti\u00e9. Les Lyonnais nous ont donn\u00e9 leurs avis sur le sujet.<\/p>\n<p>C&rsquo;est une<b> \u0153uvre color\u00e9e<\/b>\u2026 mais <b>controvers\u00e9e <\/b>sur la <b>place Bellecour<\/b> \u00e0 <b>Lyon<\/b>.<\/p>\n<p>Couvrant <b>1.500 m\u00b2<\/b>, l&rsquo;installation baptis\u00e9e \u00ab\u00a0Tissage urbain\u00a0\u00bb a \u00e9t\u00e9 pens\u00e9e par la <b>municipalit\u00e9 \u00e9cologiste de Lyon<\/b> comme un mobilier urbain \u00e9ph\u00e9m\u00e8re, m\u00ealant <b>structures en bois<\/b>, tissus color\u00e9s et brumisateurs pour rafra\u00eechir les passants et <b>cr\u00e9er de l&rsquo;ombre.<\/b><\/p>\n<p>Elle va \u00eatre install\u00e9e <b>tous les \u00e9t\u00e9s jusqu&rsquo;en 2029<\/b>\u00a0\u00e0 ce m\u00eame emplacement <b>en plein c\u0153ur<\/b> de la ville <b>de Lyon.<\/b><\/p>\n<p>Bien que son intention soit ludique et artistique, l&rsquo;\u0153uvre, d&rsquo;un co\u00fbt total de <b>1,6 million d&rsquo;euros<\/b>, suscite de <b>vives r\u00e9actions<\/b> chez les <b>Lyonnais<\/b>.<\/p>\n<p>\u00ab\u00a0\u00c7a ajoute de la couleur\u00a0\u00bb<\/p>\n<p><b>Lily<\/b>, qui fr\u00e9quente souvent la place Bellecour, reste mesur\u00e9e.<\/p>\n<p>\u00ab\u00a0Je n&rsquo;ai pas vraiment d&rsquo;avis. \u00c7a ajoute de la couleur, mais si l&rsquo;objectif \u00e9tait d&rsquo;apporter de l&rsquo;ombre ou de la fra\u00eecheur, c&rsquo;est rat\u00e9.\u00a0\u00bb<\/p>\n<p>\u00ab\u00a0Elle meuble l&rsquo;espace, c&rsquo;est vrai\u00a0\u00bb<\/p>\n<p><b>Thomas<\/b>, ancien habitant de Lyon, d\u00e9couvre l&rsquo;installation avec curiosit\u00e9.<\/p>\n<p>\u00ab\u00a0C&rsquo;est la premi\u00e8re fois que je vois la place Bellecour avec une \u0153uvre aussi grande. Elle meuble l&rsquo;espace, c&rsquo;est vrai. Mais pour l&rsquo;ombre, on repassera.\u00a0\u00bb<\/p>\n<p>Un investissement qui interroge<\/p>\n<p>Mais d&rsquo;autres voix sont plus critiques. Pour <b>Jacqueline<\/b>, le projet est tout simplement injustifiable.<\/p>\n<p>\u00ab\u00a0C&rsquo;est une honte\u00a0\u00bb<\/p>\n<p>\u00ab\u00a0Cela ne sert \u00e0 rien. C&rsquo;est laid. \u00c7a ne fait pas d&rsquo;ombre et \u00e7a co\u00fbte 1,6 million d&rsquo;euros. Le tout subventionn\u00e9 par nos imp\u00f4ts (ceux des Lyonnais.) C&rsquo;est une honte.\u00a0\u00bb<\/p>\n<p>\u00ab\u00a0C&rsquo;est inconfortable et inutile\u00a0\u00bb<\/p>\n<p><b>Chantal<\/b>, elle aussi d\u00e9\u00e7ue, pointe l&rsquo;inconfort de l&rsquo;installation.<\/p>\n<p>\u00ab\u00a0Je suis venue plusieurs samedis. Des personnes \u00e2g\u00e9es s&rsquo;asseyaient sur les planches en bois et ne restaient pas longtemps. C&rsquo;est inconfortable et inutile.\u00a0\u00bb<\/p>\n<p>Samedi 19 juillet, <b>l&rsquo;\u0153uvre <\/b>\u00ab\u00a0Tissage urbain\u00a0\u00bb de la place Bellecour a \u00e9t\u00e9 <b>d\u00e9grad\u00e9e<\/b>. La Ville de Lyon a aussit\u00f4t <b>port\u00e9 plainte.<\/b><img loading=\"lazy\" decoding=\"async\" src=\"https:\/\/www.europesays.com\/fr\/wp-content\/uploads\/2025\/07\/1753631650_838_img\" width=\"350\" height=\"200\" border=\"0\" title=\"L'\u00c5\u0093uvre \u00c3\u00a9ph\u00c3\u00a9m\u00c3\u00a8re Tissage urbain, place Bellecour \u00c3\u00a0 Lyon\"\/><\/p>\n<p>\u25baFaits divers<\/p>\n<p style=\"font-size: 22px;\"><b>D\u00e9gradations place Bellecour\u00a0: la mairie porte plainte<\/b><\/p>\n<p>Retour \u00e0 la normale place Bellecour. L&rsquo;\u0153uvre \u00ab\u00a0Tissage&#8230;<\/p>\n<p><\/p>\n","protected":false},"excerpt":{"rendered":"Inaugur\u00e9e samedi 5 juillet sur la place Bellecour, l&rsquo;\u0153uvre \u00ab\u00a0Tissage urbain\u00a0\u00bb ne passe pas inaper\u00e7ue dans le 2e&hellip;\n","protected":false},"author":2,"featured_media":277678,"comment_status":"","ping_status":"","sticky":false,"template":"","format":"standard","meta":{"footnotes":""},"categories":[1889],"tags":[41697,41695,1111,11,2430,5272,1777,674,1011,27,25650,2428,25200,41694,12,41696,15808,25,16100],"class_list":{"0":"post-277679","1":"post","2":"type-post","3":"status-publish","4":"format-standard","5":"has-post-thumbnail","7":"category-lyon","8":"tag-uvre-place-bellecour","9":"tag-2e-arrondissement-de-lyon","10":"tag-actu","11":"tag-actualites","12":"tag-auvergne-rhone-alpes","13":"tag-bellecour","14":"tag-eu","15":"tag-europe","16":"tag-fr","17":"tag-france","18":"tag-grgory-doucet","19":"tag-lyon","20":"tag-lyonnais","21":"tag-mairie-de-lyon","22":"tag-news","23":"tag-pierre-oliver","24":"tag-place-bellecour","25":"tag-republique-francaise","26":"tag-tissage-urbain"},"share_on_mastodon":{"url":"https:\/\/pubeurope.com\/@fr\/114926011274706562","error":""},"_links":{"self":[{"href":"https:\/\/www.europesays.com\/fr\/wp-json\/wp\/v2\/posts\/277679","targetHints":{"allow":["GET"]}}],"collection":[{"href":"https:\/\/www.europesays.com\/fr\/wp-json\/wp\/v2\/posts"}],"about":[{"href":"https:\/\/www.europesays.com\/fr\/wp-json\/wp\/v2\/types\/post"}],"author":[{"embeddable":true,"href":"https:\/\/www.europesays.com\/fr\/wp-json\/wp\/v2\/users\/2"}],"replies":[{"embeddable":true,"href":"https:\/\/www.europesays.com\/fr\/wp-json\/wp\/v2\/comments?post=277679"}],"version-history":[{"count":0,"href":"https:\/\/www.europesays.com\/fr\/wp-json\/wp\/v2\/posts\/277679\/revisions"}],"wp:featuredmedia":[{"embeddable":true,"href":"https:\/\/www.europesays.com\/fr\/wp-json\/wp\/v2\/media\/277678"}],"wp:attachment":[{"href":"https:\/\/www.europesays.com\/fr\/wp-json\/wp\/v2\/media?parent=277679"}],"wp:term":[{"taxonomy":"category","embeddable":true,"href":"https:\/\/www.europesays.com\/fr\/wp-json\/wp\/v2\/categories?post=277679"},{"taxonomy":"post_tag","embeddable":true,"href":"https:\/\/www.europesays.com\/fr\/wp-json\/wp\/v2\/tags?post=277679"}],"curies":[{"name":"wp","href":"https:\/\/api.w.org\/{rel}","templated":true}]}}