{"id":277680,"date":"2025-07-27T15:57:10","date_gmt":"2025-07-27T15:57:10","guid":{"rendered":"https:\/\/www.europesays.com\/fr\/277680\/"},"modified":"2025-07-27T15:57:10","modified_gmt":"2025-07-27T15:57:10","slug":"un-cycliste-amateur-enflamme-montmartre-en-grimpant-la-rue-lepic-plus-de-50-fois","status":"publish","type":"post","link":"https:\/\/www.europesays.com\/fr\/277680\/","title":{"rendered":"un cycliste amateur enflamme Montmartre en grimpant la rue Lepic plus de 50 fois"},"content":{"rendered":"<p>            Par<br \/>\n        <strong><br \/>\n            <a href=\"https:\/\/actu.fr\/auteur\/redaction-paris\" title=\"Consulter tous les articles de R\u00e9daction Paris\" target=\"_blank\" rel=\"noopener\">R\u00e9daction Paris<\/a><br \/>\n        <\/strong><\/p>\n<p>        Publi\u00e9 le<\/p>\n<p>            27 juil. 2025 \u00e0 16h12        <\/p>\n<p>On savait que la<a href=\"https:\/\/actu.fr\/societe\/tour-de-france-2025-montmartre-au-programme-decouvrez-le-parcours-de-la-derniere-etape_62810140.html\" target=\"_blank\" rel=\"noopener\"> derni\u00e8re \u00e9tape du Tour de France<\/a> 2025, plus pr\u00e9cis\u00e9ment le passage Butte Montmartre, dans le 18e arrondissement de<a href=\"https:\/\/actu.fr\/paris\/dernieres-actus\" target=\"_blank\" rel=\"noopener\"> Paris<\/a>, allait d\u00e9cha\u00eener les passions, \u00e0 l\u2019image de ce que l\u2019on a vu <a href=\"https:\/\/actu.fr\/ile-de-france\/paris_75056\/video-jo-2024-les-images-impressionnantes-des-fans-de-cyclisme-en-haut-de-la-butte-montmartre_61442830.html\" target=\"_blank\" rel=\"noopener\">l\u2019an pass\u00e9 lors des JO<\/a>. On n\u2019est d\u2019ores et d\u00e9j\u00e0 pas d\u00e9\u00e7us.<\/p>\n<p>Un fan-club et bient\u00f4t un virage \u00e0 son nom\u2009?<\/p>\n<p class=\" wall-content\">Avant l\u2019arriv\u00e9e des coureurs officiels ce dimanche 27\u00a0juillet en fin d\u2019apr\u00e8s-midi<a href=\"https:\/\/actu.fr\/ile-de-france\/paris_75056\/ca-va-reveiller-le-quartier-a-paris-la-butte-montmartre-impatiente-d-accueillir-le-tour-de-france_62486291.html\" target=\"_blank\" rel=\"noopener\"> rue Lepic<\/a>, un cycliste amateur y a cr\u00e9\u00e9 l\u2019exploit et forc\u00e9 l\u2019admiration des spectateurs post\u00e9s depuis de nombreuses heures de part et des barri\u00e8res de s\u00e9curit\u00e9.<\/p>\n<p class=\" wall-content\">Jean-Luc Almansa, 52\u00a0ans, inspecteur sant\u00e9 travail de son \u00e9tat, a gravi plus d\u2019une cinquantaine de fois la Butte. Parti peu apr\u00e8s 6\u00a0heures, le mordu du guidon a \u00e9t\u00e9 encourag\u00e9 \u00e0 chacun de ses allers-retours, comme en t\u00e9moignent les vid\u00e9os post\u00e9es sur le compte Instagram du fan-club qui a \u00e9t\u00e9 rapidement lanc\u00e9 en son honneur. Son nom\u2009: viragejeanluc.<\/p>\n<p class=\" wall-content\"><a href=\"https:\/\/www.instagram.com\/reel\/DMnHmShIDS2\/embed\" title=\"Ouvrir le lien sur Instagram\" target=\"_blank\" rel=\"noopener\">Visualiser le contenu sur Instagram<\/a><\/p>\n<p class=\" wall-content\"><a href=\"https:\/\/www.instagram.com\/reel\/DMnG7igIVJL\/embed\" title=\"Ouvrir le lien sur Instagram\" target=\"_blank\" rel=\"noopener\">Visualiser le contenu sur Instagram<\/a><\/p>\n<p class=\" wall-content\">Joint par <a href=\"https:\/\/www.leparisien.fr\/paris-75\/jen-ai-plein-les-pattes-lexploit-de-jean-luc-enflamme-montmartre-avant-larrivee-du-tour-27-07-2025-NPJTOXZ7JNGP5D2Y54IENMMYV4.php\" target=\"_blank\" rel=\"noopener\">Le Parisien<\/a>, cet habitant du 10e arrondissement est revenu sur sa folle aventure\u2009: \u00ab\u2009Forc\u00e9ment, je m\u2019attendais \u00e0 ce qu\u2019il y ait un peu d\u2019ambiance. M\u00eame quand je fais la rue Lepic en journ\u00e9e, j\u2019ai droit \u00e0 des encouragements de touristes. Mais \u00e0 ce point\u2026 Je ne pensais pas. C\u2019\u00e9tait vraiment impressionnant [\u2026] J\u2019en ai plein les pattes\u2009!\u2009\u00bb<\/p>\n<p class=\" wall-content\">Jean-Luc Almansa pourrait aujourd\u2019hui avoir un virage \u00e0 son pr\u00e9nom. En tout cas d\u00e9j\u00e0 sur Google Maps, son fan-club ayant fait la demande.\u00a0<\/p>\n<p class=\" wall-content\">Suivez toute l\u2019actualit\u00e9 de vos villes et m\u00e9dias favoris en vous inscrivant \u00e0 <a href=\"https:\/\/moncompte.actu.fr\" title=\"D\u00e9couvez Mon Actu\" rel=\"nofollow noopener\" data-trk=\"{&quot;cta&quot;:{&quot;action&quot;:&quot;https:\\\/\\\/moncompte.actu.fr&quot;,&quot;category&quot;:&quot;mon compte&quot;,&quot;from&quot;:&quot;article footer&quot;,&quot;name&quot;:&quot;Mon actu&quot;,&quot;type&quot;:&quot;cta&quot;}}\" target=\"_blank\">Mon Actu<\/a>.<\/p>\n<ul class=\"ac-article-tag wall-content\">\n<li><a href=\"https:\/\/actu.fr\/tag\/montmartre\" data-trk=\"{&quot;cta&quot;:{&quot;action&quot;:&quot;Montmartre&quot;,&quot;category&quot;:&quot;tag&quot;,&quot;from&quot;:&quot;article footer&quot;,&quot;name&quot;:&quot;Montmartre&quot;,&quot;type&quot;:&quot;cta&quot;}}\" target=\"_blank\" rel=\"noopener\">#Montmartre<\/a><\/li>\n<li><a href=\"https:\/\/actu.fr\/tag\/tour-de-france-2025\" data-trk=\"{&quot;cta&quot;:{&quot;action&quot;:&quot;Tour de France 2025&quot;,&quot;category&quot;:&quot;tag&quot;,&quot;from&quot;:&quot;article footer&quot;,&quot;name&quot;:&quot;Tour de France 2025&quot;,&quot;type&quot;:&quot;cta&quot;}}\" target=\"_blank\" rel=\"noopener\">#Tour de France 2025<\/a><\/li>\n<\/ul>\n<p>                    <script async src=\"\/\/www.instagram.com\/embed.js\"><\/script><\/p>\n","protected":false},"excerpt":{"rendered":"Par R\u00e9daction Paris Publi\u00e9 le 27 juil. 2025 \u00e0 16h12 On savait que la derni\u00e8re \u00e9tape du Tour&hellip;\n","protected":false},"author":2,"featured_media":277681,"comment_status":"","ping_status":"","sticky":false,"template":"","format":"standard","meta":{"footnotes":""},"categories":[1888],"tags":[1111,1928,11,1927,1777,674,1011,27,1757,7661,12,1926,626,1925,25,2116],"class_list":{"0":"post-277680","1":"post","2":"type-post","3":"status-publish","4":"format-standard","5":"has-post-thumbnail","7":"category-paris","8":"tag-actu","9":"tag-actu-paris","10":"tag-actualites","11":"tag-actualites-paris","12":"tag-eu","13":"tag-europe","14":"tag-fr","15":"tag-france","16":"tag-insolite","17":"tag-montmartre","18":"tag-news","19":"tag-news-paris","20":"tag-paris","21":"tag-paris-news","22":"tag-republique-francaise","23":"tag-tour-de-france-2025"},"share_on_mastodon":{"url":"https:\/\/pubeurope.com\/@fr\/114926023022491723","error":""},"_links":{"self":[{"href":"https:\/\/www.europesays.com\/fr\/wp-json\/wp\/v2\/posts\/277680","targetHints":{"allow":["GET"]}}],"collection":[{"href":"https:\/\/www.europesays.com\/fr\/wp-json\/wp\/v2\/posts"}],"about":[{"href":"https:\/\/www.europesays.com\/fr\/wp-json\/wp\/v2\/types\/post"}],"author":[{"embeddable":true,"href":"https:\/\/www.europesays.com\/fr\/wp-json\/wp\/v2\/users\/2"}],"replies":[{"embeddable":true,"href":"https:\/\/www.europesays.com\/fr\/wp-json\/wp\/v2\/comments?post=277680"}],"version-history":[{"count":0,"href":"https:\/\/www.europesays.com\/fr\/wp-json\/wp\/v2\/posts\/277680\/revisions"}],"wp:featuredmedia":[{"embeddable":true,"href":"https:\/\/www.europesays.com\/fr\/wp-json\/wp\/v2\/media\/277681"}],"wp:attachment":[{"href":"https:\/\/www.europesays.com\/fr\/wp-json\/wp\/v2\/media?parent=277680"}],"wp:term":[{"taxonomy":"category","embeddable":true,"href":"https:\/\/www.europesays.com\/fr\/wp-json\/wp\/v2\/categories?post=277680"},{"taxonomy":"post_tag","embeddable":true,"href":"https:\/\/www.europesays.com\/fr\/wp-json\/wp\/v2\/tags?post=277680"}],"curies":[{"name":"wp","href":"https:\/\/api.w.org\/{rel}","templated":true}]}}