{"id":277684,"date":"2025-07-27T15:59:09","date_gmt":"2025-07-27T15:59:09","guid":{"rendered":"https:\/\/www.europesays.com\/fr\/277684\/"},"modified":"2025-07-27T15:59:09","modified_gmt":"2025-07-27T15:59:09","slug":"ratp-et-sncf-les-perturbations-attendues-dans-les-transports-a-paris-et-en-ile-de-france-cette-semaine-13","status":"publish","type":"post","link":"https:\/\/www.europesays.com\/fr\/277684\/","title":{"rendered":"RATP et SNCF. Les perturbations attendues dans les transports \u00e0 Paris et en \u00cele-de-France cette semaine"},"content":{"rendered":"<p>            Par<br \/>\n        <strong><br \/>\n            <a href=\"https:\/\/actu.fr\/auteur\/antoine-grotteria02\" title=\"Consulter tous les articles de Antoine Grotteria\" target=\"_blank\" rel=\"noopener\">Antoine Grotteria<\/a><br \/>\n        <\/strong><\/p>\n<p>        Publi\u00e9 le<\/p>\n<p>            27 juil. 2025 \u00e0 17h02        <\/p>\n<p>Les <strong>transports<\/strong> pas \u00e0 bon port partout. Pour cette semaine du <strong>lundi 28 juillet au dimanche 3 ao\u00fbt 2025<\/strong>, les <a href=\"https:\/\/actu.fr\/tag\/transport\" target=\"_blank\" rel=\"noopener\">transports en commun<\/a> \u00e0 <a href=\"https:\/\/actu.fr\/paris\/\" target=\"_blank\" rel=\"noopener\">Paris<\/a> et en <a href=\"https:\/\/actu.fr\/ile-de-france\/\" target=\"_blank\" rel=\"noopener\">\u00cele-de-France<\/a> seront perturb\u00e9s en raison des travaux d\u2019\u00e9t\u00e9 orchestr\u00e9s par la <a href=\"https:\/\/actu.fr\/ile-de-france\/paris_75056\/sncf-incident-affectant-une-voie-a-paris-d-importants-retards-a-prevoir-sur-le-rer-d_62940198.html\" target=\"_blank\" rel=\"noopener\">SNCF<\/a> et la <a href=\"https:\/\/actu.fr\/tag\/ratp\" target=\"_blank\" rel=\"noopener\">RATP<\/a>. <a href=\"https:\/\/actu.fr\/tag\/metro\" target=\"_blank\" rel=\"noopener\">M\u00e9tro<\/a>, RER, Transilien\u2026 <a href=\"https:\/\/actu.fr\/paris\/\" target=\"_blank\" rel=\"noopener\">Actu Paris<\/a> fait le point sur les <strong>pr\u00e9visions<\/strong>.\u00a0<\/p>\n<p class=\" wall-content\"><strong>M\u00e9tro\u00a0<\/strong><\/p>\n<ul class=\" wall-content\">\n<li><strong>Ligne 3<\/strong> : jusqu\u2019au 3 ao\u00fbt, le trafic est interrompu entre Op\u00e9ra et Gallieni en raison de travaux. Bus entre R\u00e9publique et Gallieni.\u00a0<\/li>\n<li><strong>Ligne 6<\/strong> : jusqu\u2019au\u00a028 septembre,\u00a0l\u2019arr\u00eat n\u2019est pas desservi\u00a0\u00e0\u00a0Cambronne\u00a0en raison de\u00a0travaux de modernisation<\/li>\n<li><strong>Ligne 12<\/strong> : du 28 juillet au 7 ao\u00fbt, le trafic sera interrompu entre Montparnasse Bienvenue et Mairie d\u2019Issy en raison de travaux de modernisation. Bus de remplacement.\u00a0<\/li>\n<li><strong>Ligne 13<\/strong> : jusqu\u2019au 31 ao\u00fbt, les acc\u00e8s aux stations Gabriel P\u00e9ri et Pernety sont ferm\u00e9s en raison de travaux.\u00a0<\/li>\n<\/ul>\n<p class=\" wall-content\"><strong>RER\u00a0<\/strong><\/p>\n<ul class=\" wall-content\">\n<li><strong>RER B<\/strong> : en raison de travaux, la gare de Saint-Michel \u2013 Notre Dame sur le RER C, est ferm\u00e9e jusqu\u2019au 23 ao\u00fbt inclus. Jusqu\u2019au 31 juillet, du lundi au vendredi d\u00e8s 22h45, le trafic est interrompu entre Gare du Nord et A\u00e9roport Charles de Gaulle 2\u2013TGV et Mitry\u2013Claye en raison de travaux d\u2019entretien. Voyageurs du RER B, en raison de travaux jusqu\u2019au 27 ao\u00fbt inclus\u200b\u200b, trafic interrompu entre Massy\u2013Palaiseau et La Croix de Berny. Nous vous invitons \u00e0 reporter votre voyage autant que possible ou \u00e0 anticiper vos d\u00e9placements. Du 1er au 12 ao\u00fbt, en semaine, d\u00e8s 22h45, trafic interrompu entre Denfert-Rochereau et A\u00e9roport CDG2 et Mitry-Claye en raison de travaux.\u00a0<\/li>\n<li><strong>RER C<\/strong> : jusqu\u2019au 31 juillet, l\u2019arr\u00eat n\u2019est pas desservi \u00e0 Issy vers Massy\u2006\u2013\u2006Palaiseau, Saint-Martin d\u2019\u00c9tampes et Dourdan la For\u00eat en raison de mesures de s\u00e9curit\u00e9. En raison de travaux, la gare de Saint-Michel \u2013 Notre Dame sur le RER C, est ferm\u00e9e jusqu\u2019au 23 ao\u00fbt inclus. Vendredi 1er ao\u00fbt, le trafic est interrompu entre Paris Austerlitz \u2013 Montigny Beauchamp et Pontoise. Dimanche 3 ao\u00fbt, le trafic est interrompu entre Dourdan et Paris Austerlitz \u00e0 partir de 23h55. Jusqu\u2019au 22 ao\u00fbt, en semaine, le trafic est interrompu entre Dourdan et Paris Austerlitz \u00e0 partir de 23h55. Idem \u00e0 partir de 23 heures entre Paris Austerlitz et Juvisy via Choisy le Roi. Jusqu\u2019au vendredi 22 ao\u00fbt, le trafic est interrompu entre St-Quentin en Yvelines et Paris Austerlitz. Idem entre Massy-Palaiseau et Pont de Rungis.\u00a0<\/li>\n<li><strong>RER D<\/strong> : \u00a0du lundi 28 juillet au vendredi 1er ao\u00fbt, les gares entre Paris Gare de Lyon et Villeneuve S Georges ne sont pas desservies \u00e0 partir de minuit en raison de travaux. Bus mis en place. Jusqu\u2019au 14 ao\u00fbt, du lundi au vendredi \u00e0 partir de 23h20, le trafic est interrompu entre Gare du Nord et Creil en raison de travaux. Du lundi 28 juillet au vendredi 1er ao\u00fbt, le trafic est interrompu entre Paris Gare de Lyon et Villeneuve S Georges d\u00e8s minuit. Du lundi 28 juillet au vendredi 1er ao\u00fbt, le trafic est interrompu entre Villeneuve S Georges et Corbeil-Essonnes via Evry-Courcouronnes d\u00e8s 23h15 en raison de travaux. Bus en place. Du lundi 28 juillet au vendredi 01 ao\u00fbt, apr\u00e8s 23 heures, les trains ne marquent pas l\u2019arr\u00eat \u00e0 Maisons-Alfort, Vert de Maisons, Cr\u00e9teil Pompadour et Villeneuve-Triage dans les deux sens de circulations. Du lundi 28 juillet au vendredi 1er ao\u00fbt, de 9h30 \u00e0 16 heures, le trafic est all\u00e9g\u00e9 entre Combs-la-Ville \u2013 Quincy et Melun, seul un train sur deux en circulation. Vendredi 1er et samedi 2 ao\u00fbt, le trafic est interrompu entre Orry la Ville et Creil. Un service de bus de remplacement est mis en place. Motif : travaux sur le r\u00e9seau ferroviaire.<\/li>\n<li><strong>RER E<\/strong> : samedi 2 et dimanche 3 ao\u00fbt, le trafic est interrompu entre Nanterre-la-Folie et Chelles Gournay \u00e0 partir de 23h45. Du 28 juillet au 1er ao\u00fbt, 1 train sur 2 circule entre Nanterre-la-Folie et Villiers-sur-Marne. De 6h00 \u00e0 9h00, 1 train sur 2 circule de Tournan vers Nanterre-la-Folie. De 16h45 \u00e0 120h00, 1 train sur 2 circule de Nanterre-la-Folie vers Tournan. Motif : travaux sur le r\u00e9seau ferroviaire. Trafic interrompu du 28 juillet au dimanche 3 ao\u00fbt \u00e0 partir de 22h10 entre Nanterre-La-Folie et Tournan.\u00a0<\/li>\n<\/ul>\n<p class=\" wall-content\"><strong>Transilien\u00a0<\/strong><\/p>\n<ul class=\" wall-content\">\n<li><strong>Ligne H<\/strong> : samedi 2 et dimanche 3 ao\u00fbt, le trafic est interrompu entre Paris Gare du Nord et Sarcelles \u2013 Saint-Brice. Du lundi 28 juillet au vendredi 1er ao\u00fbt, de soir\u00e9e, le trafic est interrompu entre Paris Gare du Nord et Pontoise. Bus de remplacement Motif : travaux sur le r\u00e9seau ferroviaire. M\u00eame chose entre Paris Gare du Nord et Luzarches et entre Paris Gare du Nord et Persan \u2013 Beaumont via Valmondois.\u00a0<\/li>\n<li><strong>Ligne J<\/strong> : jusqu\u2019au 8 ao\u00fbt, du lundi au vendredi d\u00e8s 21h40, le trafic est interrompu entre Gare Saint-Lazare et Mantes-la-Jolie via Poissy. Bus de remplacement. Jusqu\u2019au 8 ao\u00fbt, du lundi au vendredi d\u00e8s 21h15, le trafic est interrompu entre Mantes-la-Jolie et Issou \u2013 Porcheville vers Vernon \u2013 Giverny et Gare Saint-Lazare. Bus de remplacement.<\/li>\n<li><strong>Ligne K<\/strong> : du lundi 19 mai au vendredi 19 d\u00e9cembre en soir\u00e9e. Le trafic est interrompu entre Paris Gare du Nord et Cr\u00e9py-en-Valois.\u00a0<\/li>\n<li><strong>Ligne L<\/strong> : \u00e0 partir de 21h10, du lundi 28 au mercredi 30 juillet, le trafic est interrompu entre Saint-Cloud et Saint-Nom la Bret\u00e8che. Jeudi 31 juillet, le trafic est interrompu entre Paris Saint-Lazare et La D\u00e9fense. Du vendredi 1er au lundi 4 ao\u00fbt le trafic est interrompu entre Paris Saint-Lazare et La D\u00e9fense de prise de service jusqu\u2019\u00e0 06h30 et 10h00 et de 16h30 jusqu\u2019\u00e0 20h00 Motif : travaux. M\u00eame chose entre La D\u00e9fense et La Garennne Colombes.\u00a0<\/li>\n<li><strong>Ligne N<\/strong> : du lundi 28 juillet au vendredi 1er ao\u00fbt, le trafic est interrompu de Paris Montparnasse vers Rambouillet \u00e0 partir de 0h35. Du lundi 28 au vendredi 1er ao\u00fbt, le trafic est interrompu de Paris Montparnasse vers Mantes-la-Jolie \u00e0 partir de 21 heures. Le trafic est interrompu entre Paris Montparnasse et Dreux aux m\u00eames dates \u00e0 partir de 22 heures.\u00a0<\/li>\n<li><strong>Ligne P<\/strong> : samedi 2 et dimanche 3 ao\u00fbt, le trafic est interrompu entre Paris Est et Provins \u00e0 partir de 21h45. Tous les jours \u00e0 partir de 21h30, du lundi 21 juillet au dimanche 17 ao\u00fbt, le trafic est interrompu entre Paris Est et Coulommiers. Toute la journ\u00e9e. Du mardi 15 juillet au vendredi 8 ao\u00fbt, e trafic est interrompu entre Meaux et La Fert\u00e9-Milon. Samedi 2 ao\u00fbt, le trafic est interrompu entre Paris Est et Meaux \u00e0 partir de 22h50. Du lundi 28 juillet au vendredi 1er ao\u00fbt, le trafic est interrompu entre Paris Est et Meaux. Jusqu\u2019au 1er ao\u00fbt, du lundi au vendredi d\u00e8s 22 heures, le trafic est interrompu entre Ch\u00e2teau-Thierry et Gare de l\u2019Est. Bus de remplacement. Du lundi 28 juillet au vendredi 1er ao\u00fbt, le trafic est interrompu entre Paris Est et Provins \u00e0 partir de 20h45.\u00a0<\/li>\n<li><strong>Ligne R<\/strong> : du 28 juillet au 1er ao\u00fbt, le trafic est interrompu entre Melun et Montereau via H\u00e9ricy de 10h25 \u00e0 15h30.\u00a0<\/li>\n<\/ul>\n<p class=\" wall-content\"><strong>Tramway<\/strong><\/p>\n<ul class=\" wall-content\">\n<li><strong>T1<\/strong> : le trafic est interrompu entre Asni\u00e8res \u2013 Quatre Routes et Gare de Saint-Denis et perturb\u00e9 sur le reste de la ligne en raison d\u2019une d\u00e9gradation par un tiers \u00e0 L\u2019\u00cele-Saint-Denis. Pas de reprise pr\u00e9vue jusqu\u2019\u00e0 nouvel ordre.<\/li>\n<li><strong>T2\u2009<\/strong>: jusqu\u2019au 2 novembre 2025, le trafic est interrompu entre Porte de Versailles et Suzanne Lenglen en raison d\u2019importants travaux de modernisation.<br \/>Pour rejoindre la Porte de Versailles, depuis Suzanne Lenglen, rejoindre \u00e0 pied la station Balard du T3a.<\/li>\n<\/ul>\n<p class=\" wall-content\">Suivez toute l\u2019actualit\u00e9 de vos villes et m\u00e9dias favoris en vous inscrivant \u00e0 <a href=\"https:\/\/moncompte.actu.fr\" title=\"D\u00e9couvez Mon Actu\" rel=\"nofollow noopener\" data-trk=\"{&quot;cta&quot;:{&quot;action&quot;:&quot;https:\\\/\\\/moncompte.actu.fr&quot;,&quot;category&quot;:&quot;mon compte&quot;,&quot;from&quot;:&quot;article footer&quot;,&quot;name&quot;:&quot;Mon actu&quot;,&quot;type&quot;:&quot;cta&quot;}}\" target=\"_blank\">Mon Actu<\/a>.<\/p>\n","protected":false},"excerpt":{"rendered":"Par Antoine Grotteria Publi\u00e9 le 27 juil. 2025 \u00e0 17h02 Les transports pas \u00e0 bon port partout. Pour&hellip;\n","protected":false},"author":2,"featured_media":277685,"comment_status":"","ping_status":"","sticky":false,"template":"","format":"standard","meta":{"footnotes":""},"categories":[1888],"tags":[11,1777,674,1011,27,12,626,625,25,2215,104,2803],"class_list":{"0":"post-277684","1":"post","2":"type-post","3":"status-publish","4":"format-standard","5":"has-post-thumbnail","7":"category-paris","8":"tag-actualites","9":"tag-eu","10":"tag-europe","11":"tag-fr","12":"tag-france","13":"tag-news","14":"tag-paris","15":"tag-ratp","16":"tag-republique-francaise","17":"tag-sncf","18":"tag-societe","19":"tag-transport"},"share_on_mastodon":{"url":"https:\/\/pubeurope.com\/@fr\/114926030900017661","error":""},"_links":{"self":[{"href":"https:\/\/www.europesays.com\/fr\/wp-json\/wp\/v2\/posts\/277684","targetHints":{"allow":["GET"]}}],"collection":[{"href":"https:\/\/www.europesays.com\/fr\/wp-json\/wp\/v2\/posts"}],"about":[{"href":"https:\/\/www.europesays.com\/fr\/wp-json\/wp\/v2\/types\/post"}],"author":[{"embeddable":true,"href":"https:\/\/www.europesays.com\/fr\/wp-json\/wp\/v2\/users\/2"}],"replies":[{"embeddable":true,"href":"https:\/\/www.europesays.com\/fr\/wp-json\/wp\/v2\/comments?post=277684"}],"version-history":[{"count":0,"href":"https:\/\/www.europesays.com\/fr\/wp-json\/wp\/v2\/posts\/277684\/revisions"}],"wp:featuredmedia":[{"embeddable":true,"href":"https:\/\/www.europesays.com\/fr\/wp-json\/wp\/v2\/media\/277685"}],"wp:attachment":[{"href":"https:\/\/www.europesays.com\/fr\/wp-json\/wp\/v2\/media?parent=277684"}],"wp:term":[{"taxonomy":"category","embeddable":true,"href":"https:\/\/www.europesays.com\/fr\/wp-json\/wp\/v2\/categories?post=277684"},{"taxonomy":"post_tag","embeddable":true,"href":"https:\/\/www.europesays.com\/fr\/wp-json\/wp\/v2\/tags?post=277684"}],"curies":[{"name":"wp","href":"https:\/\/api.w.org\/{rel}","templated":true}]}}