{"id":277688,"date":"2025-07-27T16:01:10","date_gmt":"2025-07-27T16:01:10","guid":{"rendered":"https:\/\/www.europesays.com\/fr\/277688\/"},"modified":"2025-07-27T16:01:10","modified_gmt":"2025-07-27T16:01:10","slug":"loi-controversee-en-ukraine-macron-et-zelensky-reaffirment-limportance-de-la-lutte-contre-la-corruption","status":"publish","type":"post","link":"https:\/\/www.europesays.com\/fr\/277688\/","title":{"rendered":"Loi controvers\u00e9e en Ukraine\u00a0: Macron et Zelensky r\u00e9affirment \u00ab\u00a0l\u2019importance de la lutte contre la corruption\u00a0\u00bb"},"content":{"rendered":"<p>Cette semaine, Volodymyr Zelensky avait provoqu\u00e9 un toll\u00e9 avec une loi supprimant de fait l\u2019ind\u00e9pendance de deux organismes anticorruption en les pla\u00e7ant sous l\u2019autorit\u00e9 directe du procureur g\u00e9n\u00e9ral, subordonn\u00e9 \u00e0 l\u2019ex\u00e9cutif ukrainien.<\/p>\n<p>Le pr\u00e9sident ukrainien avait tr\u00e8s rapidement promulgu\u00e9 le texte apr\u00e8s son vote, mardi, par le Parlement, avant de r\u00e9trop\u00e9daler deux jours plus tard.<\/p>\n<p>\u00ab Nous avons partag\u00e9 la conviction que ce qui distingue aussi, aujourd\u2019hui, l\u2019Ukraine de la Russie, c\u2019est qu\u2019elle reste, malgr\u00e9 la guerre, une d\u00e9mocratie vibrante &#8211; et qu\u2019elle entend continuer \u00e0 progresser sur son chemin europ\u00e9en. Dans ce contexte, nous avons r\u00e9affirm\u00e9 l\u2019importance de la lutte contre la corruption, port\u00e9e par des institutions ind\u00e9pendantes et pleinement efficaces \u00bb, a d\u00e9clar\u00e9, ce dimanche 27 juillet 2025, le pr\u00e9sident fran\u00e7ais Emmanuel Macron, sur X.<\/p>\n<blockquote class=\"twitter-tweet\">\n<p lang=\"en\" dir=\"ltr\">I spoke with President <a href=\"https:\/\/twitter.com\/ZelenskyyUa?ref_src=twsrc%5Etfw\" target=\"_blank\" rel=\"noopener\">@ZelenskyyUa<\/a>.<\/p>\n<p>I reiterated France\u2019s support: we will continue to strengthen our assistance to Ukraine and increase pressure on Russia, which must finally agree to a ceasefire that paves the way for talks\u2026<\/p>\n<p>\u2014 Emmanuel Macron (@EmmanuelMacron) <a href=\"https:\/\/twitter.com\/EmmanuelMacron\/status\/1949451128396988484?ref_src=twsrc%5Etfw\" target=\"_blank\" rel=\"noopener\">July 27, 2025<\/a><\/p><\/blockquote>\n<p>Kiev \u00ab peut compter sur notre soutien \u00bb, ajoute von der Leyen<\/p>\n<p>\u00ab J\u2019ai r\u00e9it\u00e9r\u00e9 le soutien de la France : nous continuerons de renforcer l\u2019aide \u00e0 l\u2019Ukraine et d\u2019accentuer la pression sur la Russie. Celle-ci doit enfin agr\u00e9er un cessez-le-feu ouvrant la voie \u00e0 <a href=\"https:\/\/www.letelegramme.fr\/monde\/guerre-ukraine-russie\/russes-et-ukrainiens-saccordent-sur-un-echange-de-prisonniers-lukraine-propose-une-rencontre-poutine-zelensky-6860627.php\" target=\"_blank\" rel=\"noopener\">des discussions pour une paix solide et durable<\/a>, avec la participation des Europ\u00e9ens \u00bb, a-t-il \u00e9galement \u00e9crit.<\/p>\n<p><a href=\"https:\/\/www.letelegramme.fr\/monde\/guerre-ukraine-russie\/\" target=\"_blank\" rel=\"noopener\">Toute l\u2019actualit\u00e9 de la guerre en Ukraine<\/a><\/p>\n<p>De son c\u00f4t\u00e9, la pr\u00e9sidente de la Commission europ\u00e9enne, Ursula von der Leyen &#8211; qui avait demand\u00e9 des \u00ab explications \u00bb \u00e0 Volodymyr Zelensky apr\u00e8s sa promulgation de la loi contest\u00e9e &#8211; a estim\u00e9, sur X, que l\u2019Ukraine doit \u00ab pr\u00e9server les organes ind\u00e9pendants de lutte contre la corruption, qui sont des pierres angulaires de l\u2019\u00c9tat de droit \u00bb. Kiev \u00ab peut compter sur notre soutien pour progresser sur son chemin europ\u00e9en, \u00bb a-t-elle ajout\u00e9.<\/p>\n<blockquote class=\"twitter-tweet\">\n<p lang=\"en\" dir=\"ltr\">Good conversation with <a href=\"https:\/\/twitter.com\/ZelenskyyUa?ref_src=twsrc%5Etfw\" target=\"_blank\" rel=\"noopener\">@ZelenskyyUa<\/a>.<\/p>\n<p>Ukraine has already achieved a lot on its European path.<\/p>\n<p>It must build on these solid foundations and preserve independent anti-corruption bodies, which are cornerstones of Ukraine\u2019s rule of law.<\/p>\n<p>Ukraine can count on our support to deliver\u2026<\/p>\n<p>\u2014 Ursula von der Leyen (@vonderleyen) <a href=\"https:\/\/twitter.com\/vonderleyen\/status\/1949462542738137423?ref_src=twsrc%5Etfw\" target=\"_blank\" rel=\"noopener\">July 27, 2025<\/a><\/p><\/blockquote>\n<p>R\u00e9trop\u00e9dalage<\/p>\n<p>Selon des groupes issus de la soci\u00e9t\u00e9 civile ukrainienne, le texte vot\u00e9 par le Parlement s\u2019inscrit dans un contexte de pressions gouvernementales croissantes sur les acteurs de la lutte anticorruption, dans ce pays fortement affect\u00e9 par ce fl\u00e9au.<\/p>\n<p>Les partenaires de l\u2019Ukraine, dont l\u2019Union europ\u00e9enne, ont donc rapidement manifest\u00e9 leurs pr\u00e9occupations.<\/p>\n<p>Face \u00e0 la controverse, alors que la loi a suscit\u00e9 de vives critiques au sein de la soci\u00e9t\u00e9 civile ukrainienne, Volodymyr Zelensky a finalement annonc\u00e9, jeudi, qu\u2019il proposait un nouveau projet de loi pour assurer de nouveau l\u2019\u00ab ind\u00e9pendance \u00bb des structures anticorruption ukrainiennes face au pouvoir. Une mesure cette fois salu\u00e9e par Bruxelles.<\/p>\n<p><script async src=\"https:\/\/platform.twitter.com\/widgets.js\" charset=\"utf-8\"><\/script><\/p>\n","protected":false},"excerpt":{"rendered":"Cette semaine, Volodymyr Zelensky avait provoqu\u00e9 un toll\u00e9 avec une loi supprimant de fait l\u2019ind\u00e9pendance de deux organismes&hellip;\n","protected":false},"author":2,"featured_media":277689,"comment_status":"","ping_status":"","sticky":false,"template":"","format":"standard","meta":{"footnotes":""},"categories":[1591],"tags":[11,1770,1073,765,1887,131,2069,74,12,1885,1886,132,2544,134],"class_list":{"0":"post-277688","1":"post","2":"type-post","3":"status-publish","4":"format-standard","5":"has-post-thumbnail","7":"category-russie","8":"tag-actualites","9":"tag-corruption","10":"tag-emmanuel-macron","11":"tag-en-continu","12":"tag-federation-de-russie","13":"tag-guerre-en-ukraine","14":"tag-guerre-ukraine-russie","15":"tag-monde","16":"tag-news","17":"tag-russia","18":"tag-russian-federation","19":"tag-russie","20":"tag-ursula-von-der-leyen","21":"tag-volodymyr-zelensky"},"share_on_mastodon":{"url":"https:\/\/pubeurope.com\/@fr\/114926038777620541","error":""},"_links":{"self":[{"href":"https:\/\/www.europesays.com\/fr\/wp-json\/wp\/v2\/posts\/277688","targetHints":{"allow":["GET"]}}],"collection":[{"href":"https:\/\/www.europesays.com\/fr\/wp-json\/wp\/v2\/posts"}],"about":[{"href":"https:\/\/www.europesays.com\/fr\/wp-json\/wp\/v2\/types\/post"}],"author":[{"embeddable":true,"href":"https:\/\/www.europesays.com\/fr\/wp-json\/wp\/v2\/users\/2"}],"replies":[{"embeddable":true,"href":"https:\/\/www.europesays.com\/fr\/wp-json\/wp\/v2\/comments?post=277688"}],"version-history":[{"count":0,"href":"https:\/\/www.europesays.com\/fr\/wp-json\/wp\/v2\/posts\/277688\/revisions"}],"wp:featuredmedia":[{"embeddable":true,"href":"https:\/\/www.europesays.com\/fr\/wp-json\/wp\/v2\/media\/277689"}],"wp:attachment":[{"href":"https:\/\/www.europesays.com\/fr\/wp-json\/wp\/v2\/media?parent=277688"}],"wp:term":[{"taxonomy":"category","embeddable":true,"href":"https:\/\/www.europesays.com\/fr\/wp-json\/wp\/v2\/categories?post=277688"},{"taxonomy":"post_tag","embeddable":true,"href":"https:\/\/www.europesays.com\/fr\/wp-json\/wp\/v2\/tags?post=277688"}],"curies":[{"name":"wp","href":"https:\/\/api.w.org\/{rel}","templated":true}]}}