{"id":277690,"date":"2025-07-27T16:02:12","date_gmt":"2025-07-27T16:02:12","guid":{"rendered":"https:\/\/www.europesays.com\/fr\/277690\/"},"modified":"2025-07-27T16:02:12","modified_gmt":"2025-07-27T16:02:12","slug":"guerre-en-ukraine-la-chine-fournit-massivement-la-russie-affirme-lambassadrice-americaine-dorothy-shea","status":"publish","type":"post","link":"https:\/\/www.europesays.com\/fr\/277690\/","title":{"rendered":"Guerre en Ukraine : \u00ab\u00a0La Chine fournit massivement la Russie\u00a0\u00bb, affirme l&rsquo;ambassadrice am\u00e9ricaine Dorothy Shea"},"content":{"rendered":"<ul class=\"jsx-862013697 ArticleChapo__List\">\n<li class=\"jsx-862013697 ArticleChapo__List_Item flex\">Le r\u00f4le de la Chine est mis en cause par les \u00c9tats-Unis dans la guerre en Ukraine.<\/li>\n<li class=\"jsx-862013697 ArticleChapo__List_Item flex\">Le secr\u00e9taire d&rsquo;\u00c9tat des \u00c9tats-Unis, Marco Rubio, a accus\u00e9 P\u00e9kin de soutenir les efforts militaires de Moscou.<\/li>\n<li class=\"jsx-862013697 ArticleChapo__List_Item flex\">L&rsquo;ambassadrice am\u00e9ricaine Dorothy Shea affirme que les drones et autres \u00e9quipements contiennent de nombreux composants fabriqu\u00e9s en Chine.<\/li>\n<\/ul>\n<p data-module=\"article-paragraph\" class=\"jsx-3046738180 Paragraph\">La Chine est dans le viseur des \u00c9tats-Unis. Washington, par le biais de son secr\u00e9taire d&rsquo;\u00c9tat des \u00c9tats-Unis, <a href=\"https:\/\/www.tf1info.fr\/international\/il-mene-les-discussions-russo-americaines-marco-rubio-ennemi-jure-de-donald-trump-devenu-son-chef-de-la-diplomatie-2351510.html\" target=\"_blank\" rel=\"noopener\">Marco Rubio<\/a> a reconnu dans une interview accord\u00e9e \u00e0 <a href=\"https:\/\/www.foxnews.com\/video\/6376184833112\" rel=\"nofollow noopener\" target=\"_blank\">Fox News<\/a> le r\u00f4le croissant de la Chine dans la prolongation de la guerre, accusant P\u00e9kin de soutenir l&rsquo;\u00e9conomie et les efforts militaires de Moscou. \u00ab\u00a0La Chine fournit \u00e0 la Russie toute l&rsquo;aide qu&rsquo;elle peut sans se faire prendre\u00a0\u00bb, a-t-il d\u00e9clar\u00e9.\u00a0<\/p>\n<p data-module=\"article-paragraph\" class=\"jsx-3046738180 Paragraph Paragraph__End\">L&rsquo;ambassadrice am\u00e9ricaine aux Nations Unies, \u00a0Dorothy Shea, a \u00e9galement critiqu\u00e9 la position de P\u00e9kin dans le conflit : \u00ab\u00a0La Chine fournit massivement la Russie. L&rsquo;affirmation de P\u00e9kin selon laquelle la Chine a mis en place des contr\u00f4les stricts \u00e0 l&rsquo;exportation des biens \u00e0 double usage s&rsquo;effondre face \u00e0 la d\u00e9couverte quotidienne de composants fabriqu\u00e9s en Chine, dans les drones, les armes et les v\u00e9hicules utilis\u00e9s par la Russie contre l&rsquo;Ukraine.\u00a0\u00bb<\/p>\n<p><a href=\"https:\/\/www.tf1info.fr\/international\/video-lci-chine-russie-et-iran-fonctionnent-avec-des-logiques-imperiales-analyse-le-specialiste-emmanuel-veron-2382412.html\" rel=\"noopener\" class=\"jsx-3308031228 Link flex\" target=\"_blank\"><img decoding=\"async\" src=\"https:\/\/www.europesays.com\/fr\/wp-content\/uploads\/2025\/07\/la-chine-la-russie-et-l-iran-fonctionnent-avec-des-logiques-imperiales-analyse-emmanuel-veron-specia.jpeg\" alt=\"Capture d'\u00e9cran LCI\" loading=\"lazy\" importance=\"low\" fetchpriority=\"low\" class=\"\" aria-hidden=\"true\"\/><\/p>\n<p class=\"jsx-3657663356 ReadMoreArticle__Title\">Lire aussi<\/p>\n<p class=\"jsx-3657663356\">Chine, Russie et Iran \u00ab\u00a0fonctionnent avec des logiques imp\u00e9riales\u00a0\u00bb, analyse le sp\u00e9cialiste Emmanuel V\u00e9ron<\/p>\n<p><\/a><\/p>\n<p data-module=\"article-paragraph\" class=\"jsx-3046738180 Paragraph Paragraph__End\">Lors du d\u00e9fil\u00e9 du 9 mai \u00e0 Moscou, le pr\u00e9sident chinois, Xi Jinping avait affirm\u00e9 que la Russie \u00e9tait un alli\u00e9 essentiel. \u00ab\u00a0Les Am\u00e9ricains avaient fait passer le message qu&rsquo;il y aurait des repr\u00e9sailles conventionnelles absolument terribles, mais la Chine aussi avait fait passer le message que c&rsquo;\u00e9tait hors de question. Donc, ils ne sont pas tout \u00e0 fait align\u00e9s l&rsquo;un sur l&rsquo;autre\u00a0\u00bb, r\u00e9sume Marc Semo, journaliste sp\u00e9cialis\u00e9 dans les questions internationales sur LCI.<\/p>\n<p>Raphael BAZILE<\/p>\n","protected":false},"excerpt":{"rendered":"Le r\u00f4le de la Chine est mis en cause par les \u00c9tats-Unis dans la guerre en Ukraine. Le&hellip;\n","protected":false},"author":2,"featured_media":277691,"comment_status":"","ping_status":"","sticky":false,"template":"","format":"standard","meta":{"footnotes":""},"categories":[1590],"tags":[1111,11,1921,309,73,1777,674,28083,1922,12,132,220,133,1920,7084],"class_list":{"0":"post-277690","1":"post","2":"type-post","3":"status-publish","4":"format-standard","5":"has-post-thumbnail","7":"category-ukraine","8":"tag-actu","9":"tag-actualites","10":"tag-article-video","11":"tag-chine","12":"tag-etats-unis","13":"tag-eu","14":"tag-europe","15":"tag-guerre-en-ukraine-une-treve-sera-t-elle-possible","16":"tag-info","17":"tag-news","18":"tag-russie","19":"tag-ukraine","20":"tag-video","21":"tag-video-international","22":"tag-xi-jinping"},"share_on_mastodon":{"url":"https:\/\/pubeurope.com\/@fr\/114926042727764651","error":""},"_links":{"self":[{"href":"https:\/\/www.europesays.com\/fr\/wp-json\/wp\/v2\/posts\/277690","targetHints":{"allow":["GET"]}}],"collection":[{"href":"https:\/\/www.europesays.com\/fr\/wp-json\/wp\/v2\/posts"}],"about":[{"href":"https:\/\/www.europesays.com\/fr\/wp-json\/wp\/v2\/types\/post"}],"author":[{"embeddable":true,"href":"https:\/\/www.europesays.com\/fr\/wp-json\/wp\/v2\/users\/2"}],"replies":[{"embeddable":true,"href":"https:\/\/www.europesays.com\/fr\/wp-json\/wp\/v2\/comments?post=277690"}],"version-history":[{"count":0,"href":"https:\/\/www.europesays.com\/fr\/wp-json\/wp\/v2\/posts\/277690\/revisions"}],"wp:featuredmedia":[{"embeddable":true,"href":"https:\/\/www.europesays.com\/fr\/wp-json\/wp\/v2\/media\/277691"}],"wp:attachment":[{"href":"https:\/\/www.europesays.com\/fr\/wp-json\/wp\/v2\/media?parent=277690"}],"wp:term":[{"taxonomy":"category","embeddable":true,"href":"https:\/\/www.europesays.com\/fr\/wp-json\/wp\/v2\/categories?post=277690"},{"taxonomy":"post_tag","embeddable":true,"href":"https:\/\/www.europesays.com\/fr\/wp-json\/wp\/v2\/tags?post=277690"}],"curies":[{"name":"wp","href":"https:\/\/api.w.org\/{rel}","templated":true}]}}